{"id":458526,"date":"2025-10-12T23:26:14","date_gmt":"2025-10-12T23:26:14","guid":{"rendered":"https:\/\/www.europesays.com\/fr\/458526\/"},"modified":"2025-10-12T23:26:14","modified_gmt":"2025-10-12T23:26:14","slug":"grau-alu-signe-une-veranda-dexception-pour-lhotel-litteraire-stendhal-de-nancy","status":"publish","type":"post","link":"https:\/\/www.europesays.com\/fr\/458526\/","title":{"rendered":"Grau Alu signe une v\u00e9randa d\u2019exception pour l\u2019h\u00f4tel Litt\u00e9raire Stendhal de Nancy"},"content":{"rendered":"<p>Depuis avril 2025, Grau Alu vous accueille dans son nouveau showroom de Laxou. Plus qu\u2019un espace d\u2019exposition, ce lieu est un point de rencontre entre expertise et inspiration. Particuliers comme professionnels y d\u00e9couvrent l\u2019univers des v\u00e9randas, pergolas, abris voiture ou protections solaires\u2026 con\u00e7us sur mesure par une \u00e9quipe de sp\u00e9cialistes form\u00e9s en interne. Pas de sous-traitance, pas de compromis, chaque r\u00e9alisation na\u00eet de la pr\u00e9cision industrielle et de la souplesse artisanale.<\/p>\n<p>Ce savoir-faire s\u2019illustre magnifiquement \u00e0 Nancy, \u00e0 deux pas de la place Stanislas. L\u2019h\u00f4tel Litt\u00e9raire Stendhal (56 place Monseigneur-Ruch), install\u00e9 dans l\u2019ancien h\u00f4tel des Pr\u00e9lats, a confi\u00e9 \u00e0 Grau Alu la m\u00e9tamorphose de son jardin d\u2019hiver.<br \/>D\u00e9sormais, les clients prennent leur petit-d\u00e9jeuner sous une verri\u00e8re lumineuse, o\u00f9 le charme de l\u2019ancien dialogue avec la modernit\u00e9. Profil\u00e9s \u00e0 rupture de pont thermique, vitrages \u00e0 isolation renforc\u00e9e, la technique s\u2019efface pour mieux servir l\u2019esth\u00e9tique.<\/p>\n<p>Le bureau d\u2019\u00e9tudes a dessin\u00e9, les ateliers Grau Alu ont fa\u00e7onn\u00e9 et chaque d\u00e9tail a \u00e9t\u00e9 affin\u00e9 pour cr\u00e9er une pi\u00e8ce de vie \u00e0 part enti\u00e8re, agr\u00e9able en toute saison et parfaitement int\u00e9gr\u00e9e \u00e0 l\u2019histoire du lieu.<\/p>\n<p>Avec cette r\u00e9alisation, Grau Alu affirme sa signature : cr\u00e9er des espaces uniques, o\u00f9 la lumi\u00e8re devient mati\u00e8re et o\u00f9 chaque projet raconte une histoire.<\/p>\n<p>A vous maintenant d\u2019\u00e9crire la v\u00f4tre.<\/p>\n<p>Apr\u00e8s avoir savour\u00e9 un caf\u00e9 sous cette verri\u00e8re remarquable de l\u2019h\u00f4tel Litt\u00e9raire Stendhal, laissez-vous inspirer par l\u2019univers Grau Alu. Des extensions de vie uniques, fa\u00e7onn\u00e9s sur mesure avec expertise et pr\u00e9cision, sign\u00e9s d\u2019un savoir-faire lorrain reconnu. <\/p>\n<p>Ce contenu est bloqu\u00e9 car vous n&rsquo;avez pas accept\u00e9 les cookies et autres traceurs.<\/p>\n<p>En cliquant sur \u00ab J\u2019accepte \u00bb, les cookies et autres traceurs seront d\u00e9pos\u00e9s et vous pourrez visualiser les contenus  (<a href=\"\" class=\"consentModule_policy\" target=\"_blank\" title=\"Consulter la politique de protection des donn\u00e9es du fournisseur\">plus d&rsquo;informations<\/a>).<\/p>\n<p>En cliquant sur \u00ab J\u2019accepte tous les cookies \u00bb, vous autorisez des d\u00e9p\u00f4ts de cookies et autres traceurs pour le stockage de vos donn\u00e9es sur nos sites et applications \u00e0 des fins de personnalisation et de ciblage publicitaire.<\/p>\n<p class=\"consentModule_secondaryText\">Vous gardez la possibilit\u00e9 de retirer votre consentement \u00e0 tout moment en consultant notre <a href=\"https:\/\/www.estrepublicain.fr\/protection-des-donnees\" target=\"_blank\" title=\"Consulter notre politique de protection des donn\u00e9es\" rel=\"noopener\">politique de protection des donn\u00e9es<\/a>. <br \/>&#13;<br \/>\n            <a href=\"https:\/\/www.estrepublicain.fr\/paroles-de-partenaires\/2025\/10\/13\/javascript:Didomi.notice.show()\" class=\"consentModule_cmp\" target=\"_blank\" rel=\"noopener\">G\u00e9rer mes choix<\/a>&#13;\n        <\/p>\n<p>&#13;<br \/>\n                        J&rsquo;accepte&#13;<br \/>\n            J&rsquo;accepte tous les cookies&#13;\n        <\/p>\n","protected":false},"excerpt":{"rendered":"Depuis avril 2025, Grau Alu vous accueille dans son nouveau showroom de Laxou. Plus qu\u2019un espace d\u2019exposition, ce&hellip;\n","protected":false},"author":2,"featured_media":458527,"comment_status":"","ping_status":"","sticky":false,"template":"","format":"standard","meta":{"footnotes":""},"categories":[9635],"tags":[1111,11,7884,1777,674,1011,27,775,1702,12,25],"class_list":{"0":"post-458526","1":"post","2":"type-post","3":"status-publish","4":"format-standard","5":"has-post-thumbnail","7":"category-nancy","8":"tag-actu","9":"tag-actualites","10":"tag-articles-partenaires","11":"tag-eu","12":"tag-europe","13":"tag-fr","14":"tag-france","15":"tag-grand-est","16":"tag-nancy","17":"tag-news","18":"tag-republique-francaise"},"share_on_mastodon":{"url":"https:\/\/pubeurope.com\/@fr\/115363786406586906","error":""},"_links":{"self":[{"href":"https:\/\/www.europesays.com\/fr\/wp-json\/wp\/v2\/posts\/458526","targetHints":{"allow":["GET"]}}],"collection":[{"href":"https:\/\/www.europesays.com\/fr\/wp-json\/wp\/v2\/posts"}],"about":[{"href":"https:\/\/www.europesays.com\/fr\/wp-json\/wp\/v2\/types\/post"}],"author":[{"embeddable":true,"href":"https:\/\/www.europesays.com\/fr\/wp-json\/wp\/v2\/users\/2"}],"replies":[{"embeddable":true,"href":"https:\/\/www.europesays.com\/fr\/wp-json\/wp\/v2\/comments?post=458526"}],"version-history":[{"count":0,"href":"https:\/\/www.europesays.com\/fr\/wp-json\/wp\/v2\/posts\/458526\/revisions"}],"wp:featuredmedia":[{"embeddable":true,"href":"https:\/\/www.europesays.com\/fr\/wp-json\/wp\/v2\/media\/458527"}],"wp:attachment":[{"href":"https:\/\/www.europesays.com\/fr\/wp-json\/wp\/v2\/media?parent=458526"}],"wp:term":[{"taxonomy":"category","embeddable":true,"href":"https:\/\/www.europesays.com\/fr\/wp-json\/wp\/v2\/categories?post=458526"},{"taxonomy":"post_tag","embeddable":true,"href":"https:\/\/www.europesays.com\/fr\/wp-json\/wp\/v2\/tags?post=458526"}],"curies":[{"name":"wp","href":"https:\/\/api.w.org\/{rel}","templated":true}]}}