{"id":458540,"date":"2025-10-12T23:36:59","date_gmt":"2025-10-12T23:36:59","guid":{"rendered":"https:\/\/www.europesays.com\/fr\/458540\/"},"modified":"2025-10-12T23:36:59","modified_gmt":"2025-10-12T23:36:59","slug":"les-etoiles-du-cirque-de-pekin-a-grenoble-2027","status":"publish","type":"post","link":"https:\/\/www.europesays.com\/fr\/458540\/","title":{"rendered":"Les \u00c9toiles du Cirque de P\u00e9kin \u00e0 Grenoble 2027"},"content":{"rendered":"<p class=\"intro\">Les \u00c9toiles du Cirque de P\u00e9kin investissent la sc\u00e8ne du Summum de Grenoble le dimanche 24 janvier 2027 \u00e0 15h avec leur nouveau spectacle Odyss\u00e9e. Cette production flamboyante du Cirque Ph\u00e9nix promet de r\u00e9inventer les arts acrobatiques chinois mill\u00e9naires dans une mise en sc\u00e8ne totalement repens\u00e9e. Les virtuoses de cette troupe d&rsquo;\u00e9lite d\u00e9ploieront leur talent exceptionnel dans un univers urbain et universel, sublim\u00e9 par des d\u00e9cors spectaculaires et des musiques \u00e9lectris\u00e9es. Les billets sont disponibles d\u00e8s maintenant pour ce rendez-vous circassien exceptionnel en Is\u00e8re.<\/p>\n<p>Grenoble accueille les acrobates chinois au Summum pour un spectacle r\u00e9volutionnaire<\/p>\n<p>Le <strong>Cirque Ph\u00e9nix<\/strong> et <strong>Alain M. Pacherie<\/strong> revisitent l&rsquo;art acrobatique chinois avec Odyss\u00e9e, une cr\u00e9ation audacieuse qui fait dialoguer tradition mill\u00e9naire et modernit\u00e9. Ce spectacle des <strong>\u00c9toiles du Cirque de P\u00e9kin au Summum<\/strong> propose une exp\u00e9rience immersive o\u00f9 costumes \u00e9clatants et num\u00e9ros repoussant toutes les limites s&rsquo;entrem\u00ealent dans une chor\u00e9graphie saisissante.<\/p>\n<p><img decoding=\"async\" loading=\"lazy\" src=\"https:\/\/www.europesays.com\/fr\/wp-content\/uploads\/2025\/10\/les-etoiles-du-cirque-tickets_451994_3641260_222x222.jpg\" alt=\"Les Etoiles du Cirque de P\u00e9kin - Odyss\u00e9e - Tourn\u00e9e\" class=\"border\"\/><\/p>\n<p>D\u00e8s l&rsquo;ouverture, un tableau de neuf minutes rend hommage \u00e0 l&rsquo;une des <strong>pop stars les plus iconiques<\/strong> de la plan\u00e8te \u00e0 travers une adaptation acrobatique spectaculaire. Cette production s&rsquo;adresse \u00e0 tous les publics, des familles aux passionn\u00e9s de culture, transformant m\u00eame les plus sceptiques en v\u00e9ritables amateurs de cet art r\u00e9invent\u00e9. D\u00e9couvrez d&rsquo;autres <a href=\"https:\/\/www.jds.fr\/grenoble\/agenda\/sorties-culturelles-spectacles-expositions-cinema-470_B\" rel=\"nofollow noopener\" target=\"_blank\">spectacles culturels \u00e0 Grenoble<\/a> pour enrichir votre agenda artistique dans l&rsquo;Is\u00e8re.<\/p>\n<p>Billetterie pour Les \u00c9toiles du Cirque de P\u00e9kin au Summum<\/p>\n<p><a class=\"btn btn-lg shadow-lg btn-primary rounded-pill fnac_link\" data-fnac=\"in_article\" href=\"https:\/\/www.awin1.com\/pclick.php?p=42761666141&amp;a=634278&amp;m=12494&amp;clickref=in_article-A-desktop\" target=\"_blank\" rel=\"nofollow noopener\"> Acheter des billets<\/a><\/p>\n<p>Au Summum de Grenoble, les places pour ce spectacle exceptionnel sont propos\u00e9es entre <strong>40\u00a0\u20ac et 69,50\u00a0\u20ac<\/strong>. Face \u00e0 la popularit\u00e9 croissante de cette troupe d&rsquo;acrobates chinois d&rsquo;\u00e9lite, il est vivement conseill\u00e9 de r\u00e9server rapidement vos billets pour ne pas manquer cette repr\u00e9sentation unique. Les prix attractifs et la qualit\u00e9 reconnue de ces artistes m\u00e9daill\u00e9s olympiques garantissent un rapport qualit\u00e9-spectacle exceptionnel. N&rsquo;h\u00e9sitez pas \u00e0 acheter vos places d\u00e8s maintenant pour s\u00e9curiser votre pr\u00e9sence \u00e0 cet \u00e9v\u00e9nement marquant.<\/p>\n<p>Pour d\u00e9couvrir toutes les dates de cette tourn\u00e9e exceptionnelle, consultez la programmation compl\u00e8te des <a href=\"https:\/\/www.jds.fr\/artistes\/les-etoiles-du-cirque-de-pekin-3117_N\" rel=\"nofollow noopener\" target=\"_blank\">spectacles des \u00c9toiles du Cirque de P\u00e9kin<\/a> dans toute la France.<\/p>\n<p>L&rsquo;excellence acrobatique au service de l&rsquo;art circassien<\/p>\n<p>Les <strong>\u00c9toiles du Cirque de P\u00e9kin<\/strong> r\u00e9unissent des acrobates chinois d&rsquo;\u00e9lite, s\u00e9lectionn\u00e9s parmi les talents les plus prodigieux du pays. Cette formation exceptionnelle compte de nombreux <strong>anciens athl\u00e8tes de haut niveau<\/strong> qui ont op\u00e9r\u00e9 une reconversion vers les arts de la piste, apportant une dimension technique incomparable \u00e0 leurs performances.<\/p>\n<p>Leur style artistique se caract\u00e9rise par une fusion innovante entre disciplines sportives et acrobatiques, cr\u00e9ant un spectacle o\u00f9 la performance athl\u00e9tique rencontre l&rsquo;art circassien. Ces artistes <strong>m\u00e9daill\u00e9s olympiques<\/strong> transportent le public dans un univers po\u00e9tique o\u00f9 excellence technique et dimension artistique s&rsquo;harmonisent parfaitement. Ils se produisent \u00e9galement dans d&rsquo;autres villes comme <a href=\"https:\/\/www.jds.fr\/annecy\/spectacles\/les-etoiles-du-cirque-de-pekin-odyssee-tournee-1211859_A\" rel=\"nofollow noopener\" target=\"_blank\">Les \u00c9toiles du Cirque de P\u00e9kin \u00e0 Annecy<\/a> lors de cette tourn\u00e9e nationale.<\/p>\n<p>Comment se rendre au Summum de Grenoble\u00a0?<\/p>\n<p>Pour rejoindre le <a href=\"https:\/\/www.jds.fr\/grenoble\/salle-de-concert-et-de-spectacle\/summum-17263_L\" rel=\"nofollow noopener\" target=\"_blank\">Summum de Grenoble<\/a>, plusieurs options s&rsquo;offrent aux spectateurs. En voiture, depuis Lyon, empruntez l&rsquo;<strong>autoroute A48<\/strong> puis la Rocade Sud direction Chamb\u00e9ry, sortie 6 Alpexpo. Depuis Chamb\u00e9ry, prenez l&rsquo;A41 puis la Rocade Sud direction Lyon, m\u00eame sortie. Le venue b\u00e9n\u00e9ficie d&rsquo;un <strong>stationnement gratuit<\/strong> avec 480 places directement devant la salle et 2600 places au total sur le site d&rsquo;Alpexpo.<\/p>\n<p>Les transports en commun grenoblois desservent parfaitement le lieu avec la <strong>ligne A du tramway<\/strong> (arr\u00eat\u00a0\u00ab\u00a0P\u00f4le Sud\/Alpexpo\u00a0\u00bb), les lignes de bus Chrono C3, C6 et 12. La salle dispose \u00e9galement d&rsquo;un <strong>acc\u00e8s PMR<\/strong> avec stationnement r\u00e9serv\u00e9 et \u00e9quipements adapt\u00e9s. Le personnel form\u00e9 assure un accueil de qualit\u00e9 pour tous les publics.<\/p>\n<p class=\"mise_en_avant\">Notre conseil\u00a0: privil\u00e9giez la voiture pour profiter du stationnement gratuit abondant et de la flexibilit\u00e9 d&rsquo;horaires pour ce spectacle dominical.<\/p>\n<p>Apr\u00e8s ce spectacle exceptionnel, ne manquez pas un autre rendez-vous artistique au m\u00eame lieu avec <a href=\"https:\/\/www.jds.fr\/grenoble\/spectacles\/humour\/marine-leonardi-mauvaise-graine-tournee-842828_A\" rel=\"nofollow noopener\" target=\"_blank\">Marine Leonardi et son spectacle Mauvaise Graine au Summum<\/a> pour prolonger vos sorties culturelles grenobloises.<\/p>\n<p class=\"font-size-30 fw-bold lh-1 mt-0 mb-4\">Je trouve les meilleures sorties dans ma ville<\/p>\n","protected":false},"excerpt":{"rendered":"Les \u00c9toiles du Cirque de P\u00e9kin investissent la sc\u00e8ne du Summum de Grenoble le dimanche 24 janvier 2027&hellip;\n","protected":false},"author":2,"featured_media":458541,"comment_status":"","ping_status":"","sticky":false,"template":"","format":"standard","meta":{"footnotes":""},"categories":[9566],"tags":[1111,11,2430,1777,674,1011,27,2731,12,25],"class_list":{"0":"post-458540","1":"post","2":"type-post","3":"status-publish","4":"format-standard","5":"has-post-thumbnail","7":"category-grenoble","8":"tag-actu","9":"tag-actualites","10":"tag-auvergne-rhone-alpes","11":"tag-eu","12":"tag-europe","13":"tag-fr","14":"tag-france","15":"tag-grenoble","16":"tag-news","17":"tag-republique-francaise"},"share_on_mastodon":{"url":"https:\/\/pubeurope.com\/@fr\/115363830316104104","error":""},"_links":{"self":[{"href":"https:\/\/www.europesays.com\/fr\/wp-json\/wp\/v2\/posts\/458540","targetHints":{"allow":["GET"]}}],"collection":[{"href":"https:\/\/www.europesays.com\/fr\/wp-json\/wp\/v2\/posts"}],"about":[{"href":"https:\/\/www.europesays.com\/fr\/wp-json\/wp\/v2\/types\/post"}],"author":[{"embeddable":true,"href":"https:\/\/www.europesays.com\/fr\/wp-json\/wp\/v2\/users\/2"}],"replies":[{"embeddable":true,"href":"https:\/\/www.europesays.com\/fr\/wp-json\/wp\/v2\/comments?post=458540"}],"version-history":[{"count":0,"href":"https:\/\/www.europesays.com\/fr\/wp-json\/wp\/v2\/posts\/458540\/revisions"}],"wp:featuredmedia":[{"embeddable":true,"href":"https:\/\/www.europesays.com\/fr\/wp-json\/wp\/v2\/media\/458541"}],"wp:attachment":[{"href":"https:\/\/www.europesays.com\/fr\/wp-json\/wp\/v2\/media?parent=458540"}],"wp:term":[{"taxonomy":"category","embeddable":true,"href":"https:\/\/www.europesays.com\/fr\/wp-json\/wp\/v2\/categories?post=458540"},{"taxonomy":"post_tag","embeddable":true,"href":"https:\/\/www.europesays.com\/fr\/wp-json\/wp\/v2\/tags?post=458540"}],"curies":[{"name":"wp","href":"https:\/\/api.w.org\/{rel}","templated":true}]}}