{"id":458544,"date":"2025-10-12T23:39:12","date_gmt":"2025-10-12T23:39:12","guid":{"rendered":"https:\/\/www.europesays.com\/fr\/458544\/"},"modified":"2025-10-12T23:39:12","modified_gmt":"2025-10-12T23:39:12","slug":"previsions-du-lundi-13-octobre-2025-3","status":"publish","type":"post","link":"https:\/\/www.europesays.com\/fr\/458544\/","title":{"rendered":"pr\u00e9visions du lundi 13 octobre 2025"},"content":{"rendered":"<p class=\"mb-4 text-lg md:leading-8 break-words\"><strong>M\u00e9t\u00e9o &#8211; C&rsquo;est un soleil splendide qui va briller aujourd&rsquo;hui. Les temp\u00e9ratures seront de 14\u00b0C le matin et de 21\u00b0C l&rsquo;apr\u00e8s-midi&#8230;<\/strong><\/p>\n<p class=\"mb-4 text-lg md:leading-8 break-words\">Un magnifique soleil va briller sur Rennes et ce, tout au long de la journ\u00e9e. Les temp\u00e9ratures tourneront autour des 16\u00b0C. Un vent de nord-est soufflera l\u00e9g\u00e8rement. Une m\u00e9t\u00e9o plus chaude est pr\u00e9vue l&rsquo;apr\u00e8s-midi puisque le mercure va enregistrer une hausse. Les temp\u00e9ratures seront de 19\u00b0C au plus bas et de 22\u00b0C au maximum. On annonce une embellie pour cette soir\u00e9e. Les valeurs avoisineront les 15\u00b0C. On s&rsquo;attend \u00e0 une nuit claire entre lundi et mardi.<\/p>\n<p class=\"mb-4 text-lg md:leading-8 break-words\">Un beau soleil est pr\u00e9vu demain \u00e0 Rennes. On anticipe des temp\u00e9ratures d&rsquo;environ 16\u00b0C. Un vent de nord-est rafra\u00eechira sensiblement l&rsquo;atmosph\u00e8re. Les temp\u00e9ratures vont conna\u00eetre une augmentation de plusieurs degr\u00e9s lors de l&rsquo;apr\u00e8s-midi. Les maximales atteindront les 21\u00b0C et les minimales seront de 17\u00b0C. Le ciel va s&rsquo;\u00e9claircir au cours de la soir\u00e9e. Il fera en moyenne 13\u00b0C.<\/p>\n<p class=\"mb-4 text-lg md:leading-8 break-words\">Pour les prochains jours, le temps ne bougera pas. Il fera 14\u00b0C en moyenne pour des journ\u00e9es avec une m\u00e9t\u00e9o ensoleill\u00e9e.<\/p>\n<p class=\"mb-4 text-lg md:leading-8 break-words\"><a href=\"https:\/\/www.20minutes.fr\/planete\/previsions-meteo\/4178785-20251013-meteo-rennes-previsions-lundi-13-octobre-2025?at_medium=RSS%20feed&amp;at_campaign=ynews&amp;utm_source=yahoo&amp;utm_medium=rss&amp;utm_campaign=news_feed&amp;utm_content=read_more_link&quot;\" rel=\"nofollow noopener\" target=\"_blank\" data-ylk=\"slk:Lire la suite sur 20minutes;elm:context_link;itc:0;sec:content-canvas\" class=\"link \">Lire la suite sur 20minutes<\/a><\/p>\n","protected":false},"excerpt":{"rendered":"M\u00e9t\u00e9o &#8211; C&rsquo;est un soleil splendide qui va briller aujourd&rsquo;hui. Les temp\u00e9ratures seront de 14\u00b0C le matin et&hellip;\n","protected":false},"author":2,"featured_media":458545,"comment_status":"","ping_status":"","sticky":false,"template":"","format":"standard","meta":{"footnotes":""},"categories":[2821],"tags":[1111,11,829,1777,674,1011,27,2487,12,584,25],"class_list":{"0":"post-458544","1":"post","2":"type-post","3":"status-publish","4":"format-standard","5":"has-post-thumbnail","7":"category-rennes","8":"tag-actu","9":"tag-actualites","10":"tag-bretagne","11":"tag-eu","12":"tag-europe","13":"tag-fr","14":"tag-france","15":"tag-meteo","16":"tag-news","17":"tag-rennes","18":"tag-republique-francaise"},"share_on_mastodon":{"url":"https:\/\/pubeurope.com\/@fr\/115363837641127308","error":""},"_links":{"self":[{"href":"https:\/\/www.europesays.com\/fr\/wp-json\/wp\/v2\/posts\/458544","targetHints":{"allow":["GET"]}}],"collection":[{"href":"https:\/\/www.europesays.com\/fr\/wp-json\/wp\/v2\/posts"}],"about":[{"href":"https:\/\/www.europesays.com\/fr\/wp-json\/wp\/v2\/types\/post"}],"author":[{"embeddable":true,"href":"https:\/\/www.europesays.com\/fr\/wp-json\/wp\/v2\/users\/2"}],"replies":[{"embeddable":true,"href":"https:\/\/www.europesays.com\/fr\/wp-json\/wp\/v2\/comments?post=458544"}],"version-history":[{"count":0,"href":"https:\/\/www.europesays.com\/fr\/wp-json\/wp\/v2\/posts\/458544\/revisions"}],"wp:featuredmedia":[{"embeddable":true,"href":"https:\/\/www.europesays.com\/fr\/wp-json\/wp\/v2\/media\/458545"}],"wp:attachment":[{"href":"https:\/\/www.europesays.com\/fr\/wp-json\/wp\/v2\/media?parent=458544"}],"wp:term":[{"taxonomy":"category","embeddable":true,"href":"https:\/\/www.europesays.com\/fr\/wp-json\/wp\/v2\/categories?post=458544"},{"taxonomy":"post_tag","embeddable":true,"href":"https:\/\/www.europesays.com\/fr\/wp-json\/wp\/v2\/tags?post=458544"}],"curies":[{"name":"wp","href":"https:\/\/api.w.org\/{rel}","templated":true}]}}