{"id":458566,"date":"2025-10-12T23:52:35","date_gmt":"2025-10-12T23:52:35","guid":{"rendered":"https:\/\/www.europesays.com\/fr\/458566\/"},"modified":"2025-10-12T23:52:35","modified_gmt":"2025-10-12T23:52:35","slug":"marseille-la-consommation-de-cette-drogue-du-pauvre-explose-des-trafiquants-condamnes","status":"publish","type":"post","link":"https:\/\/www.europesays.com\/fr\/458566\/","title":{"rendered":"Marseille. La consommation de cette \u00ab\u00a0drogue du pauvre\u00a0\u00bb explose, des trafiquants condamn\u00e9s"},"content":{"rendered":"<p>            Par<br \/>\n        <strong><br \/>\n            <a href=\"https:\/\/actu.fr\/auteur\/redaction-marseille\" title=\"Consulter tous les articles de R\u00e9daction Marseille\" target=\"_blank\" rel=\"noopener\">R\u00e9daction Marseille<\/a><br \/>\n        <\/strong><\/p>\n<p>        Publi\u00e9 le<\/p>\n<p>            9 oct. 2025 \u00e0 6h33        <\/p>\n<p>C\u2019est un m\u00e9dicament anti\u00e9pileptique <strong>dont l\u2019usage a \u00e9t\u00e9 d\u00e9tourn\u00e9<\/strong> et dont la consommation a litt\u00e9ralement explos\u00e9. Le tribunal correctionnel de <a href=\"https:\/\/actu.fr\/marseille\/\" target=\"_blank\" rel=\"noopener\">Marseille<\/a> (<a href=\"https:\/\/actu.fr\/provence-alpes-cote-d-azur\/bouches-du-rhone_13\" target=\"_blank\" rel=\"noopener\">Bouches-du-Rh\u00f4ne<\/a>) a prononc\u00e9 ce mercredi 8\u00a0octobre des peines de prison dans une affaire de trafic de pr\u00e9gabaline, surnomm\u00e9e la \u00ab\u2009drogue du pauvre\u2009\u00bb, entre la Gr\u00e8ce et la France.<\/p>\n<p>Plus de 300000 g\u00e9lules en un an et demi<\/p>\n<p class=\" wall-content\">Les six condamnations, assorties de sursis, vont <strong>de 18\u00a0mois \u00e0 trois ans de prison.<\/strong> Sur les quatre pr\u00e9venus en d\u00e9tention provisoire, tous primo-d\u00e9linquants, trois pourront \u00eatre imm\u00e9diatement rel\u00e2ch\u00e9s, leur peine \u00e9tant couverte par leur d\u00e9tention provisoire. Deux condamn\u00e9s en d\u00e9tention \u00e9copent aussi de cinq ans d\u2019interdiction sur le territoire fran\u00e7ais.<\/p>\n<p class=\" wall-content\">Avec <strong>des mules qui prenaient l\u2019avion<\/strong> et <strong>des colis envoy\u00e9s par la poste<\/strong> entre la Gr\u00e8ce et Marseille, ce \u00ab\u2009r\u00e9seau international\u2009\u00bb est accus\u00e9 d\u2019avoir fait entrer en France, au moins entre octobre\u00a02022 et avril\u00a02024, plus de 300000 g\u00e9lules d\u2019une valeur de plus de 600000 euros.<\/p>\n<p>Une grosse prise \u00e0 l\u2019a\u00e9roport de Marignane<\/p>\n<p class=\" wall-content\">L\u2019affaire illustre l\u2019augmentation ces derni\u00e8res ann\u00e9es de la consommation d\u2019opio\u00efdes et le m\u00e9susage de m\u00e9dicaments. La pr\u00e9gabaline, <strong>utilis\u00e9e aussi pour soigner les troubles de l\u2019anxi\u00e9t\u00e9,<\/strong> est de plus en plus populaire dans les milieux les plus pr\u00e9caires.<\/p>\n<p class=\" wall-content\">L\u2019existence du r\u00e9seau a \u00e9t\u00e9 d\u00e9tect\u00e9e \u00e0 l\u2019automne 2023 quand un contr\u00f4le douanier \u00e0 l\u2019a\u00e9roport de Marignane permet de retrouver plus de 10000 g\u00e9lules dans les valises d\u2019<strong>une assistante radiologue fra\u00eechement d\u00e9barqu\u00e9e de Gr\u00e8ce.<\/strong><\/p>\n<p class=\" wall-content\">L\u2019enqu\u00eate permettra d\u2019\u00e9tablir que cette jeune femme a pris l\u2019avion pr\u00e8s de vingt fois pour venir en France. Mais les g\u00e9lules \u00e9taient aussi achemin\u00e9es via des colis, envoy\u00e9s par la poste ou DHL.<\/p>\n<p>Une \u00ab\u2009augmentation importante des cas d\u2019addiction\u2009\u00bb<\/p>\n<p class=\" wall-content\">En 2021, l\u2019Agence nationale de s\u00e9curit\u00e9 du m\u00e9dicament (ANSM) avait durci en France les conditions de prescription de la pr\u00e9gabaline, confirmant une \u00ab\u2009augmentation importante des cas d\u2019addiction\u2009\u00bb coupl\u00e9e \u00e0 une \u00ab\u2009augmentation du m\u00e9susage\u2009\u00bb \u2013 \u00ab\u2009essentiellement <strong>\u00e0 vis\u00e9e de d\u00e9fonce\/euphorie,<\/strong> dans un contexte de polyconsommation de substances psychoactives\u2009\u00bb.<\/p>\n<p>Votre r\u00e9gion, votre actu !<\/p>\n<p>Recevez chaque jour les infos qui comptent pour vous.<\/p>\n<p>\t<a href=\"https:\/\/actu.fr\/newsletter\" class=\"ac-btn ac-btn--corner ac-btn--medium ac-btn--blue800\" target=\"_blank\" rel=\"noopener\">S&rsquo;incrire<\/a><\/p>\n<p class=\" wall-content\">\u00ab\u2009Les personnes sont majoritairement des hommes jeunes (27\u00a0ans en moyenne) dont des mineurs en situation de pr\u00e9carit\u00e9, et <strong>parfois en d\u00e9tention ou centres de r\u00e9tention administrative<\/strong>\u2009\u00bb, avertit l\u2019ANSM.<\/p>\n<p>Des pr\u00e9venus Alg\u00e9riens, qui vivent dans la pauvret\u00e9<\/p>\n<p class=\" wall-content\">Six pr\u00e9venus \u00e9taient poursuivis. L\u2019un, en fuite, a \u00e9t\u00e9 jug\u00e9 en son absence. La passeuse grecque, se trouve en Gr\u00e8ce sous contr\u00f4le judiciaire. Les avocats de la d\u00e9fense ont bross\u00e9 <strong>un univers de mis\u00e8re<\/strong> dans lequel survivent les autres, tous Alg\u00e9riens.<\/p>\n<p class=\" wall-content\">L\u2019un d\u2019eux, qui fait des petits travaux de plomberie et vivait dans un squat, dont la compagne a \u00e9t\u00e9 secr\u00e9taire dans une cr\u00e8che, a d\u2019abord pris le m\u00e9dicament pour des troubles d\u2019anxi\u00e9t\u00e9. Avant de <strong>plonger dans la d\u00e9pendance.<\/strong><\/p>\n<p class=\" wall-content\">Un autre, coiffeur le week-end quand il ne travaillait pas dans un snack, a assur\u00e9 qu\u2019il n\u2019avait pas de quoi payer son loyer et vendait les m\u00e9dicaments sur des march\u00e9s ou au caf\u00e9.<\/p>\n<p>\u00ab\u2009Des petites mains\u2009\u00bb<\/p>\n<p class=\" wall-content\">\u00ab\u2009Ce sont des gens qui sont dans la pr\u00e9carit\u00e9, qui consomment \u2018la drogue du pauvre\u2019 parce qu\u2019elle est accessible financi\u00e8rement. Ce sont des petites mains, qui s\u2019inscrivent par ailleurs dans <strong>quelque chose de beaucoup plus important et de beaucoup plus international<\/strong>\u2009\u00bb, a indiqu\u00e9 Me Bruce Blanc, qui repr\u00e9sentait un des pr\u00e9venus.<\/p>\n<p class=\" wall-content\">Apr\u00e8s le jugement qui ouvre la voie \u00e0 des lib\u00e9rations, Me Maximilien Neymon, un autre avocat, a salu\u00e9 une \u00ab\u2009justice humaine\u2009\u00bb, qui \u00ab\u2009prend le temps d\u2019\u00e9couter les d\u00e9fenses.\u2009\u00bb<\/p>\n<p class=\" wall-content\"><strong>Avec AFP<\/strong><\/p>\n<p class=\" wall-content\">Personnalisez votre actualit\u00e9 en ajoutant vos villes et m\u00e9dias en favori avec <a href=\"https:\/\/moncompte.actu.fr\" title=\"D\u00e9couvez Mon Actu\" rel=\"nofollow noopener\" data-trk=\"{&quot;cta&quot;:{&quot;action&quot;:&quot;https:\\\/\\\/moncompte.actu.fr&quot;,&quot;category&quot;:&quot;mon compte&quot;,&quot;from&quot;:&quot;article footer&quot;,&quot;name&quot;:&quot;Mon actu&quot;,&quot;type&quot;:&quot;cta&quot;}}\" target=\"_blank\">Mon Actu<\/a>.<\/p>\n","protected":false},"excerpt":{"rendered":"Par R\u00e9daction Marseille Publi\u00e9 le 9 oct. 2025 \u00e0 6h33 C\u2019est un m\u00e9dicament anti\u00e9pileptique dont l\u2019usage a \u00e9t\u00e9&hellip;\n","protected":false},"author":2,"featured_media":458567,"comment_status":"","ping_status":"","sticky":false,"template":"","format":"standard","meta":{"footnotes":""},"categories":[2814],"tags":[1111,11,1052,1777,674,118,1011,27,303,884,12,882,25],"class_list":{"0":"post-458566","1":"post","2":"type-post","3":"status-publish","4":"format-standard","5":"has-post-thumbnail","7":"category-marseille","8":"tag-actu","9":"tag-actualites","10":"tag-drogue","11":"tag-eu","12":"tag-europe","13":"tag-faits-divers","14":"tag-fr","15":"tag-france","16":"tag-justice","17":"tag-marseille","18":"tag-news","19":"tag-provence-alpes-cote-dazur","20":"tag-republique-francaise"},"share_on_mastodon":{"url":"https:\/\/pubeurope.com\/@fr\/115363888770975980","error":""},"_links":{"self":[{"href":"https:\/\/www.europesays.com\/fr\/wp-json\/wp\/v2\/posts\/458566","targetHints":{"allow":["GET"]}}],"collection":[{"href":"https:\/\/www.europesays.com\/fr\/wp-json\/wp\/v2\/posts"}],"about":[{"href":"https:\/\/www.europesays.com\/fr\/wp-json\/wp\/v2\/types\/post"}],"author":[{"embeddable":true,"href":"https:\/\/www.europesays.com\/fr\/wp-json\/wp\/v2\/users\/2"}],"replies":[{"embeddable":true,"href":"https:\/\/www.europesays.com\/fr\/wp-json\/wp\/v2\/comments?post=458566"}],"version-history":[{"count":0,"href":"https:\/\/www.europesays.com\/fr\/wp-json\/wp\/v2\/posts\/458566\/revisions"}],"wp:featuredmedia":[{"embeddable":true,"href":"https:\/\/www.europesays.com\/fr\/wp-json\/wp\/v2\/media\/458567"}],"wp:attachment":[{"href":"https:\/\/www.europesays.com\/fr\/wp-json\/wp\/v2\/media?parent=458566"}],"wp:term":[{"taxonomy":"category","embeddable":true,"href":"https:\/\/www.europesays.com\/fr\/wp-json\/wp\/v2\/categories?post=458566"},{"taxonomy":"post_tag","embeddable":true,"href":"https:\/\/www.europesays.com\/fr\/wp-json\/wp\/v2\/tags?post=458566"}],"curies":[{"name":"wp","href":"https:\/\/api.w.org\/{rel}","templated":true}]}}