{"id":458572,"date":"2025-10-12T23:55:12","date_gmt":"2025-10-12T23:55:12","guid":{"rendered":"https:\/\/www.europesays.com\/fr\/458572\/"},"modified":"2025-10-12T23:55:12","modified_gmt":"2025-10-12T23:55:12","slug":"previsions-du-lundi-13-octobre-2025-10","status":"publish","type":"post","link":"https:\/\/www.europesays.com\/fr\/458572\/","title":{"rendered":"pr\u00e9visions du lundi 13 octobre 2025"},"content":{"rendered":"<p>\u00c0 Lyon, les temp\u00e9ratures s&rsquo;\u00e9chelonneront entre 9\u00b0C et 20\u00b0C dans la journ\u00e9e. Un vent de nord-ouest rafra\u00eechira l\u00e9g\u00e8rement l&rsquo;atmosph\u00e8re. Le ciel va quelque peu se d\u00e9gager dans la matin\u00e9e avec des \u00e9claircies. Un bel ensoleillement est pr\u00e9vu l&rsquo;apr\u00e8s-midi. Un temps plus chaud est \u00e0 pr\u00e9voir puisque le mercure va enregistrer une l\u00e9g\u00e8re hausse. Les maximales pourront atteindre 20\u00b0C tandis que les minimales seront de 15\u00b0C. Apr\u00e8s un court passage nuageux, on pr\u00e9voit des \u00e9claircies pour cette soir\u00e9e. On anticipe des valeurs d&rsquo;environ 13\u00b0C. C&rsquo;est un ciel d\u00e9pourvu de nuages que conna\u00eetra la nuit de lundi \u00e0 mardi.<\/p>\n<p>Une chute des temp\u00e9ratures est pr\u00e9vue \u00e0 Lyon, demain. Les valeurs seront comprises entre 9 et 19\u00b0C. La ville aura quelques \u00e9claircies le matin. Une l\u00e9g\u00e8re brise de nord-est soufflera. Cet apr\u00e8s-midi sera synonyme de grand soleil. Les temp\u00e9ratures vont monter de plusieurs degr\u00e9s. Les valeurs s&rsquo;\u00e9chelonneront de 15 \u00e0 19\u00b0C. Apr\u00e8s un bref passage nuageux, des \u00e9claircies sont attendues : on passera une soir\u00e9e cl\u00e9mente. Un vent de nord-ouest soufflera l\u00e9g\u00e8rement.<\/p>\n<p>Pour les jours \u00e0 venir, la m\u00e9t\u00e9o ne bougera pas. Pr\u00e9voyez 14\u00b0C en moyenne qui accompagneront des journ\u00e9es ensoleill\u00e9es.<\/p>\n<p><\/p>\n","protected":false},"excerpt":{"rendered":"\u00c0 Lyon, les temp\u00e9ratures s&rsquo;\u00e9chelonneront entre 9\u00b0C et 20\u00b0C dans la journ\u00e9e. Un vent de nord-ouest rafra\u00eechira l\u00e9g\u00e8rement&hellip;\n","protected":false},"author":2,"featured_media":458573,"comment_status":"","ping_status":"","sticky":false,"template":"","format":"standard","meta":{"footnotes":""},"categories":[1889],"tags":[1111,11,2430,1777,674,1011,27,2428,12,2119,25],"class_list":{"0":"post-458572","1":"post","2":"type-post","3":"status-publish","4":"format-standard","5":"has-post-thumbnail","7":"category-lyon","8":"tag-actu","9":"tag-actualites","10":"tag-auvergne-rhone-alpes","11":"tag-eu","12":"tag-europe","13":"tag-fr","14":"tag-france","15":"tag-lyon","16":"tag-news","17":"tag-previsions-meteo","18":"tag-republique-francaise"},"share_on_mastodon":{"url":"https:\/\/pubeurope.com\/@fr\/115363900634064509","error":""},"_links":{"self":[{"href":"https:\/\/www.europesays.com\/fr\/wp-json\/wp\/v2\/posts\/458572","targetHints":{"allow":["GET"]}}],"collection":[{"href":"https:\/\/www.europesays.com\/fr\/wp-json\/wp\/v2\/posts"}],"about":[{"href":"https:\/\/www.europesays.com\/fr\/wp-json\/wp\/v2\/types\/post"}],"author":[{"embeddable":true,"href":"https:\/\/www.europesays.com\/fr\/wp-json\/wp\/v2\/users\/2"}],"replies":[{"embeddable":true,"href":"https:\/\/www.europesays.com\/fr\/wp-json\/wp\/v2\/comments?post=458572"}],"version-history":[{"count":0,"href":"https:\/\/www.europesays.com\/fr\/wp-json\/wp\/v2\/posts\/458572\/revisions"}],"wp:featuredmedia":[{"embeddable":true,"href":"https:\/\/www.europesays.com\/fr\/wp-json\/wp\/v2\/media\/458573"}],"wp:attachment":[{"href":"https:\/\/www.europesays.com\/fr\/wp-json\/wp\/v2\/media?parent=458572"}],"wp:term":[{"taxonomy":"category","embeddable":true,"href":"https:\/\/www.europesays.com\/fr\/wp-json\/wp\/v2\/categories?post=458572"},{"taxonomy":"post_tag","embeddable":true,"href":"https:\/\/www.europesays.com\/fr\/wp-json\/wp\/v2\/tags?post=458572"}],"curies":[{"name":"wp","href":"https:\/\/api.w.org\/{rel}","templated":true}]}}