{"id":458579,"date":"2025-10-13T00:00:15","date_gmt":"2025-10-13T00:00:15","guid":{"rendered":"https:\/\/www.europesays.com\/fr\/458579\/"},"modified":"2025-10-13T00:00:15","modified_gmt":"2025-10-13T00:00:15","slug":"octobre-rose-un-atelier-de-soins-du-visage-pour-les-femmes-atteintes-dun-cancer","status":"publish","type":"post","link":"https:\/\/www.europesays.com\/fr\/458579\/","title":{"rendered":"Octobre rose: un atelier de soins du visage pour les femmes atteintes d&rsquo;un cancer"},"content":{"rendered":"<p>\n                                                Dans le cadre d&rsquo;Octobre rose, le mois de sensibilisation au d\u00e9pistage du cancer du sein, le service d&rsquo;oncologie de l&rsquo;h\u00f4pital Saint-Joseph \u00e0 Paris organise des ateliers r\u00e9serv\u00e9s aux femmes atteintes d&rsquo;un cancer. Sophrologie, origami, entretien de perruques ou soins du visage et maquillage, autant de moments de bien-\u00eatre, d&rsquo;\u00e9changes et de temps d&rsquo;\u00e9coute avec les \u00e9quipes m\u00e9dicales. Objectif de ces rencontres : redonner un peu de respiration aux patientes encore sous traitement ou en r\u00e9mission, et surtout, entretenir la relation humaine. RFI a assist\u00e9 \u00e0 l&rsquo;un des ateliers portant sur les soins du visage.\u00a0                    <\/p>\n<p>Dans une salle am\u00e9nag\u00e9e au service d&rsquo;oncologie de l&rsquo;h\u00f4pital Saint-Joseph, seule la perfusion d&rsquo;une des quatre patientes autour d&rsquo;une table rappelle qu&rsquo;on est en milieu m\u00e9dical. Rachida, Laurence, C\u00e9line et Sylvie, toutes atteintes d&rsquo;un cancer, participent \u00e0 un atelier de soins du visage.<\/p>\n<p>Am\u00e9lie Vieuxfort, socio-esth\u00e9ticienne, est l&rsquo;animatrice de cet atelier. Elle demande \u00e0 l&rsquo;une des participantes\u00a0: \u00ab\u00a0Quelles sont vos habitudes actuellement, \u00e9tant donn\u00e9 que vous \u00eates en traitement\u00a0? Qu&rsquo;est-ce que vous faites pour prendre soin de votre visage au quotidien\u00a0?\u00a0\u00bb R\u00e9ponse de C\u00e9line : \u00ab\u00a0Je lave avec une mousse assez douce, sous la douche le matin. Sortie de la douche, je mets de l&rsquo;eau micellaire, puis de la cr\u00e8me de jour riche ou extra-riche, et un soin sp\u00e9cifique pour les yeux super-gras, pour avoir une bonne tol\u00e9rance. Et autour des yeux, j&rsquo;en mets plusieurs fois dans la journ\u00e9e, car ils sont tr\u00e8s tr\u00e8s secs.\u00a0\u00bb\u00a0<\/p>\n<p>Comme C\u00e9line, les participantes sont toutes confront\u00e9es \u00e0 un des effets secondaires de la chimioth\u00e9rapie\u00a0: la s\u00e9cheresse cutan\u00e9e. L&rsquo;un des objectifs de cet atelier est d&rsquo;\u00e9changer des exp\u00e9riences entre patientes. Rachida \u00e9voque sa routine quotidienne avec, entre autres, un savon au lait maternel, pour adoucir sa peau\u00a0: \u00ab\u00a0Moi, c&rsquo;est le beurre de karit\u00e9. Je l&rsquo;utilise le matin et le soir. Sinon, je me lave avec un savon que ma voisine a fabriqu\u00e9 avec son lait.\u00a0\u00bb \u00ab\u00a0Ah oui, on est vraiment sur un produit des plus naturel, r\u00e9agit l&rsquo;animatrice. Vous voyez, c&rsquo;est aussi int\u00e9ressant pour \u00e7a ces ateliers, parce qu&rsquo;on d\u00e9couvre des choses, on se donne des astuces\u2026\u00a0\u00bb<\/p>\n<p class=\"a-read-more\">\u00c0 lire aussi<a href=\"https:\/\/www.rfi.fr\/fr\/afrique\/20251001-octobre-rose-en-rdc-les-sp\u00e9cialistes-de-sant\u00e9-alertent-sur-les-freins-au-d\u00e9pistage-du-cancer-du-sein\" target=\"_self\" class=\"a-read-more__link\" rel=\"noopener\">Octobre Rose: en RDC, les sp\u00e9cialistes de sant\u00e9 alertent sur les freins au d\u00e9pistage du cancer du sein<\/a><\/p>\n<p>Apr\u00e8s un tour de table des rituels des patientes, place \u00e0 la s\u00e9ance du jour. \u00ab\u00a0\u200b\u200b\u200b\u200b\u200b\u200b\u200bJe vous invite \u00e0 me tendre la main droite. Je vais vous mettre une noisette d&rsquo;un produit un peu innovant\u00a0\u200b\u200b\u200b\u200b\u200b\u200b\u200b: une pommade d\u00e9maquillante, nettoyante\u00a0\u00bb, annonce Am\u00e9lie Vieuxfort.\u00a0 Apr\u00e8s le nettoyage du visage, la pose d&rsquo;un masque hydratant et l&rsquo;application d&rsquo;une cr\u00e8me anti-UV, la s\u00e9ance est cl\u00f4tur\u00e9e par un auto-massage des mains.<\/p>\n<p>\u00ab\u00a0C&rsquo;est toujours agr\u00e9able de prendre le temps. Ce que l&rsquo;on ne fait pas forc\u00e9ment, suffisamment. \u00c7a fait du bien, oui\u00a0\u00bb, r\u00e9agit une participante. \u00ab\u00a0\u200b\u200b\u200b\u200b\u200b\u200b\u200bC&rsquo;est agr\u00e9able de voir les autres \u00e0 travers une activit\u00e9 que l&rsquo;on partage. On ne partage pas nos piq\u00fbres\u00a0\u00bb, s&rsquo;amuse une autre.\u00a0<\/p>\n<p>Ces ateliers de bien-\u00eatre pour les personnes atteintes d&rsquo;un cancer ont lieu toute l&rsquo;ann\u00e9e \u00e0 l&rsquo;h\u00f4pital Saint-Joseph de Paris. Un \u00e9tablissement qui fait de l&rsquo;accompagnement des malades une de ses priorit\u00e9s, au m\u00eame titre que la pr\u00e9vention et le d\u00e9pistage des cancers.<\/p>\n<p class=\"a-read-more\">\u00c0 lire aussi<a href=\"https:\/\/www.rfi.fr\/fr\/podcasts\/priorit\u00e9-sant\u00e9\/20251001-octobre-rose-prise-en-charge-du-cancer-du-sein\" target=\"_self\" class=\"a-read-more__link\" rel=\"noopener\">Octobre rose\u00a0: prise en charge du cancer du sein<\/a><\/p>\n","protected":false},"excerpt":{"rendered":"Dans le cadre d&rsquo;Octobre rose, le mois de sensibilisation au d\u00e9pistage du cancer du sein, le service d&rsquo;oncologie&hellip;\n","protected":false},"author":2,"featured_media":458580,"comment_status":"","ping_status":"","sticky":false,"template":"","format":"standard","meta":{"footnotes":""},"categories":[1888],"tags":[11,101,1777,674,4651,1011,27,12,626,5920,25,2362],"class_list":{"0":"post-458579","1":"post","2":"type-post","3":"status-publish","4":"format-standard","5":"has-post-thumbnail","7":"category-paris","8":"tag-actualites","9":"tag-cancer","10":"tag-eu","11":"tag-europe","12":"tag-femmes","13":"tag-fr","14":"tag-france","15":"tag-news","16":"tag-paris","17":"tag-reportage-france","18":"tag-republique-francaise","19":"tag-sante-et-medecine"},"share_on_mastodon":{"url":"","error":""},"_links":{"self":[{"href":"https:\/\/www.europesays.com\/fr\/wp-json\/wp\/v2\/posts\/458579","targetHints":{"allow":["GET"]}}],"collection":[{"href":"https:\/\/www.europesays.com\/fr\/wp-json\/wp\/v2\/posts"}],"about":[{"href":"https:\/\/www.europesays.com\/fr\/wp-json\/wp\/v2\/types\/post"}],"author":[{"embeddable":true,"href":"https:\/\/www.europesays.com\/fr\/wp-json\/wp\/v2\/users\/2"}],"replies":[{"embeddable":true,"href":"https:\/\/www.europesays.com\/fr\/wp-json\/wp\/v2\/comments?post=458579"}],"version-history":[{"count":0,"href":"https:\/\/www.europesays.com\/fr\/wp-json\/wp\/v2\/posts\/458579\/revisions"}],"wp:featuredmedia":[{"embeddable":true,"href":"https:\/\/www.europesays.com\/fr\/wp-json\/wp\/v2\/media\/458580"}],"wp:attachment":[{"href":"https:\/\/www.europesays.com\/fr\/wp-json\/wp\/v2\/media?parent=458579"}],"wp:term":[{"taxonomy":"category","embeddable":true,"href":"https:\/\/www.europesays.com\/fr\/wp-json\/wp\/v2\/categories?post=458579"},{"taxonomy":"post_tag","embeddable":true,"href":"https:\/\/www.europesays.com\/fr\/wp-json\/wp\/v2\/tags?post=458579"}],"curies":[{"name":"wp","href":"https:\/\/api.w.org\/{rel}","templated":true}]}}