{"id":458589,"date":"2025-10-13T00:05:19","date_gmt":"2025-10-13T00:05:19","guid":{"rendered":"https:\/\/www.europesays.com\/fr\/458589\/"},"modified":"2025-10-13T00:05:19","modified_gmt":"2025-10-13T00:05:19","slug":"marianne-badrichani-chevaliere-des-arts-et-lettres-entre-la-france-et-le-royaume-uni","status":"publish","type":"post","link":"https:\/\/www.europesays.com\/fr\/458589\/","title":{"rendered":"Marianne Badrichani, chevali\u00e8re des Arts et Lettres entre la France et le Royaume-Uni"},"content":{"rendered":"<p>\u201cQuand je suis arriv\u00e9e en Grande-Bretagne, j\u2019ai pleur\u00e9 dans la voiture. Mais j\u2019ai tout de suite senti que le Royaume-Uni pouvait m\u2019offrir une libert\u00e9 incroyable. J\u2019ai alors d\u00e9cid\u00e9 de ne mettre en sc\u00e8ne que des pi\u00e8ces fran\u00e7aises, et de m\u2019y tenir. C\u2019\u00e9tait mon geste politique et artistique.\u201d 25 ans plus tard, \u00c9douard Philippe remet \u00e0 Marianne Badrichani les insignes de chevalier des Arts et des Lettres, dans une salle comble de l\u2019Institut Fran\u00e7ais du Royaume-Uni.<\/p>\n<p class=\"p-empty\">\u00a0<\/p>\n<p>Marianne Badrichani, passeuse du th\u00e9\u00e2tre fran\u00e7ais \u00e0 Londres<\/p>\n<p class=\"p-empty\">\u00a0<\/p>\n<p>N\u00e9e et form\u00e9e en France, Marianne fait ses premi\u00e8res armes sur les sc\u00e8nes fran\u00e7aises, o\u00f9 elle monte ses premiers spectacles, jusqu\u2019\u00e0 ses 27 ans. Tr\u00e8s t\u00f4t d\u00e9j\u00e0, elle se passionne pour les auteurs fran\u00e7ais, sans pour autant savoir qu\u2019elle en fera toute une carri\u00e8re. Pi\u00e8ces classiques, contemporaines ; elle d\u00e9veloppe peu \u00e0 peu une conviction : \u201cJe voulais faire exister ces textes, l\u00e0 o\u00f9 ils sont peu connus\u201d.<\/p>\n<p class=\"p-empty\">\u00a0<\/p>\n<p>Install\u00e9e depuis 25 ans \u00e0 Londres, elle est aujourd\u2019hui une v\u00e9ritable passeuse d\u2019histoires fran\u00e7aises. Mais elle est aussi\u2026 productrice, metteuse en sc\u00e8ne, adaptatrice, le tout dans un \u00e9tat d&rsquo;esprit bien singulier : \u201cJe suis venue conqu\u00e9rir cette \u00eele. J\u2019ai m\u00eame os\u00e9 me pr\u00e9senter comme la Jeanne d\u2019Arc du th\u00e9\u00e2tre fran\u00e7ais,\u201d s\u2019amuse-t-elle.<\/p>\n<p class=\"p-empty\">\u00a0<\/p>\n<p><img alt=\"marianne badrichani bold theatre gallic gang\" loading=\"lazy\" decoding=\"async\" data-nimg=\"fill\" class=\"drupal__img align-center\" style=\"position:absolute;height:100%;width:100%;left:0;top:0;right:0;bottom:0;object-fit:cover;color:transparent\"   src=\"https:\/\/www.europesays.com\/fr\/wp-content\/uploads\/2025\/10\/1760313918_130_image\"\/>\u00a0<\/p>\n<p>Conqu\u00e9rir la grande \u00eele britannique, \u00e0 coup de Moli\u00e8res et de Poiret<\/p>\n<p class=\"p-empty\">\u00a0<\/p>\n<p>Ce d\u00e9fi, Marianne s\u2019y est accroch\u00e9e. De Sarraute \u00e0 R\u00e9mi De Vos, de Jean Poiret \u00e0 Jean-Claude Carri\u00e8re, elle s\u2019est impos\u00e9e chaque ann\u00e9e, ou presque, un texte venu de l\u2019Hexagone. Plus surprenant encore, elle n\u2019a pas seulement jou\u00e9 dans des th\u00e9\u00e2tres londoniens. Non, Marianne avait \u00e0 c\u0153ur d\u2019explorer, au sens large du terme : \u201cNous avons jou\u00e9 dans un cimeti\u00e8re victorien pour Perrault, dans un h\u00f4tel pour Balzac et m\u00eame dans une station de m\u00e9tro, lors d\u2019une performance immersive.\u201d<\/p>\n<p class=\"p-empty\">\u00a0<\/p>\n<p>Et selon elle, une seule chose permet un tel \u00e9lan cr\u00e9atif : \u201c\u00c0 l\u2019\u00e9tranger, nous percevons diff\u00e9remment les racines et la modernit\u00e9 de nos textes. Nous les confrontons au regard ac\u00e9r\u00e9 des Anglais.\u201d Ce regard, elle le d\u00e9crit d\u2019un sourire malicieux : \u201cLes critiques ici sont impitoyables. Ils veulent savoir si chaque \u0153uvre est pertinente, socialement utile. Personnellement, je crois que nous pouvons aussi c\u00e9l\u00e9brer l\u2019humour, le style, la langue et souvent ce d\u00e9calage provoque des chocs f\u00e9conds.\u201d<\/p>\n<p class=\"p-empty\">\u00a0<\/p>\n<p>Traduire, adapter, transmettre : le travail de toute une vie<\/p>\n<p class=\"p-empty\">\u00a0<\/p>\n<p>Pendant dix ans, Marianne anime le Cross Channel Th\u00e9\u00e2tre, lisant et traduisant des centaines de pi\u00e8ces contemporaines. Une trentaine d\u2019entre elles ont ensuite trouv\u00e9 un public outre-Manche. \u201cIl s\u2019agit d\u2019un travail de dentelle et de diplomatie\u201d, affirme-t-elle. \u201cChaque mot compte. Mais quelle joie quand nous trouvons ensemble le mot juste !\u201d<\/p>\n<p class=\"p-empty\">\u00a0<\/p>\n<p>Aujourd\u2019hui, elle dirige <a href=\"https:\/\/www.boldtheatre.com\/\" target=\"_blank\" rel=\"nofollow noopener\">Bold Theatre<\/a> et <a href=\"https:\/\/www.gallic-gang.com\/\" target=\"_blank\" rel=\"nofollow noopener\">Gallic Gang<\/a>, install\u00e9e dans un building entre art et modernit\u00e9, \u00e0 Elephant &amp; Castle avec un hangar de 1.000 m2, transform\u00e9 en laboratoire de jeux. \u201cCes espaces temporaires sont une b\u00e9n\u00e9diction. Ils \u00e9chappent aux r\u00e8gles des grands th\u00e9\u00e2tres et permettent d\u2019exp\u00e9rimenter. Nous y testons de nouvelles formes, y accueillons de jeunes auteurs, y respirons autrement.\u201d<\/p>\n<p class=\"p-empty\">\u00a0<\/p>\n<p class=\"encadre\">O\u00f9 retrouver le travail de Marianne ? <br \/>Pour la saison 2025-2026, Marianne poursuit ses cr\u00e9ations et d\u00e9veloppe de nouveaux projets avec son collectif : \u201cNous essayons vraiment de r\u00e9unir les gens autour de l\u2019exp\u00e9rience th\u00e9\u00e2trale, de l\u2019engagement et de l\u2019\u00e9vasion que nous offrons\u201d, r\u00e9sume-t-elle.<\/p>\n<p>Toutes les actualit\u00e9s, spectacles pass\u00e9s et \u00e0 venir sont \u00e0 retrouver sur son site : <a href=\"https:\/\/www.mariannebadrichani.com\/\" target=\"_blank\" rel=\"nofollow noopener\">https:\/\/www.mariannebadrichani.com\/<\/a><\/p>\n<p class=\"p-empty\">\u00a0<\/p>\n<p>Un choix radical : promouvoir le th\u00e9\u00e2tre fran\u00e7ais<\/p>\n<p class=\"p-empty\">\u00a0<\/p>\n<p>Vous l\u2019aurez compris, Marianne s\u2019est bien accroch\u00e9e \u00e0 son challenge\u2026 Si bien, que l&rsquo;\u00c9tat fran\u00e7ais a d\u00e9cid\u00e9 de lui rendre, en la faisant Chevali\u00e8re des Arts et des Lettres. Ainsi, depuis septembre 2025 elle fait partie d\u2019un panel tr\u00e8s ferm\u00e9 d&rsquo;artistes qui ont r\u00e9ussi \u00e0 faire un lien artistique entre deux nations. De son c\u00f4t\u00e9, Marianne insiste sur le caract\u00e8re collectif de cette m\u00e9daille. \u201cJ\u2019ai remerci\u00e9 tous ceux qui ont permis cette r\u00e9compense : traducteurs, producteurs, com\u00e9diens, amis voyageurs, \u00e9l\u00e8ves \u00e0 qui je r\u00e9p\u00e8te \u2018Girls, speak louder!\u2026\u2019 et Sarah Davey Hull, ma premi\u00e8re mentor anglaise, qui m\u2019a appris \u00e0 rester joueuse.\u201d<\/p>\n<p class=\"p-empty\">\u00a0<\/p>\n<p>\u00c0 ses c\u00f4t\u00e9s lors de la c\u00e9r\u00e9monie \u00e0 l\u2019Institut Fran\u00e7ais, lieu symbolique du lien que l\u2019art joue des deux c\u00f4t\u00e9s de la Manche : \u201cJ\u2019ai invit\u00e9 principalement ma famille et les gens avec qui j\u2019ai travaill\u00e9, et cela revient \u00e0 une cinquantaine de personnes,\u201d confie-t-elle avec \u00e9motion. D\u2019ailleurs, pour Marianne, cette distinction est loin d\u2019\u00eatre une fin en soi. Elle la prend plut\u00f4t comme un nouveau d\u00e9part : \u201cJe continuerai \u00e0 d\u00e9fendre le th\u00e9\u00e2tre, en fran\u00e7ais, en anglais. Je ne capitulerai pas ! Vive le th\u00e9\u00e2tre et Vive la libert\u00e9 !\u201d<\/p>\n<p class=\"p-empty\">\u00a0<\/p>\n<p><strong>La c\u00e9r\u00e9monie en images<\/strong><\/p>\n<p><img alt=\"les discours d'edouard philippe &amp; marianne \" loading=\"lazy\" decoding=\"async\" data-nimg=\"fill\" class=\"drupal__img align-center\" style=\"position:absolute;height:100%;width:100%;left:0;top:0;right:0;bottom:0;object-fit:cover;color:transparent\"   src=\"https:\/\/www.europesays.com\/fr\/wp-content\/uploads\/2025\/10\/1760313919_962_image\"\/><\/p>\n<p class=\"p-empty\">\u00a0<\/p>\n<p><img alt=\"c\u00e9r\u00e9monie Marianne Badrichani Edouard philippe.\" loading=\"lazy\" decoding=\"async\" data-nimg=\"fill\" class=\"drupal__img undefined\" style=\"position:absolute;height:100%;width:100%;left:0;top:0;right:0;bottom:0;object-fit:cover;color:transparent\"   src=\"https:\/\/www.europesays.com\/fr\/wp-content\/uploads\/2025\/10\/1760313919_395_image\"\/>Marianne Badrichani, d\u00e9cor\u00e9e de l&rsquo;insigne des mains d&rsquo;Edouard Philippe.<\/p>\n<p class=\"p-empty\">\u00a0<\/p>\n<p class=\"encadre\">Le 17 septembre 2025, c\u2019est \u00c9douard Philippe, ami d\u2019\u00e9tudes de Marianne, qui a remis les insignes de chevalier des Arts et des Lettres \u00e0 l\u2019artiste. Dans un discours chaleureux, il a salu\u00e9 \u201cune vraie Marianne, \u00e9g\u00e9rie r\u00e9publicaine, qui n\u2019a pas fini de se battre pour la libert\u00e9\u201d, rappelant leurs passions \u00e9tudiantes pour Cyrano et Shakespeare, et son courage de \u201ctraverser la Manche pour s\u2019inventer une vie d\u2019artiste\u201d.<\/p>\n<p>\u00a0<\/p>\n","protected":false},"excerpt":{"rendered":"\u201cQuand je suis arriv\u00e9e en Grande-Bretagne, j\u2019ai pleur\u00e9 dans la voiture. Mais j\u2019ai tout de suite senti que&hellip;\n","protected":false},"author":2,"featured_media":458590,"comment_status":"","ping_status":"","sticky":false,"template":"","format":"standard","meta":{"footnotes":""},"categories":[1588],"tags":[11,1777,674,12,473,1853,1851,1850,1852],"class_list":{"0":"post-458589","1":"post","2":"type-post","3":"status-publish","4":"format-standard","5":"has-post-thumbnail","7":"category-royaume-uni","8":"tag-actualites","9":"tag-eu","10":"tag-europe","11":"tag-news","12":"tag-royaume-uni","13":"tag-royaume-uni-de-grande-bretagne-et-dirlande-du-nord","14":"tag-uk","15":"tag-united-kingdom","16":"tag-united-kingdom-of-great-britain-and-northern-ireland"},"share_on_mastodon":{"url":"https:\/\/pubeurope.com\/@fr\/115363940461314322","error":""},"_links":{"self":[{"href":"https:\/\/www.europesays.com\/fr\/wp-json\/wp\/v2\/posts\/458589","targetHints":{"allow":["GET"]}}],"collection":[{"href":"https:\/\/www.europesays.com\/fr\/wp-json\/wp\/v2\/posts"}],"about":[{"href":"https:\/\/www.europesays.com\/fr\/wp-json\/wp\/v2\/types\/post"}],"author":[{"embeddable":true,"href":"https:\/\/www.europesays.com\/fr\/wp-json\/wp\/v2\/users\/2"}],"replies":[{"embeddable":true,"href":"https:\/\/www.europesays.com\/fr\/wp-json\/wp\/v2\/comments?post=458589"}],"version-history":[{"count":0,"href":"https:\/\/www.europesays.com\/fr\/wp-json\/wp\/v2\/posts\/458589\/revisions"}],"wp:featuredmedia":[{"embeddable":true,"href":"https:\/\/www.europesays.com\/fr\/wp-json\/wp\/v2\/media\/458590"}],"wp:attachment":[{"href":"https:\/\/www.europesays.com\/fr\/wp-json\/wp\/v2\/media?parent=458589"}],"wp:term":[{"taxonomy":"category","embeddable":true,"href":"https:\/\/www.europesays.com\/fr\/wp-json\/wp\/v2\/categories?post=458589"},{"taxonomy":"post_tag","embeddable":true,"href":"https:\/\/www.europesays.com\/fr\/wp-json\/wp\/v2\/tags?post=458589"}],"curies":[{"name":"wp","href":"https:\/\/api.w.org\/{rel}","templated":true}]}}