{"id":458597,"date":"2025-10-13T00:09:14","date_gmt":"2025-10-13T00:09:14","guid":{"rendered":"https:\/\/www.europesays.com\/fr\/458597\/"},"modified":"2025-10-13T00:09:14","modified_gmt":"2025-10-13T00:09:14","slug":"mohamed-salah-apercu-au-cameroun-pour-lelection-presidentielle-international-cameroun","status":"publish","type":"post","link":"https:\/\/www.europesays.com\/fr\/458597\/","title":{"rendered":"Mohamed Salah aper\u00e7u au Cameroun pour l\u2019\u00e9lection pr\u00e9sidentielle &#8211; International &#8211; Cameroun"},"content":{"rendered":"<p>Nul n\u2019est proph\u00e8te en son pays, y compris Mohamed.<\/p>\n<p>Ce dimanche, les Camerounais se rendaient aux urnes pour y \u00e9lire leur nouveau pr\u00e9sident r\u00e9\u00e9lire Paul Biya. A 92 ans, le plus vieux chef d\u2019Etat en activit\u00e9 va donc encha\u00eener un huiti\u00e8me mandat cons\u00e9cutif. Au vu de la pyramide des \u00e2ges du Cameroun, on estime que <strong>75% de la population n\u2019a jamais connu d\u2019autre pr\u00e9sident que Biya<\/strong>, en poste depuis 42 ans.<\/p>\n<p>Alors qu\u2019on pensait avoir tout vu en quatre d\u00e9cennies de r\u00e8gne sans partage, le scrutin de ce dimanche est venu rappeler que <strong>rien n\u2019est impossible au pays des Lions indomptables<\/strong>. Y compris inscrire Mohamed Salah sur les listes \u00e9lectorales.<\/p>\n<p><strong>My name is Qsdfg, Azert Qsdfg<\/strong><\/p>\n<p>L\u2019information a \u00e9t\u00e9 rep\u00e9r\u00e9e par le m\u00e9dia allemand Deutsche Welle. <strong>La photo de l\u2019attaquant \u00e9gyptien est apparue sur le registre d\u2019un bureau de vote de la ville de Ngaound\u00e9r\u00e9<\/strong>, au nord de la r\u00e9gion de l\u2019Adamaoua, dans le centre du pays. V\u00e9rification faite, Salah est bel et bien inscrit dans la base de donn\u00e9es des \u00e9lecteurs. <strong>Sauf qu\u2019il s\u2019appelle en r\u00e9alit\u00e9 Azert Qsdfg<\/strong>, soit les cinq premi\u00e8res lettres des deux premi\u00e8res lignes d\u2019un clavier d\u2019ordinateur fran\u00e7ais.<\/p>\n<\/p>\n<p><strong>Dernier \u00e9l\u00e9ment qui prouve la supercherie :<\/strong> la date de naissance ne correspond pas. Salah est n\u00e9 le 15 juin 1992 et M. Qsdfg, en ao\u00fbt 1985. De plus, rien n\u2019indique que l\u2019Egyptien a d\u00e9j\u00e0 mis les pieds dans l\u2019\u00e9cole publique de Margol, o\u00f9 il est officiellement inscrit.<\/p>\n<p>Cela dit, son abstention de risque pas de vraiment influer sur le r\u00e9sultat final de l\u2019\u00e9lection, qui devrait \u00eatre officialis\u00e9 d\u2019ici deux semaines.<\/p>\n<p>\u00a0<\/p>\n<p>\t\t\t\t\t\t\t\t\t\t<a class=\"lien-connexe\" href=\"https:\/\/www.sofoot.com\/breves\/sans-club-et-mine-par-les-blessures-joel-matip-prend-sa-retraite\" rel=\"nofollow noopener\" target=\"_blank\">Sans club et min\u00e9 par les blessures, Jo\u00ebl Matip prend sa retraite<\/a>\t\t\t\t\t<\/p>\n","protected":false},"excerpt":{"rendered":"Nul n\u2019est proph\u00e8te en son pays, y compris Mohamed. Ce dimanche, les Camerounais se rendaient aux urnes pour&hellip;\n","protected":false},"author":2,"featured_media":458598,"comment_status":"","ping_status":"","sticky":false,"template":"","format":"standard","meta":{"footnotes":""},"categories":[2],"tags":[47,11,61,69,65,64,63,1011,27,68,66,12,62,70,25,67],"class_list":{"0":"post-458597","1":"post","2":"type-post","3":"status-publish","4":"format-standard","5":"has-post-thumbnail","7":"category-actualites","8":"tag-actualite","9":"tag-actualites","10":"tag-actus-football","11":"tag-bundesliga","12":"tag-championnats-europeens","13":"tag-equipe-de-france","14":"tag-football","15":"tag-fr","16":"tag-france","17":"tag-ligua","18":"tag-ligue-1","19":"tag-news","20":"tag-news-foot","21":"tag-premier-league","22":"tag-republique-francaise","23":"tag-serie-a"},"share_on_mastodon":{"url":"https:\/\/pubeurope.com\/@fr\/115363955746775654","error":""},"_links":{"self":[{"href":"https:\/\/www.europesays.com\/fr\/wp-json\/wp\/v2\/posts\/458597","targetHints":{"allow":["GET"]}}],"collection":[{"href":"https:\/\/www.europesays.com\/fr\/wp-json\/wp\/v2\/posts"}],"about":[{"href":"https:\/\/www.europesays.com\/fr\/wp-json\/wp\/v2\/types\/post"}],"author":[{"embeddable":true,"href":"https:\/\/www.europesays.com\/fr\/wp-json\/wp\/v2\/users\/2"}],"replies":[{"embeddable":true,"href":"https:\/\/www.europesays.com\/fr\/wp-json\/wp\/v2\/comments?post=458597"}],"version-history":[{"count":0,"href":"https:\/\/www.europesays.com\/fr\/wp-json\/wp\/v2\/posts\/458597\/revisions"}],"wp:featuredmedia":[{"embeddable":true,"href":"https:\/\/www.europesays.com\/fr\/wp-json\/wp\/v2\/media\/458598"}],"wp:attachment":[{"href":"https:\/\/www.europesays.com\/fr\/wp-json\/wp\/v2\/media?parent=458597"}],"wp:term":[{"taxonomy":"category","embeddable":true,"href":"https:\/\/www.europesays.com\/fr\/wp-json\/wp\/v2\/categories?post=458597"},{"taxonomy":"post_tag","embeddable":true,"href":"https:\/\/www.europesays.com\/fr\/wp-json\/wp\/v2\/tags?post=458597"}],"curies":[{"name":"wp","href":"https:\/\/api.w.org\/{rel}","templated":true}]}}