{"id":458607,"date":"2025-10-13T00:18:12","date_gmt":"2025-10-13T00:18:12","guid":{"rendered":"https:\/\/www.europesays.com\/fr\/458607\/"},"modified":"2025-10-13T00:18:12","modified_gmt":"2025-10-13T00:18:12","slug":"pourquoi-lamertume-de-piastri-nest-pas-une-surprise","status":"publish","type":"post","link":"https:\/\/www.europesays.com\/fr\/458607\/","title":{"rendered":"pourquoi l\u2019amertume de Piastri n\u2019est pas une surprise"},"content":{"rendered":"<p itemprop=\"description\">L\u2019acrimonie d\u2019Oscar Piastri \u00e0 Singapour<br \/>\nest le dernier \u00e9pisode d\u2019une liste, d\u00e9j\u00e0 longue, d\u2019incidents entre<br \/>\nlui et Lando Norris. Comment en est-on arriv\u00e9 l\u00e0 ?<\/p>\n<p>Les accrochages et d\u00e9cisions d\u2019\u00e9quipe r\u00e9p\u00e9t\u00e9s entre <a href=\"https:\/\/f1i.autojournal.fr\/dossiers\/pilotes-de-f1\/lando-norris-pilote-f1-357102.html\" target=\"_blank\" rel=\"noopener\"><br \/>\nLando Norris<\/a> et <a href=\"https:\/\/f1i.autojournal.fr\/dossiers\/pilotes-de-f1\/oscar-piastri-f1-mclaren-624797.html\" target=\"_blank\" rel=\"noopener\"><br \/>\nOscar Piastri<\/a> en 2025 jettent un \u00e9clairage concret sur<br \/>\nl\u2019amertume grandissante de l\u2019Australien et expliquent pourquoi sa<br \/>\nr\u00e9action \u00e0 Marina Bay n\u2019est pas un simple coup de sang<br \/>\npassager.<\/p>\n<p><strong>Une s\u00e9rie d\u2019incidents et de d\u00e9cisions favorables \u00e0<br \/>\nNorris<\/strong><\/p>\n<p style=\"text-align: left\">Ce qui appara\u00eet comme la r\u00e9action \u00e0<br \/>\nchaud du pilote australien \u00e0 Singapour est en r\u00e9alit\u00e9 le point<br \/>\nd\u2019orgue d\u2019un encha\u00eenement d\u2019\u00e9pisodes o\u00f9 l\u2019issue n\u2019a pas toujours<br \/>\ntourn\u00e9 en sa faveur.<\/p>\n<p style=\"text-align: left\">Petit rappel des faits.<\/p>\n<tr style=\"vertical-align: top\">\n<td style=\"width: 210px;padding: 12px 16px;border-bottom: 1px solid #dddddd;text-align: left\">\n<strong>GRAND PRIX DU CANADA<\/strong><br \/>Montr\u00e9al \u2013 16 juin 2025<\/td>\n<td style=\"padding: 12px 16px;border-bottom: 1px solid #ddd\">Au<br \/>\nCanada, Lando Norris a percut\u00e9 la <a href=\"https:\/\/f1i.autojournal.fr\/dossiers\/ecuries-de-f1\/mclaren-f1-team-357173.html\" target=\"_blank\" rel=\"noopener\"><br \/>\nMcLaren<\/a> de Oscar Piastri \u2014 excuse imm\u00e9diate du Britannique,<br \/>\nmais l\u2019\u00e9v\u00e9nement a laiss\u00e9 une trace.<\/td>\n<\/tr>\n<tr style=\"vertical-align: top\">\n<td style=\"width: 210px;padding: 12px 16px;border-bottom: 1px solid #ddd\">\n<strong>GRAND PRIX DE HONGRIE<\/strong><br \/>Budapest \u2013 3 ao\u00fbt 2025<\/td>\n<td style=\"padding: 12px 16px;border-bottom: 1px solid #ddd\">En<br \/>\nHongrie, Norris a tir\u00e9 profit d\u2019une bascule strat\u00e9gique vers un<br \/>\none-stop pour revenir devant Piastri, preuve que la course<br \/>\nd\u2019\u00e9quipe \u2014 s\u00e9quences et position en piste \u2014 peut influencer<br \/>\nlourdement le r\u00e9sultat individuel.<\/td>\n<\/tr>\n<tr style=\"vertical-align: top\">\n<td style=\"width: 210px;padding: 12px 16px\"><strong>GRAND PRIX<br \/>\nD\u2019ITALIE<\/strong><br \/>Monza \u2013 7 septembre 2025<\/td>\n<td style=\"padding: 12px 16px\">Enfin, en Italie, le team a demand\u00e9<br \/>\n\u00e0 Piastri de redonner sa place \u00e0 Norris apr\u00e8s un arr\u00eat trop long d\u00fb<br \/>\n\u00e0 une erreur de l\u2019\u00e9quipe \u2014 une d\u00e9cision en apparence technique qui,<br \/>\nsur le plan humain, a \u00e9t\u00e9 per\u00e7ue comme une ing\u00e9rence<br \/>\nd\u00e9favorable.<\/td>\n<\/tr>\n<p><strong>Singapour : la goutte d\u2019eau ou<br \/>\nl\u2019alerte logique ?<\/strong><\/p>\n<p>\u00c0 la lumi\u00e8re de ces incidents, le contact au virage 3 \u00e0 Marina<br \/>\nBay n\u2019est pas isol\u00e9 : Piastri l\u2019a per\u00e7u comme la derni\u00e8re pi\u00e8ce<br \/>\nd\u2019une suite d\u2019\u00e9v\u00e9nements et de d\u00e9cisions internes qui, cumul\u00e9es,<br \/>\nl\u2019ont convaincu d\u2019un manque d\u2019\u00e9quit\u00e9 dans l\u2019application des<br \/>\nfameuses \u201cr\u00e8gles papaye\u201d.<\/p>\n<p>Loin de demander la fin des batailles internes, il a d\u00e9nonc\u00e9 ce<br \/>\nqu\u2019il per\u00e7oit comme une application asym\u00e9trique des interventions<br \/>\n(qui favorisent ponctuellement Norris). McLaren a pour l\u2019instant<br \/>\ntrait\u00e9 l\u2019incident comme un incident de course et annonc\u00e9 un examen<br \/>\napprofondi.<\/p>\n<p><strong>Des risques pour McLaren<\/strong><\/p>\n<p>McLaren doit arbitrer entre : laisser les pilotes se battre<br \/>\nlibrement et accepter le risque d\u2019un accrochage co\u00fbteux, ou bien<br \/>\nstandardiser et communiquer clairement les sc\u00e9narios d\u2019intervention<br \/>\nafin d\u2019\u00e9viter l\u2019impression d\u2019arbitraire.<\/p>\n<p>Les faits (Canada, Hongrie, Monza, Singapour) montrent que<br \/>\nl\u2019amertume de Piastri est rationnelle : elle na\u00eet d\u2019une<br \/>\naccumulation d\u2019incidents et de d\u00e9cisions per\u00e7ues comme injustes,<br \/>\nmalgr\u00e9 les d\u00e9n\u00e9gations du <a href=\"https:\/\/f1i.autojournal.fr\/magazine\/magazine-features\/portrait\/mclaren-f1-stella\/\" target=\"_blank\" rel=\"noopener\"><br \/>\nrationnel Andrea Stella<\/a> \u00e0 Singapour.<\/p>\n<p>\u201cNous devons conserver un haut niveau de sophistication et<br \/>\nde pr\u00e9cision, car il y a de nombreux \u00e9l\u00e9ments \u00e0 prendre en compte.<br \/>\nEt nous devons nous assurer de ne pas tirer de conclusions h\u00e2tives<br \/>\n: nous devons \u00eatre exacts, car l\u2019enjeu est consid\u00e9rable \u2013 non<br \/>\nseulement les points au championnat, mais aussi la confiance que<br \/>\nnos pilotes placent dans la fa\u00e7on dont nous op\u00e9rons en tant<br \/>\nqu\u2019\u00e9quipe.\u201d<\/p>\n<p data-start=\"418\" data-end=\"591\" data-is-last-node=\"\" data-is-only-node=\"\">\u201cEt cela, \u00e0 vrai dire, est encore plus<br \/>\nfondamental que les points eux-m\u00eames. Nous appliquerons donc toute<br \/>\nla rigueur n\u00e9cessaire et m\u00e8nerons toutes les discussions<br \/>\nrequises.\u201d<\/p>\n<p data-start=\"418\" data-end=\"591\" data-is-last-node=\"\" data-is-only-node=\"\">Les arguments avanc\u00e9s par McLaren pour<br \/>\nd\u00e9fendre Monza et Singapour semblent logiques, mais ce qui importe<br \/>\nd\u00e9sormais, c\u00a0\u00bbest de savoir si, au fond de lui, Piastri fait<br \/>\ntoujours confiance \u00e0 un syst\u00e8me qui semble l&rsquo;avoir trahi \u00e0 deux<br \/>\nreprises en peu de temps.<\/p>\n","protected":false},"excerpt":{"rendered":"L\u2019acrimonie d\u2019Oscar Piastri \u00e0 Singapour est le dernier \u00e9pisode d\u2019une liste, d\u00e9j\u00e0 longue, d\u2019incidents entre lui et Lando&hellip;\n","protected":false},"author":2,"featured_media":458608,"comment_status":"","ping_status":"","sticky":false,"template":"","format":"standard","meta":{"footnotes":""},"categories":[1412],"tags":[1451,1452,1453,1454,1455,1011,27,2243,4475,2241,60],"class_list":{"0":"post-458607","1":"post","2":"type-post","3":"status-publish","4":"format-standard","5":"has-post-thumbnail","7":"category-f1","8":"tag-f1","9":"tag-formula-1","10":"tag-formula1","11":"tag-formule-1","12":"tag-formule1","13":"tag-fr","14":"tag-france","15":"tag-lando-norris","16":"tag-mclaren","17":"tag-oscar-piastri","18":"tag-sports"},"share_on_mastodon":{"url":"https:\/\/pubeurope.com\/@fr\/115363990971388451","error":""},"_links":{"self":[{"href":"https:\/\/www.europesays.com\/fr\/wp-json\/wp\/v2\/posts\/458607","targetHints":{"allow":["GET"]}}],"collection":[{"href":"https:\/\/www.europesays.com\/fr\/wp-json\/wp\/v2\/posts"}],"about":[{"href":"https:\/\/www.europesays.com\/fr\/wp-json\/wp\/v2\/types\/post"}],"author":[{"embeddable":true,"href":"https:\/\/www.europesays.com\/fr\/wp-json\/wp\/v2\/users\/2"}],"replies":[{"embeddable":true,"href":"https:\/\/www.europesays.com\/fr\/wp-json\/wp\/v2\/comments?post=458607"}],"version-history":[{"count":0,"href":"https:\/\/www.europesays.com\/fr\/wp-json\/wp\/v2\/posts\/458607\/revisions"}],"wp:featuredmedia":[{"embeddable":true,"href":"https:\/\/www.europesays.com\/fr\/wp-json\/wp\/v2\/media\/458608"}],"wp:attachment":[{"href":"https:\/\/www.europesays.com\/fr\/wp-json\/wp\/v2\/media?parent=458607"}],"wp:term":[{"taxonomy":"category","embeddable":true,"href":"https:\/\/www.europesays.com\/fr\/wp-json\/wp\/v2\/categories?post=458607"},{"taxonomy":"post_tag","embeddable":true,"href":"https:\/\/www.europesays.com\/fr\/wp-json\/wp\/v2\/tags?post=458607"}],"curies":[{"name":"wp","href":"https:\/\/api.w.org\/{rel}","templated":true}]}}