{"id":458612,"date":"2025-10-13T00:21:18","date_gmt":"2025-10-13T00:21:18","guid":{"rendered":"https:\/\/www.europesays.com\/fr\/458612\/"},"modified":"2025-10-13T00:21:18","modified_gmt":"2025-10-13T00:21:18","slug":"qui-est-ynes-lallemand-elue-miss-champagne-ardenne-2025","status":"publish","type":"post","link":"https:\/\/www.europesays.com\/fr\/458612\/","title":{"rendered":"Qui est Yn\u00e8s Lallemand, \u00e9lue Miss Champagne-Ardenne 2025 ?"},"content":{"rendered":"<p>Ce dimanche 12 octobre, le nom de Miss Champagne-Ardenne 2025 a \u00e9t\u00e9 d\u00e9voil\u00e9 sur les r\u00e9seaux du comit\u00e9 Miss France. R\u00e9cemment \u00e9lue Miss Marne, Yn\u00e8s Lallemand a remport\u00e9 le titre et succ\u00e8de \u00e0 Louison Th\u00e9venin. <\/p>\n<p>Les visages des candidates au concours de Miss France 2026 se d\u00e9voilent un \u00e0 un&#8230; Dans moins de deux mois, <a href=\"https:\/\/www.programme-tv.net\/news\/evenement\/miss-france-miss-france\/388230-exclu-angelique-angarni-filopon-miss-france-2025-evoque-l-election-de-miss-martinique-j-ai-encore-du-mal-a-realiser\/\" data-api-deeplink=\"teleloisirs:\/\/news\/388230\" target=\"_blank\" rel=\"noopener\">Ang\u00e9lique Angarni-Filopon remettra sa couronne<\/a> \u00e0 une nouvelle personnalit\u00e9, un an apr\u00e8s avoir remport\u00e9 le concours de beaut\u00e9 depuis le Futuroscope. Cette fois, l&rsquo;\u00e9lection aura lieu pour la premi\u00e8re fois au Z\u00e9nith d&rsquo;Amiens, le 6 d\u00e9cembre prochain. Ce week-end du 11 et 12 octobre, trois nouvelles miss r\u00e9gionales se sont d\u00e9voil\u00e9es. Apr\u00e8s <a href=\"https:\/\/www.programme-tv.net\/news\/evenement\/miss-france-miss-france\/389539-miss-france-2026-qui-est-lola-winter-elue-miss-pays-de-la-loire-2025\/\" data-api-deeplink=\"teleloisirs:\/\/news\/389539\" target=\"_blank\" rel=\"noopener\">Miss Pays de la Loire<\/a> et <a href=\"https:\/\/www.programme-tv.net\/news\/evenement\/miss-france\/389569-miss-france-2026-qui-est-camille-letang-elue-miss-lorraine-2025\/\" data-api-deeplink=\"teleloisirs:\/\/news\/389569\" target=\"_blank\" rel=\"noopener\">Miss Lorraine<\/a>, c&rsquo;est le nom de la nouvelle miss Champagne-Ardenne qui a \u00e9t\u00e9 r\u00e9v\u00e9l\u00e9 sur les r\u00e9seaux sociaux.<a href=\"https:\/\/www.programme-tv.net\/news\/evenement\/miss-france-miss-france\/366348-exclu-louison-thevenin-miss-champagne-ardenne-2024-pour-miss-france-2025-s-est-inscrite-au-concours-apres-un-pari\/\" data-api-deeplink=\"teleloisirs:\/\/news\/366348\" target=\"_blank\" rel=\"noopener\"> Louison Th\u00e9venin<\/a> a remis son titre \u00e0 Yn\u00e8s Lallemand : \u00ab\u00a0Il y a des aventures qui changent des vies, des exp\u00e9riences qui marquent et font grandir. Cette ann\u00e9e a \u00e9t\u00e9 s\u00fbrement l\u2019un des plus gros d\u00e9fis de ma vie, et m\u2019aura appris que la beaut\u00e9 est \u00e9ph\u00e9m\u00e8re, mais que restent nos valeurs et ce que nous en faisons.\u00a0\u00bb, a partag\u00e9 Miss Champagne-Ardenne 2024 sur Instagram, quelques heures avant le concours.<\/p>\n<p>                        Miss France 2026 : Yn\u00e8s Lallemand, \u00e9lue Miss Champagne-Ardenne, est \u00e9tudiante en droit<\/p>\n<p>Ce dimanche 12 octobre, quinze candidates ont tent\u00e9 de remporter le titre de Miss Champagne-Ardenne 2025, mais seule une participante y est parvenue&#8230; Et il s&rsquo;agit d&rsquo;Yn\u00e8s Lallemand, \u00e9lue Miss Marne en mai dernier. La jeune femme de 19 ans mesure 1m72 et est \u00e9tudiante en deuxi\u00e8me ann\u00e9e de droit, \u00e0 l&rsquo;institut catholique de Paris. \u00ab\u00a0Je vous remercie sinc\u00e8rement pour votre soutien et votre bienveillance qui m\u2019aident \u00e0 oser croire en moi et en mes r\u00eaves\u00a0\u00bb, a-t-elle partag\u00e9 la veille de son \u00e9lection, sur Instagram. Adepte des concours de beaut\u00e9, la jeune femme s&rsquo;est pr\u00e9sent\u00e9e pour la premi\u00e8re fois au concours de Miss France pour poursuivre son r\u00eave d&rsquo;enfant : \u00ab\u00a0J&rsquo;ai souhait\u00e9 participer \u00e0 Miss Marne pour r\u00e9aliser ce r\u00eave de jeune femme et rendre fi\u00e8re la petite fille que j&rsquo;\u00e9tais.\u00a0\u00bb, a-t-elle assur\u00e9 aupr\u00e8s de L&rsquo;Union. Au cours d&rsquo;une session de questions\/r\u00e9ponses avec ses abonn\u00e9s sur le r\u00e9seau social, la candidate \u00e0 Miss France a confi\u00e9 \u00e0 propos d&rsquo;un point qu&rsquo;elle s&rsquo;effor\u00e7ait de travailler pour le titre de Miss : \u00ab\u00a0J&rsquo;ai tendance \u00e0 parler vite et \u00e0 ne pas articuler, donc c&rsquo;est l&rsquo;axe que je travaille\u00a0\u00bb. <\/p>\n<p>            Yn\u00e8s Lallemand, Miss Champagne-Ardenne 2025, est b\u00e9n\u00e9vole pour une association qui vient en aide aux personnes d\u00e9munies<\/p>\n<p>Dans la vie, la jeune \u00e9tudiante est aussi engag\u00e9e pour la bonne cause. Sur Instagram, apr\u00e8s avoir expliqu\u00e9 que de nombreuses causes lui tenaient \u00e0 c\u0153ur, elle a confi\u00e9 qu&rsquo;elle \u00e9tait b\u00e9n\u00e9vole pour une association qui : \u00ab\u00a0Vient en aide aux personnes d\u00e9favoris\u00e9es, sans-abri\u00a0\u00bb, avant d&rsquo;\u00e9crire : \u00ab\u00a0Bon c\u0153ur d&rsquo;hypersensible ici\u00a0\u00bb.<\/p>\n","protected":false},"excerpt":{"rendered":"Ce dimanche 12 octobre, le nom de Miss Champagne-Ardenne 2025 a \u00e9t\u00e9 d\u00e9voil\u00e9 sur les r\u00e9seaux du comit\u00e9&hellip;\n","protected":false},"author":2,"featured_media":458613,"comment_status":"","ping_status":"","sticky":false,"template":"","format":"standard","meta":{"footnotes":""},"categories":[1359],"tags":[58373,58374,244,58,59,1011,27,58372,3034,12664,626,973,58375],"class_list":{"0":"post-458612","1":"post","2":"type-post","3":"status-publish","4":"format-standard","5":"has-post-thumbnail","7":"category-people","8":"tag-bridget-jones-baby","9":"tag-colin-firth","10":"tag-commentaire","11":"tag-divertissement","12":"tag-entertainment","13":"tag-fr","14":"tag-france","15":"tag-louison-thevenin-miss-champagne-ardenne-2024","16":"tag-miss-france","17":"tag-miss-france-2025","18":"tag-paris","19":"tag-people","20":"tag-renu00e9e-zellweger"},"share_on_mastodon":{"url":"https:\/\/pubeurope.com\/@fr\/115364002747467272","error":""},"_links":{"self":[{"href":"https:\/\/www.europesays.com\/fr\/wp-json\/wp\/v2\/posts\/458612","targetHints":{"allow":["GET"]}}],"collection":[{"href":"https:\/\/www.europesays.com\/fr\/wp-json\/wp\/v2\/posts"}],"about":[{"href":"https:\/\/www.europesays.com\/fr\/wp-json\/wp\/v2\/types\/post"}],"author":[{"embeddable":true,"href":"https:\/\/www.europesays.com\/fr\/wp-json\/wp\/v2\/users\/2"}],"replies":[{"embeddable":true,"href":"https:\/\/www.europesays.com\/fr\/wp-json\/wp\/v2\/comments?post=458612"}],"version-history":[{"count":0,"href":"https:\/\/www.europesays.com\/fr\/wp-json\/wp\/v2\/posts\/458612\/revisions"}],"wp:featuredmedia":[{"embeddable":true,"href":"https:\/\/www.europesays.com\/fr\/wp-json\/wp\/v2\/media\/458613"}],"wp:attachment":[{"href":"https:\/\/www.europesays.com\/fr\/wp-json\/wp\/v2\/media?parent=458612"}],"wp:term":[{"taxonomy":"category","embeddable":true,"href":"https:\/\/www.europesays.com\/fr\/wp-json\/wp\/v2\/categories?post=458612"},{"taxonomy":"post_tag","embeddable":true,"href":"https:\/\/www.europesays.com\/fr\/wp-json\/wp\/v2\/tags?post=458612"}],"curies":[{"name":"wp","href":"https:\/\/api.w.org\/{rel}","templated":true}]}}