{"id":458616,"date":"2025-10-13T00:23:11","date_gmt":"2025-10-13T00:23:11","guid":{"rendered":"https:\/\/www.europesays.com\/fr\/458616\/"},"modified":"2025-10-13T00:23:11","modified_gmt":"2025-10-13T00:23:11","slug":"napoleon-plus-vivant-que-jamais","status":"publish","type":"post","link":"https:\/\/www.europesays.com\/fr\/458616\/","title":{"rendered":"Napol\u00e9on plus vivant que jamais"},"content":{"rendered":"<p>Deux cent quatre ans apr\u00e8s sa mort, le Petit Caporal a engendr\u00e9 un \u00ab empire de papier \u00bb : pr\u00e8s de 110000 livres auraient \u00e9t\u00e9 publi\u00e9s \u00e0 son sujet depuis 1821. Trois ouvrages passionnants viennent encore enrichir cette bibliographie.<\/p>\n<p>On conna\u00eet le c\u00e9l\u00e8bre jugement de <a href=\"https:\/\/www.parismatch.com\/Culture\/Livres\/Il-etait-une-fois-en-Armorique-Ces-Bretons-qui-ont-fait-la-France-1519046\" rel=\"nofollow noopener\" target=\"_blank\">Chateaubriand<\/a>, son meilleur ennemi, dans les \u00abM\u00e9moires d\u2019outre-tombe \u00bb : \u00ab Le monde appartient \u00e0 <a href=\"https:\/\/www.parismatch.com\/royal-blog\/napoleon-bonaparte-son-elegant-canot-ses-fideles-et-sa-politique-economique-et-sociale-242271\" rel=\"nofollow noopener\" target=\"_blank\">Bonaparte<\/a>. Vivant, il a manqu\u00e9 le monde; mort, il le poss\u00e8de.\u00bb L\u2019\u00e9crivain pensait-il que cette domination imp\u00e9riale post mortem subsisterait deux cents ans plus tard? Une chose est certaine, Napol\u00e9on demeure l\u2019une des figures phares \u2013 et une valeur s\u00fbre \u2013 de chaque rentr\u00e9e litt\u00e9raire. Une demi-douzaine d\u2019ouvrages sont publi\u00e9s ces jours-ci, venant enrichir une bibliographie forte de 110000 livres depuis la mort de l\u2019empereur en 1821.<\/p>\n<p>    La suite apr\u00e8s cette publicit\u00e9<\/p>\n<p>Dans \u00abNapol\u00e9on et le monde\u00bb, Thierry Lentz analyse ce ph\u00e9nom\u00e8ne dans une somme \u00e9rudite, compl\u00e8te et iconoclaste. L\u2019historien explique comment le fin strat\u00e8ge a tourn\u00e9 autour du monde de son vivant et, par la suite, gr\u00e2ce \u00e0 son impact sur le patrimoine, la culture populaire (films, pi\u00e8ces de th\u00e9\u00e2tre, romans, chansons ou sketchs) et les travaux scientifiques, comment le monde a fini par graviter autour de lui. \u00ab\u00c0 son exceptionnelle histoire r\u00e9elle s\u2019est amalgam\u00e9e une l\u00e9gende pr\u00e9par\u00e9e de son vivant et conqu\u00e9rante apr\u00e8s sa mort. [\u2026] Avec cette r\u00e9putation, il a peu de rivaux dans l\u2019histoire humaine, alors m\u00eame que son parcours s\u2019acheva par un cuisant \u00e9chec\u00bb, lance le directeur de la Fondation Napol\u00e9on.<\/p>\n<p>Avec Jos\u00e9phine, ils ont invent\u00e9 la communication politique intime<\/p>\n<p>De leur c\u00f4t\u00e9, les \u00e9ditions des Saints-P\u00e8res publient \u00e0 1000 exemplaires le <a href=\"https:\/\/www.parismatch.com\/Royal-Blog\/Napoleon-Bonaparte-vu-par-Edouard-Bignon-1743930\" rel=\"nofollow noopener\" target=\"_blank\">testament de Napol\u00e9on<\/a>, pr\u00e9cieusement conserv\u00e9 dans l\u2019armoire de fer des Archives nationales. Ce document historique renfermant les derni\u00e8res volont\u00e9s de l\u2019empereur \u2013 qui souhaitait \u00abreposer sur les bords de la Seine, au milieu de ce peuple fran\u00e7ais [qu\u2019il avait] tant aim\u00e9\u00bb \u2013 se r\u00e9v\u00e8le un puissant vecteur d\u2019\u00e9motion. Le manuscrit de l\u2019homme exil\u00e9 \u00e0 Sainte-H\u00e9l\u00e8ne traduit la longue agonie de celui qui autrefois r\u00e9gnait d\u2019une main de fer sur l\u2019Europe; l\u2019\u00e9criture y est de plus en plus illisible, \u00e0 l\u2019image des sept derniers codicilles ajout\u00e9s quinze jours avant sa mort. Dans son introduction, l\u2019historienne Chantal Pr\u00e9vot retrace la gen\u00e8se de ce testament et \u00e9voque les consid\u00e9rations politiques et les pol\u00e9miques qu\u2019il a provoqu\u00e9es pendant pr\u00e8s de trente ans apr\u00e8s la disparition de son auteur. On y d\u00e9couvre les legs surprenants de l\u2019empereur \u00e0 des soldats, des villes ou des d\u00e9partements. \u00abAu fil des ans, son testament a acquis une\u00a0aura particuli\u00e8re, entre gloire et chagrin, entre honneur et opprobre. Doit-on y voir une confession intime? Nullement. Une d\u00e9claration d\u2019affection familiale? Si peu. Un engagement pour son fils h\u00e9ritier? \u00c0 l\u2019\u00e9vidence. Un acte politique? Assur\u00e9ment. Un d\u00e9sir de retour et un ultime salut \u00e0 la terre fran\u00e7aise? S\u00fbrement\u00bb, \u00e9crit-elle.<\/p>\n<p>Enfin, Napol\u00e9on ne serait pas Napol\u00e9on s\u2019il n\u2019\u00e9tait pas un personnage romanesque. <a href=\"https:\/\/www.parismatch.com\/Culture\/napoleon-et-josephine-lamour-ouf-256546\" rel=\"nofollow noopener\" target=\"_blank\">Pierre Branda <\/a>s\u2019int\u00e9resse \u00e0 son histoire d\u2019amour avec sa premi\u00e8re femme. \u00abAvec Jos\u00e9phine et Napol\u00e9on, l\u2019intime et le grandiose furent inextricablement m\u00eal\u00e9s\u00bb, juge l\u2019historien. Ces deux-l\u00e0 se sont apprivois\u00e9s, ador\u00e9s, aim\u00e9s, aid\u00e9s, jalous\u00e9s, d\u00e9test\u00e9s, s\u00e9par\u00e9s et regrett\u00e9s. Le couple imp\u00e9rial a invent\u00e9 la communication politique intime. Le poids des mots, le choc des tableaux. \u00abEn ne dissociant point vie priv\u00e9e et vie publique, mais en faisant au contraire de leur union un atout public, Jos\u00e9phine et Napol\u00e9on pr\u00e9figurent les couples de pouvoir d\u2019aujourd\u2019hui. Sous le Consulat, Jos\u00e9phine devint ainsi la toute [premi\u00e8re] premi\u00e8re dame de l\u2019histoire, dont la notori\u00e9t\u00e9 est aussi forte que celle de leur mari.\u00bb Plus de deux cents\u00a0ans apr\u00e8s, les feux de l\u2019amour br\u00fblent toujours.<\/p>\n<p>    <img decoding=\"async\" src=\"https:\/\/www.europesays.com\/fr\/wp-content\/uploads\/2025\/10\/livresn.jpg\" alt=\"\u00abNapol\u00e9on et le monde, 1769-1925\u00bb, de Thierry Lentz, \u00e9d. Belin, 550 pages, 42euros. \u00abLe testament de Napol\u00e9on\u00bb, \u00e9d. des Saints-P\u00e8res, 134 pages, 160 euros. \u00abNapol\u00e9on &amp; Jos\u00e9phine. L\u2019intime et le grandiose\u00bb, de Pierre Branda, \u00e9d. Perrin, 368 pages, 23,90 euros.\" loading=\"lazy\"\/><\/p>\n<p>\n      \u00abNapol\u00e9on et le monde, 1769-1925\u00bb, de Thierry Lentz, \u00e9d. Belin, 550 pages, 42euros. \u00abLe testament de Napol\u00e9on\u00bb, \u00e9d. des Saints-P\u00e8res, 134 pages, 160 euros. \u00abNapol\u00e9on &amp; Jos\u00e9phine. L\u2019intime et le grandiose\u00bb, de Pierre Branda, \u00e9d. Perrin, 368 pages, 23,90 euros.<\/p>\n<p>                                \u00a9 DR                        <\/p>\n<p>\u00a0<\/p>\n","protected":false},"excerpt":{"rendered":"Deux cent quatre ans apr\u00e8s sa mort, le Petit Caporal a engendr\u00e9 un \u00ab empire de papier \u00bb&hellip;\n","protected":false},"author":2,"featured_media":458617,"comment_status":"","ping_status":"","sticky":false,"template":"","format":"standard","meta":{"footnotes":""},"categories":[1357],"tags":[1379,58,59,1011,27,1380],"class_list":{"0":"post-458616","1":"post","2":"type-post","3":"status-publish","4":"format-standard","5":"has-post-thumbnail","7":"category-livres","8":"tag-books","9":"tag-divertissement","10":"tag-entertainment","11":"tag-fr","12":"tag-france","13":"tag-livres"},"share_on_mastodon":{"url":"https:\/\/pubeurope.com\/@fr\/115364011174126451","error":""},"_links":{"self":[{"href":"https:\/\/www.europesays.com\/fr\/wp-json\/wp\/v2\/posts\/458616","targetHints":{"allow":["GET"]}}],"collection":[{"href":"https:\/\/www.europesays.com\/fr\/wp-json\/wp\/v2\/posts"}],"about":[{"href":"https:\/\/www.europesays.com\/fr\/wp-json\/wp\/v2\/types\/post"}],"author":[{"embeddable":true,"href":"https:\/\/www.europesays.com\/fr\/wp-json\/wp\/v2\/users\/2"}],"replies":[{"embeddable":true,"href":"https:\/\/www.europesays.com\/fr\/wp-json\/wp\/v2\/comments?post=458616"}],"version-history":[{"count":0,"href":"https:\/\/www.europesays.com\/fr\/wp-json\/wp\/v2\/posts\/458616\/revisions"}],"wp:featuredmedia":[{"embeddable":true,"href":"https:\/\/www.europesays.com\/fr\/wp-json\/wp\/v2\/media\/458617"}],"wp:attachment":[{"href":"https:\/\/www.europesays.com\/fr\/wp-json\/wp\/v2\/media?parent=458616"}],"wp:term":[{"taxonomy":"category","embeddable":true,"href":"https:\/\/www.europesays.com\/fr\/wp-json\/wp\/v2\/categories?post=458616"},{"taxonomy":"post_tag","embeddable":true,"href":"https:\/\/www.europesays.com\/fr\/wp-json\/wp\/v2\/tags?post=458616"}],"curies":[{"name":"wp","href":"https:\/\/api.w.org\/{rel}","templated":true}]}}