{"id":458620,"date":"2025-10-13T00:25:14","date_gmt":"2025-10-13T00:25:14","guid":{"rendered":"https:\/\/www.europesays.com\/fr\/458620\/"},"modified":"2025-10-13T00:25:14","modified_gmt":"2025-10-13T00:25:14","slug":"natasha-st-pier-se-confie-sur-ses-demarches-pour-obtenir-la-nationalite-francaise","status":"publish","type":"post","link":"https:\/\/www.europesays.com\/fr\/458620\/","title":{"rendered":"Natasha St Pier se confie sur ses d\u00e9marches pour obtenir la nationalit\u00e9 fran\u00e7aise"},"content":{"rendered":"<p>Ce 12 octobre, Natasha St Pier \u00e9tait l&rsquo;invit\u00e9e de Michel Drucker dans son \u00e9mission Vivement dimanche. Pour l&rsquo;occasion, la chanteuse, qui a repr\u00e9sent\u00e9 la France \u00e0 L&rsquo;Eurovision en 2001, a donn\u00e9 des nouvelles de sa demande de nationalit\u00e9 fran\u00e7aise. <\/p>\n<p>C&rsquo;est en repr\u00e9sentant la France au <a href=\"https:\/\/www.programme-tv.net\/news\/tv\/378836-eurovision-2025-on-sait-qui-va-succeder-a-natasha-st-pier-pour-annoncer-les-12-points-de-la-france-lors-de-la-finale\/\" data-api-deeplink=\"teleloisirs:\/\/news\/378836\" target=\"_blank\" rel=\"noopener\">concours de L&rsquo;Eurovision en 2001<\/a> que Natasha St Pier s&rsquo;est fait une r\u00e9putation solide au-del\u00e0 des fronti\u00e8res canadiennes. Depuis, la chanteuse, n\u00e9e \u00e0 Bathurst, s&rsquo;est impos\u00e9e parmi les visages phares de la chanson francophone. Apr\u00e8s avoir d\u00e9voil\u00e9 des tubes \u00e0 succ\u00e8s au cours des ann\u00e9es 2000, dont Tu trouveras en duo avec <a href=\"https:\/\/www.programme-tv.net\/news\/musique\/386304-mauvaise-nouvelle-pour-pascal-obispo-sa-comedie-musicale-les-dix-commandements-est-annulee\/\" data-api-deeplink=\"teleloisirs:\/\/news\/386304\" target=\"_blank\" rel=\"noopener\">Pascal Obispo,<\/a> sa carri\u00e8re a connu un second souffle en remportant<a href=\"https:\/\/www.programme-tv.net\/news\/tv\/387730-j-en-ai-garde-des-sequelles-natasha-st-pier-evoque-les-consequences-de-sa-participation-a-danse-avec-les-stars-sur-son-physique\/\" data-api-deeplink=\"teleloisirs:\/\/news\/387730\" target=\"_blank\" rel=\"noopener\"> la treizi\u00e8me saison de Danse avec les stars<\/a>. Alors qu&rsquo;elle vient de d\u00e9voiler un nouvel album dans lequel elle revisite les classiques de la musique fran\u00e7aise, Natasha St Pier a fait une apparition sur le plateau de Vivement dimanche pour promouvoir son projet, ce 12 octobre. Interrog\u00e9e par Michel Drucker, la chanteuse confie avoir fait une demande de nationalit\u00e9 fran\u00e7aise.<\/p>\n<p>                        \u00ab\u00a0<b>C&rsquo;est long, c&rsquo;est complexe\u2026<\/b>\u00a0\u00bb : Natasha St Pier se confie sur sa d\u00e9marche pour devenir citoyenne fran\u00e7aise<\/p>\n<p>Apr\u00e8s sa r\u00e9v\u00e9lation \u00e0 L&rsquo;Eurovision, Natasha St Pier a fait le choix de s&rsquo;installer en France en 2001. Alors qu&rsquo;elle renouvelle chaque ann\u00e9e son titre de s\u00e9jour depuis 25 ans, la chanteuse a d\u00e9cid\u00e9 de franchir une nouvelle \u00e9tape de sa vie en demandant officiellement la nationalit\u00e9 fran\u00e7aise : \u00ab\u00a0Mon titre de s\u00e9jour va expirer en 2025, et je vais demander la nationalit\u00e9 fran\u00e7aise. Cela va bient\u00f4t faire vingt-cinq ans que je suis dans ce pays et que j&rsquo;ai embrass\u00e9 sa culture et ses traditions. Il est temps de franchir une nouvelle \u00e9tape\u00a0\u00bb, confiait-elle dans les colonnes de <a href=\"https:\/\/www.programme-tv.net\/news\/people\/357365-il-est-temps-de-franchir-une-nouvelle-etape-natasha-st-pier-annonce-avoir-pris-une-grande-decision-concernant-son-avenir-en-france\/\" data-api-deeplink=\"teleloisirs:\/\/news\/357365\" target=\"_blank\" rel=\"noopener\">T\u00e9l\u00e9 Star<\/a>, en juillet 2024. Invit\u00e9e sur le plateau de Vivement dimanche, ce 12 octobre, l&rsquo;interpr\u00e8te de Je n&rsquo;ai que mon \u00e2me a donn\u00e9 des nouvelles de sa d\u00e9marche : \u00ab\u00a0<b>C&rsquo;est tr\u00e8s long. D&rsquo;ailleurs demain je passe un test oral et \u00e9crit pour prouver que je parle fran\u00e7ais et que je comprends<\/b>\u00ab\u00a0, t\u00e9moigne-t-elle sur le plateau de France 3, ne manquant pas de susciter les rires du public. Elle fait preuve de patience en attendant la r\u00e9ponse de l&rsquo;administration : \u00ab\u00a0<b>C&rsquo;est long, c&rsquo;est complexe&#8230; Mais, en m\u00eame temps, je le fais pour moi et aussi pour mon enfant qui, lui, a la citoyennet\u00e9 fran\u00e7aise et canadienne. J&rsquo;ai envie aujourd&rsquo;hui de pouvoir voter, de pouvoir vivre et exister dans ce pays.<\/b>\u00ab\u00a0, confie-t-elle face \u00e0 Michel Drucker, avant de conclure sur le sujet : \u00ab\u00a0J&rsquo;ai cette double culture maintenant et j&rsquo;ai envie que ce soit plus que des mots, d&rsquo;o\u00f9 cette demande de nationalit\u00e9.\u00a0\u00bb.<\/p>\n<p>            \u00ab\u00a0L\u2019enfant devient la seule et unique priorit\u00e9\u00a0\u00bb : Natasha St Pier \u00e9voque l&rsquo;\u00e9preuve difficile qu&rsquo;elle a travers\u00e9e avec le p\u00e8re de son fils<\/p>\n<p>En 2015, Natasha St Pier a accueilli <a href=\"https:\/\/www.programme-tv.net\/news\/people\/373788-exclu-on-est-alles-changer-la-batterie-du-scooter-natasha-st-pier-revient-sur-sa-reaction-pendant-que-son-fils-de-4-mois-subissait-une-lourde-operation-du-coeur\/\" data-api-deeplink=\"teleloisirs:\/\/news\/373788\" target=\"_blank\" rel=\"noopener\">son premier et unique fils, Bixente,<\/a> n\u00e9 de sa relation avec son ex-mari <a href=\"https:\/\/www.programme-tv.net\/biographie\/291715-quillacq-gregory\/\" data-link-people=\"f9876cd6-0955-4294-8f70-62c89a38a333\" target=\"_blank\" rel=\"noopener\">Gr\u00e9gory Quillacq<\/a>. Une raison qui l&rsquo;a pouss\u00e9e \u00e0 faire une demande de nationalit\u00e9 fran\u00e7aise. En 2021, la maman de 44 ans s&rsquo;\u00e9tait confi\u00e9e sur la malformation cardiaque de son fils et la s\u00e9paration avec le p\u00e8re de ce dernier : \u00ab\u00a0Je me suis s\u00e9par\u00e9e du papa de Bixente, \u00e7a arrive \u00e0 beaucoup de couples qui traversent ce que nous avons v\u00e9cu, parce que l\u2019enfant devient la seule et unique priorit\u00e9\u00a0\u00bb.<\/p>\n","protected":false},"excerpt":{"rendered":"Ce 12 octobre, Natasha St Pier \u00e9tait l&rsquo;invit\u00e9e de Michel Drucker dans son \u00e9mission Vivement dimanche. Pour l&rsquo;occasion,&hellip;\n","protected":false},"author":2,"featured_media":458621,"comment_status":"","ping_status":"","sticky":false,"template":"","format":"standard","meta":{"footnotes":""},"categories":[1355],"tags":[244,58,59,1011,27,877,1361,873,13783,878,1630],"class_list":{"0":"post-458620","1":"post","2":"type-post","3":"status-publish","4":"format-standard","5":"has-post-thumbnail","7":"category-musique","8":"tag-commentaire","9":"tag-divertissement","10":"tag-entertainment","11":"tag-fr","12":"tag-france","13":"tag-michel-drucker","14":"tag-music","15":"tag-musique","16":"tag-natasha-st-pier","17":"tag-vivement-dimanche","18":"tag-zapping"},"share_on_mastodon":{"url":"https:\/\/pubeurope.com\/@fr\/115364018550161641","error":""},"_links":{"self":[{"href":"https:\/\/www.europesays.com\/fr\/wp-json\/wp\/v2\/posts\/458620","targetHints":{"allow":["GET"]}}],"collection":[{"href":"https:\/\/www.europesays.com\/fr\/wp-json\/wp\/v2\/posts"}],"about":[{"href":"https:\/\/www.europesays.com\/fr\/wp-json\/wp\/v2\/types\/post"}],"author":[{"embeddable":true,"href":"https:\/\/www.europesays.com\/fr\/wp-json\/wp\/v2\/users\/2"}],"replies":[{"embeddable":true,"href":"https:\/\/www.europesays.com\/fr\/wp-json\/wp\/v2\/comments?post=458620"}],"version-history":[{"count":0,"href":"https:\/\/www.europesays.com\/fr\/wp-json\/wp\/v2\/posts\/458620\/revisions"}],"wp:featuredmedia":[{"embeddable":true,"href":"https:\/\/www.europesays.com\/fr\/wp-json\/wp\/v2\/media\/458621"}],"wp:attachment":[{"href":"https:\/\/www.europesays.com\/fr\/wp-json\/wp\/v2\/media?parent=458620"}],"wp:term":[{"taxonomy":"category","embeddable":true,"href":"https:\/\/www.europesays.com\/fr\/wp-json\/wp\/v2\/categories?post=458620"},{"taxonomy":"post_tag","embeddable":true,"href":"https:\/\/www.europesays.com\/fr\/wp-json\/wp\/v2\/tags?post=458620"}],"curies":[{"name":"wp","href":"https:\/\/api.w.org\/{rel}","templated":true}]}}