{"id":458628,"date":"2025-10-13T00:29:11","date_gmt":"2025-10-13T00:29:11","guid":{"rendered":"https:\/\/www.europesays.com\/fr\/458628\/"},"modified":"2025-10-13T00:29:11","modified_gmt":"2025-10-13T00:29:11","slug":"ary-abittan-se-confie-sur-sa-depression-suite-aux-accusations-de-viol","status":"publish","type":"post","link":"https:\/\/www.europesays.com\/fr\/458628\/","title":{"rendered":"Ary Abittan se confie sur sa d\u00e9pression suite aux accusations de viol"},"content":{"rendered":"<p>    Ary Abittan dans \u00abUn dimanche \u00e0 la campagne\u00bb<br \/>\n                Capture d&rsquo;\u00e9cran<\/p>\n<p>\n    Le com\u00e9dien et humoriste \u00e9tait l\u2019invit\u00e9 de Fr\u00e9d\u00e9ric Lopez ce dimanche sur France 2. L\u2019occasion pour lui de faire un tour d\u2019horizon de sa carri\u00e8re, mais \u00e9galement des difficult\u00e9s rencontr\u00e9es dans sa vie.<\/p>\n<p class=\"fig-paragraph\">Apr\u00e8s trois ann\u00e9es d\u2019absence,\u00a0<a href=\"https:\/\/www.lefigaro.fr\/tag\/ary-abittan\" target=\"_blank\" rel=\"nofollow noopener\" data-gtm-custom-categorie=\"navigation\" data-gtm-custom-action=\"crossclick\" data-gtm-custom-label=\"Contextuel\" data-gtm-event=\"customEventSPE\"><strong>Ary Abittan<\/strong><\/a> \u00a0revient peu \u00e0 peu dans le paysage m\u00e9diatique fran\u00e7ais. Ce 12 octobre, il \u00e9tait l\u2019invit\u00e9 de\u00a0<a href=\"https:\/\/www.lefigaro.fr\/tag\/frederic-lopez\" target=\"_blank\" rel=\"nofollow noopener\" data-gtm-custom-categorie=\"navigation\" data-gtm-custom-action=\"crossclick\" data-gtm-custom-label=\"Contextuel\" data-gtm-event=\"customEventSPE\">Fr\u00e9d\u00e9ric Lopez<\/a>\u00a0dans l\u2019\u00e9mission \u00abUn dimanche \u00e0 la campagne\u00bb diffus\u00e9e sur\u00a0<a href=\"https:\/\/tvmag.lefigaro.fr\/programme-tv\/chaine\/4\/tous-les-programmes-de-france-2\" target=\"_blank\" rel=\"nofollow noopener\" data-gtm-custom-categorie=\"navigation\" data-gtm-custom-action=\"crossclick\" data-gtm-custom-label=\"Contextuel\" data-gtm-event=\"customEventSPE\">France 2<\/a>. Et si l\u2019id\u00e9e n\u2019\u00e9tait en aucun cas de revenir longuement sur les accusations de viol par lesquelles l\u2019humoriste a \u00e9t\u00e9 vis\u00e9 en 2021 &#8211; et dont il a \u00e9t\u00e9 innocent\u00e9 par un non-lieu en juin 2024 &#8211; le sujet est tout de m\u00eame revenu dans la conversation.<\/p>\n<p class=\"fig-paragraph\">Preuve s\u2019il en faut que l\u2019\u00e9mission dominicale n\u2019est pas simplement une succession de t\u00e9moignages mais bel et bien un partage entre les diff\u00e9rents invit\u00e9s, Ary Abittan a questionn\u00e9, lors du d\u00eener, Rapha\u00eblle Giordano sur le burn-out qu\u2019elle a subi avant de se lancer pleinement dans l\u2019\u00e9criture. \u00abAvant \u00e7a s\u2019appelait comment\u00a0?\u00bb, l\u2019a-t-il interrog\u00e9.\u00a0<\/p>\n<p class=\"fig-body-link\">\n            \u00c0 lire aussi<br \/>\n        <a class=\"fig-body-link__link\" href=\"http:\/\/tvmag.lefigaro.fr\/programme-tv\/actu-tele\/j-ai-quitte-femme-et-enfants-pour-elle-andre-manoukian-devoile-comment-il-est-tombe-amoureux-de-liane-foly-20251012\" target=\"_blank\" data-fig-type=\"Article\" rel=\"noopener\" data-gtm-custom-categorie=\"navigation\" data-gtm-custom-action=\"crossclick\" data-gtm-custom-label=\"Contextuel\" data-gtm-event=\"customEventSPE\" data-fig-domain=\"TVMAG\">\u00abJ\u2019ai quitt\u00e9 femme et enfants pour elle\u00bb\u00a0: Andr\u00e9 Manoukian d\u00e9voile comment il est tomb\u00e9 amoureux de Liane Foly<br \/>\n    <\/a>\n<\/p>\n<p>                                    <a class=\"fig-a11y-skip a11y-hidden\" href=\"#fig-a11y-skip-main-inarticle\"><br \/>\n        Passer la publicit\u00e9<br \/>\n    <\/a><\/p>\n<p class=\"fig-paragraph\">\u00ab\u00c7a fait plus chic de dire burn-out que d\u00e9pression. Il ne faut pas oublier que le mot d\u00e9pression, socialement, est mal vu. Tu es point\u00e9 du doigt quand tu dis que tu fais une d\u00e9pression\u00bb, souligne l\u2019autrice de Ta deuxi\u00e8me vie commence quand tu comprends que tu n\u2019en as qu\u2019une. Cet \u00e9tat, Ary Abittan en sait quelque chose ayant lui m\u00eame travers\u00e9 une d\u00e9pression. \u00abJe l\u2019ai connue apr\u00e8s cette accusation. \u00c7a a \u00e9t\u00e9 tr\u00e8s dur pour moi effectivement. Mon psy m\u2019a dit\u00a0: \u201cLa d\u00e9pression c\u2019est de ne pas avoir envie de\u201d. C\u2019est l\u00e0 o\u00f9 j\u2019ai d\u00e9couvert que c\u2019\u00e9tait une maladie grave. Une maladie qu\u2019il ne faut pas laisser comme \u00e7a parce que c\u2019est terrible en fait\u00bb, a-t-il confi\u00e9. Et de poursuivre en d\u00e9tail\u00a0: \u00abC\u2019est-\u00e0-dire qu\u2019il faut faire exactement l\u2019inverse de tout ce que tu n\u2019as pas envie de faire. Tu n\u2019as plus envie de te lever le matin, eh bien il faut se lever le matin. Et c\u2019est \u00e7a qui va te sortir de l\u00e0.\u00bb<\/p>\n<p class=\"fig-paragraph\">Un t\u00e9moignage qui a particuli\u00e8rement touch\u00e9 Andr\u00e9 Manoukian et qui a fait \u00e9cho pour Rapha\u00eblle Giordano. \u00abTu ne trouves pas que l\u2019on grandit par crise aussi\u00a0? On les appr\u00e9hende et en m\u00eame temps c\u2019est fou ce que l\u2019on peut apprendre sur nous-m\u00eame, \u00e7a peut nous faire avancer\u00bb, a-t-elle partag\u00e9 dans la conversation. Une r\u00e9flexion largement acquiesc\u00e9e par Ary Abittan.<\/p>\n","protected":false},"excerpt":{"rendered":"Ary Abittan dans \u00abUn dimanche \u00e0 la campagne\u00bb Capture d&rsquo;\u00e9cran Le com\u00e9dien et humoriste \u00e9tait l\u2019invit\u00e9 de Fr\u00e9d\u00e9ric&hellip;\n","protected":false},"author":2,"featured_media":458629,"comment_status":"","ping_status":"","sticky":false,"template":"","format":"standard","meta":{"footnotes":""},"categories":[8],"tags":[19796,58,59,1011,27],"class_list":{"0":"post-458628","1":"post","2":"type-post","3":"status-publish","4":"format-standard","5":"has-post-thumbnail","7":"category-divertissement","8":"tag-ary-abittan","9":"tag-divertissement","10":"tag-entertainment","11":"tag-fr","12":"tag-france"},"share_on_mastodon":{"url":"https:\/\/pubeurope.com\/@fr\/115364034275164069","error":""},"_links":{"self":[{"href":"https:\/\/www.europesays.com\/fr\/wp-json\/wp\/v2\/posts\/458628","targetHints":{"allow":["GET"]}}],"collection":[{"href":"https:\/\/www.europesays.com\/fr\/wp-json\/wp\/v2\/posts"}],"about":[{"href":"https:\/\/www.europesays.com\/fr\/wp-json\/wp\/v2\/types\/post"}],"author":[{"embeddable":true,"href":"https:\/\/www.europesays.com\/fr\/wp-json\/wp\/v2\/users\/2"}],"replies":[{"embeddable":true,"href":"https:\/\/www.europesays.com\/fr\/wp-json\/wp\/v2\/comments?post=458628"}],"version-history":[{"count":0,"href":"https:\/\/www.europesays.com\/fr\/wp-json\/wp\/v2\/posts\/458628\/revisions"}],"wp:featuredmedia":[{"embeddable":true,"href":"https:\/\/www.europesays.com\/fr\/wp-json\/wp\/v2\/media\/458629"}],"wp:attachment":[{"href":"https:\/\/www.europesays.com\/fr\/wp-json\/wp\/v2\/media?parent=458628"}],"wp:term":[{"taxonomy":"category","embeddable":true,"href":"https:\/\/www.europesays.com\/fr\/wp-json\/wp\/v2\/categories?post=458628"},{"taxonomy":"post_tag","embeddable":true,"href":"https:\/\/www.europesays.com\/fr\/wp-json\/wp\/v2\/tags?post=458628"}],"curies":[{"name":"wp","href":"https:\/\/api.w.org\/{rel}","templated":true}]}}