{"id":458639,"date":"2025-10-13T00:36:26","date_gmt":"2025-10-13T00:36:26","guid":{"rendered":"https:\/\/www.europesays.com\/fr\/458639\/"},"modified":"2025-10-13T00:36:26","modified_gmt":"2025-10-13T00:36:26","slug":"lamba-fait-une-declaration-sur-le-club-et-ca-va-ravir-les-supporters","status":"publish","type":"post","link":"https:\/\/www.europesays.com\/fr\/458639\/","title":{"rendered":"Lamba fait une d\u00e9claration sur le club et \u00e7a va ravir les supporters\u00a0"},"content":{"rendered":"<p>\t\t<img width=\"780\" height=\"470\" class=\"attachment-jannah-image-post size-jannah-image-post wp-post-image lazyload\" alt=\"\" decoding=\"async\" fetchpriority=\"high\" src=\"https:\/\/www.europesays.com\/fr\/wp-content\/uploads\/2025\/10\/iconsport_266377_0150-1200x800.jpg-1-780x470.webp.webp\" data-eio-rwidth=\"780\" data-eio-rheight=\"470\"\/><\/p>\n<p>Pilier de la ligne d\u00e9fensive de l\u2019AS Saint-\u00c9tienne, <strong>Chico Lamba s\u2019est rapidement impos\u00e9 comme un \u00e9l\u00e9ment cl\u00e9 du collectif depuis son arriv\u00e9e r\u00e9cente dans la Loire.<\/strong> Originaire du Portugal, il a rejoint les Verts en provenance du club d\u2019Arouca pendant le mercato estival.<\/p>\n<p>Le jeune joueur, form\u00e9 au Sporting, a rapidement compris l\u2019importance du club dans le paysage footballistique, tant en France qu\u2019\u00e0 l\u2019\u00e9tranger. <strong>Lamba a ainsi r\u00e9v\u00e9l\u00e9 que m\u00eame de l\u2019autre c\u00f4t\u00e9 des Pyr\u00e9n\u00e9es, le nom de Saint-\u00c9tienne et l\u2019ambiance de son stade r\u00e9sonnent.<\/strong> Il a confi\u00e9 : \u00ab Saint-\u00c9tienne, c\u2019est un nom qui parle. Au Portugal, on conna\u00eet ce club, ses supporters. [\u2026] J\u2019ai regard\u00e9 des vid\u00e9os, je savais dans quoi je m\u2019engageais \u00bb.<\/p>\n<p>Ce t\u00e9moignage met en lumi\u00e8re la notori\u00e9t\u00e9 de l\u2019enceinte Geoffroy-Guichard, r\u00e9put\u00e9e pour la ferveur de ses tribunes et son public passionn\u00e9. <strong>Lamba ne cache pas son admiration pour cette atmosph\u00e8re unique, qu\u2019il consid\u00e8re comme l\u2019une des plus remarquables en Europe.<\/strong><\/p>\n<p>Depuis qu\u2019il a enfil\u00e9 la tunique st\u00e9phanoise, le d\u00e9fenseur central s\u2019est adapt\u00e9 \u00e0 la rigueur de la Ligue 2, contribuant activement au bon d\u00e9but de saison de son \u00e9quipe. Il souligne l\u2019importance du soutien des supporters dans la r\u00e9ussite collective.<\/p>\n<p>Dans quelques jours, <strong>Chico Lamba et ses co\u00e9quipiers auront l\u2019occasion de retrouver leur public lors d\u2019un nouveau match \u00e0 domicile contre Le Mans<\/strong>, un rendez-vous que le joueur semble attendre avec impatience.<\/p>\n","protected":false},"excerpt":{"rendered":"Pilier de la ligne d\u00e9fensive de l\u2019AS Saint-\u00c9tienne, Chico Lamba s\u2019est rapidement impos\u00e9 comme un \u00e9l\u00e9ment cl\u00e9 du&hellip;\n","protected":false},"author":2,"featured_media":458640,"comment_status":"","ping_status":"","sticky":false,"template":"","format":"standard","meta":{"footnotes":""},"categories":[9653],"tags":[1111,11,2430,1777,674,1011,27,12,25,4001],"class_list":{"0":"post-458639","1":"post","2":"type-post","3":"status-publish","4":"format-standard","5":"has-post-thumbnail","7":"category-saint-etienne","8":"tag-actu","9":"tag-actualites","10":"tag-auvergne-rhone-alpes","11":"tag-eu","12":"tag-europe","13":"tag-fr","14":"tag-france","15":"tag-news","16":"tag-republique-francaise","17":"tag-saint-etienne"},"share_on_mastodon":{"url":"https:\/\/pubeurope.com\/@fr\/115364062252038995","error":""},"_links":{"self":[{"href":"https:\/\/www.europesays.com\/fr\/wp-json\/wp\/v2\/posts\/458639","targetHints":{"allow":["GET"]}}],"collection":[{"href":"https:\/\/www.europesays.com\/fr\/wp-json\/wp\/v2\/posts"}],"about":[{"href":"https:\/\/www.europesays.com\/fr\/wp-json\/wp\/v2\/types\/post"}],"author":[{"embeddable":true,"href":"https:\/\/www.europesays.com\/fr\/wp-json\/wp\/v2\/users\/2"}],"replies":[{"embeddable":true,"href":"https:\/\/www.europesays.com\/fr\/wp-json\/wp\/v2\/comments?post=458639"}],"version-history":[{"count":0,"href":"https:\/\/www.europesays.com\/fr\/wp-json\/wp\/v2\/posts\/458639\/revisions"}],"wp:featuredmedia":[{"embeddable":true,"href":"https:\/\/www.europesays.com\/fr\/wp-json\/wp\/v2\/media\/458640"}],"wp:attachment":[{"href":"https:\/\/www.europesays.com\/fr\/wp-json\/wp\/v2\/media?parent=458639"}],"wp:term":[{"taxonomy":"category","embeddable":true,"href":"https:\/\/www.europesays.com\/fr\/wp-json\/wp\/v2\/categories?post=458639"},{"taxonomy":"post_tag","embeddable":true,"href":"https:\/\/www.europesays.com\/fr\/wp-json\/wp\/v2\/tags?post=458639"}],"curies":[{"name":"wp","href":"https:\/\/api.w.org\/{rel}","templated":true}]}}