{"id":458655,"date":"2025-10-13T00:48:13","date_gmt":"2025-10-13T00:48:13","guid":{"rendered":"https:\/\/www.europesays.com\/fr\/458655\/"},"modified":"2025-10-13T00:48:13","modified_gmt":"2025-10-13T00:48:13","slug":"la-deputee-europeenne-bretonne-marie-pierre-vedrenne-nommee-ministre-deleguee-a","status":"publish","type":"post","link":"https:\/\/www.europesays.com\/fr\/458655\/","title":{"rendered":"La d\u00e9put\u00e9e europ\u00e9enne bretonne Marie-Pierre Vedrenne nomm\u00e9e ministre d\u00e9l\u00e9gu\u00e9e \u00e0"},"content":{"rendered":"<p>La d\u00e9put\u00e9e europ\u00e9enne bretonne Marie-Pierre Vedrenne, 43\u00a0ans, est l\u2019une des nouvelles t\u00eates figurant dans la composition du deuxi\u00e8me gouvernement de S\u00e9bastien Lecornu, annonc\u00e9 ce dimanche 12\u00a0octobre 2025. Elle est nomm\u00e9e ministre d\u00e9l\u00e9gu\u00e9e aupr\u00e8s du nouveau ministre de l\u2019Int\u00e9rieur\u00a0Laurent Nu\u00f1ez. <a href=\"https:\/\/rennes.maville.com\/actu\/actudet_-gouvernement-lecornu-2-la-bretonne-francoise-gatel-redevient-ministre-avec-un-nouveau-portefeuille-_7-7017161_actu.Htm\" target=\"_blank\" rel=\"noopener\">Avec Fran\u00e7oise Gatel, elle est la deuxi\u00e8me personnalit\u00e9 politique d\u2019Ille-et-Vilaine \u00e0 entrer au gouvernement<\/a>.<\/p>\n<p><strong>Lire aussi\u00a0:<\/strong>\u00a0<a href=\"https:\/\/www.ouest-france.fr\/politique\/gouvernement\/direct-vers-un-gouvernement-lecornu-2-demain-ou-mardi-c050934c-a838-45bd-a422-a3e14c6f81ce\" target=\"_blank\" rel=\"noopener\">Le nouveau gouvernement Lecornu d\u00e9voil\u00e9<\/a><\/p>\n<p>Marie-Pierre Vedrenne est une personnalit\u00e9 d\u00e9j\u00e0 connue en Bretagne, notamment en Ille-et-Vilaine o\u00f9 elle a dirig\u00e9 pendant plusieurs ann\u00e9es la maison de l\u2019Europe de Rennes et de Haute-Bretagne.<\/p>\n<p>Originaire de Limoges, elle a suivi des \u00e9tudes de droit public g\u00e9n\u00e9ral et europ\u00e9en, avant de rejoindre la capitale bretonne pour passer un master 2\u00a0de juriste en droit de l\u2019Union europ\u00e9enne et de l\u2019Organisation mondiale du commerce. <a href=\"https:\/\/rennes.maville.com\/info\/info-locale\/luniversitaire-jean-raux-est-decede-1820128\" target=\"_blank\" rel=\"noopener\">Un dipl\u00f4me cr\u00e9\u00e9 \u00e0 l\u2019\u00e9poque par Jean Raux<\/a> (d\u00e9c\u00e9d\u00e9 en 2013), professeur \u00e0 la facult\u00e9 de droit de l\u2019universit\u00e9 Rennes 1 et jusqu\u2019en 1995 adjoint au maire de Rennes, d\u00e9l\u00e9gu\u00e9 aux relations internationales et aux affaires europ\u00e9ennes.<\/p>\n<p>Un engagement politique pro-europ\u00e9en<\/p>\n<p>Marie-Pierre Vedrenne a \u00e9galement \u00e9t\u00e9 engag\u00e9e dans le mouvement des Jeunes Europ\u00e9ens-France (plut\u00f4t f\u00e9d\u00e9raliste), dont elle a \u00e9t\u00e9 la pr\u00e9sidente rennaise, puis la vice-pr\u00e9sidente nationale En 2010, Elle avait \u00e9t\u00e9 candidate aux \u00e9lections r\u00e9gionales sur la liste du Mouvement d\u00e9mocrate, (Modem), en quatri\u00e8me place sur la liste d\u2019Ille-et-Vilaine conduite par Gr\u00e9goire Le Blond, le maire de Chantepie.<\/p>\n<p>En 2017, elle avait \u00e9t\u00e9 candidate \u00e0 l\u2019investiture de la R\u00e9publique en marche aux \u00e9lections l\u00e9gislatives pour la sixi\u00e8me circonscription d\u2019Ille-et-Vilaine. En mai\u00a02019, cette sp\u00e9cialiste de l\u2019Europe est happ\u00e9e par son destin politique en se retrouvant en 3e place (donc \u00e9ligible) sur la liste Renaissance port\u00e9e par La R\u00e9publique en marche, deuxi\u00e8me femme apr\u00e8s la ministre aux affaires europ\u00e9ennes Nathalie Loiseau, et juste apr\u00e8s l\u2019\u00e9cologiste Pascal Canfin. En juin\u00a02024, en troisi\u00e8me position sur la liste Besoin d\u2019Europe, men\u00e9e par Val\u00e9rie Hayer, l\u2019eurod\u00e9put\u00e9e sortante <a href=\"https:\/\/rennes.maville.com\/actu\/actudet_-europeennes.-la-bretonne-marie-pierre-vedrenne-reelue-mais-amere-c-est-une-defaite-pour-nous-_7-6328301_actu.Htm\" target=\"_blank\" rel=\"noopener\">Marie-Pierre Vedrenne est r\u00e9\u00e9lue lors des \u00e9lections europ\u00e9ennes<\/a> \u00e0 l\u2019issue desquelles le pr\u00e9sident de la R\u00e9publique Emmanuel Macron d\u00e9cidera de dissoudre l\u2019Assembl\u00e9e nationale.<\/p>\n<p>\u00a0<\/p>\n","protected":false},"excerpt":{"rendered":"La d\u00e9put\u00e9e europ\u00e9enne bretonne Marie-Pierre Vedrenne, 43\u00a0ans, est l\u2019une des nouvelles t\u00eates figurant dans la composition du deuxi\u00e8me&hellip;\n","protected":false},"author":2,"featured_media":458656,"comment_status":"","ping_status":"","sticky":false,"template":"","format":"standard","meta":{"footnotes":""},"categories":[2821],"tags":[1111,11,829,12103,10506,28172,1777,674,4538,1011,27,16978,58379,3784,12,54204,584,25,58380],"class_list":{"0":"post-458655","1":"post","2":"type-post","3":"status-publish","4":"format-standard","5":"has-post-thumbnail","7":"category-rennes","8":"tag-actu","9":"tag-actualites","10":"tag-bretagne","11":"tag-bretonne","12":"tag-deleguee","13":"tag-deputee","14":"tag-eu","15":"tag-europe","16":"tag-europeenne","17":"tag-fr","18":"tag-france","19":"tag-interieur","20":"tag-marie-pierre","21":"tag-ministre","22":"tag-news","23":"tag-nommee","24":"tag-rennes","25":"tag-republique-francaise","26":"tag-vedrenne"},"share_on_mastodon":{"url":"https:\/\/pubeurope.com\/@fr\/115364108949586947","error":""},"_links":{"self":[{"href":"https:\/\/www.europesays.com\/fr\/wp-json\/wp\/v2\/posts\/458655","targetHints":{"allow":["GET"]}}],"collection":[{"href":"https:\/\/www.europesays.com\/fr\/wp-json\/wp\/v2\/posts"}],"about":[{"href":"https:\/\/www.europesays.com\/fr\/wp-json\/wp\/v2\/types\/post"}],"author":[{"embeddable":true,"href":"https:\/\/www.europesays.com\/fr\/wp-json\/wp\/v2\/users\/2"}],"replies":[{"embeddable":true,"href":"https:\/\/www.europesays.com\/fr\/wp-json\/wp\/v2\/comments?post=458655"}],"version-history":[{"count":0,"href":"https:\/\/www.europesays.com\/fr\/wp-json\/wp\/v2\/posts\/458655\/revisions"}],"wp:featuredmedia":[{"embeddable":true,"href":"https:\/\/www.europesays.com\/fr\/wp-json\/wp\/v2\/media\/458656"}],"wp:attachment":[{"href":"https:\/\/www.europesays.com\/fr\/wp-json\/wp\/v2\/media?parent=458655"}],"wp:term":[{"taxonomy":"category","embeddable":true,"href":"https:\/\/www.europesays.com\/fr\/wp-json\/wp\/v2\/categories?post=458655"},{"taxonomy":"post_tag","embeddable":true,"href":"https:\/\/www.europesays.com\/fr\/wp-json\/wp\/v2\/tags?post=458655"}],"curies":[{"name":"wp","href":"https:\/\/api.w.org\/{rel}","templated":true}]}}