{"id":458662,"date":"2025-10-13T00:54:19","date_gmt":"2025-10-13T00:54:19","guid":{"rendered":"https:\/\/www.europesays.com\/fr\/458662\/"},"modified":"2025-10-13T00:54:19","modified_gmt":"2025-10-13T00:54:19","slug":"dissolution-municipales-et-autres-echos-de-la-redaction-de-presse-ocean","status":"publish","type":"post","link":"https:\/\/www.europesays.com\/fr\/458662\/","title":{"rendered":"Dissolution, municipales et autres \u00e9chos de la r\u00e9daction de Presse Oc\u00e9an"},"content":{"rendered":"<p>Qui a dit quoi\u00a0? Qui a fait quoi\u00a0? La r\u00e9daction de  <a href=\"https:\/\/www.ouest-france.fr\/presse-ocean\/\" target=\"_self\" rel=\"noopener\">Presse Oc\u00e9an<\/a>  a rassembl\u00e9 pour vous les petites phrases et les \u00e9chos glan\u00e9s ici et l\u00e0. Ce qu\u2019il ne fallait pas manquer en Loire-Atlantique cette semaine du 6 au 10\u00a0octobre 2025.<\/p>\n<p>Retrouvez chaque semaine les indiscr\u00e9tions de la r\u00e9daction.<\/p>\n<p>Ramettes<\/p>\n<p>Selon Andy Kerbrat, tous les partis politiques, dont le sien, s\u2019attendaient <a href=\"https:\/\/nantes.maville.com\/actu\/actudet_-demission-de-sebastien-lecornu-de-gauche-a-droite-qui-dit-quoi-en-loire-atlantique-_8-7008083_actu.Htm\" target=\"_self\" rel=\"noopener\">\u00e0 l\u2019annonce d\u2019une dissolution de l\u2019Assembl\u00e9e nationale lundi soir.<\/a><\/p>\n<p>En pr\u00e9vision, plusieurs formations avaient m\u00eame d\u00e9j\u00e0 contact\u00e9 l\u2019imprimerie nantaise Parenth\u00e8ses, \u00e0 laquelle elles font r\u00e9guli\u00e8rement appel, pour faire imprimer le mat\u00e9riel \u00e9lectoral de leurs candidats. \u00a0Ils \u00e9taient sur le point de commander des ramettes de papier\u00a0, poursuit le d\u00e9put\u00e9 LFI.<\/p>\n<p>Ce ne pourrait bien \u00eatre que partie remise.<\/p>\n<p> <a href=\"https:\/\/nantes.maville.com\/actu\/actudet_-municipales.-un-pas-de-plus-vers-une-liste-lfi-a-nantes-_52716-7012890_actu.Htm\" target=\"_self\" rel=\"noopener\">? \u00c0 LIRE AUSSI.\u00a0Municipales. Un pas de plus vers une liste LFI \u00e0 Nantes<\/a> <\/p>\n<p>Prudent<\/p>\n<p>\u00c0 la question de savoir si lui-m\u00eame se repr\u00e9sentera dans la 2e circonscription (Nantes centre) en cas de dissolution, Andy Kerbrat botte en touche\u00a0: \u00a0C\u2019est le parti qui d\u00e9cidera\u00a0.<\/p>\n<p>Il est vrai que depuis sa r\u00e9\u00e9lection d\u00e8s le premier tour, en juin\u00a02024, <a href=\"https:\/\/nantes.maville.com\/actu\/actudet_-le-retour-aux-affaires-d-andy-kerbrat-depute-insoumis-on-n-est-pas-heureux-quand-on-se-drogue-_8-6866873_actu.Htm\" target=\"_self\" rel=\"noopener\">les vents semblent moins porteurs pour le d\u00e9put\u00e9 LFI qui avait provoqu\u00e9 un scandale, il y a an, apr\u00e8s avoir achet\u00e9 de la drogue \u00e0 un mineur avec ses frais de mandat.<\/a><\/p>\n<p>Mais en th\u00e9orie, rien n\u2019emp\u00eache l\u2019\u00e9lu insoumis, qui a retrouv\u00e9 son si\u00e8ge \u00e0 l\u2019Assembl\u00e9e fin juin, de se repr\u00e9senter. MercatoApr\u00e8s onze ans \u00e0 la direction du p\u00f4le ressources humaines du CHU de Nantes, Luc-Olivier Machon quitte ce poste strat\u00e9gique. Il prend la codirection du p\u00f4le investissement et logistique du CHU, avec l\u2019ouverture du futur h\u00f4pital en perspective.<\/p>\n<p>Dessin de Frap<\/p>\n<p>\t<img decoding=\"async\" src=\"https:\/\/www.europesays.com\/fr\/wp-content\/uploads\/2025\/10\/P35517240D7016575G_px_640_.jpg\" alt=\"photo le dessin de frap du samedi 11 octobre 2025.  \u00a9  frap\" width=\"640\" title=\" Le dessin de Frap du samedi 11 octobre 2025.   Frap \"\/><\/p>\n<p class=\"elmt-legende\"> Le dessin de Frap du samedi 11 octobre 2025.   Frap <\/p>\n<p>Carte<\/p>\n<p>\u00a0Pourquoi t\u2019as repris ta carte chez LR (les R\u00e9publicains)\u00a0? Si t\u2019avais pas repris ton adh\u00e9sion, tu n\u2019aurais pas eu \u00e0 passer par la case primaire et tu serais apparu comme celui qui rassemble tout le monde, puisque t\u2019\u00e9tais en dehors des partis et que t\u2019avais le soutien du centre\u00a0.<\/p>\n<p>L\u2019analyse a \u00e9t\u00e9 r\u00e9p\u00e9t\u00e9e jusqu\u2019\u00e0 sati\u00e9t\u00e9 \u00e0 Julien Bainvel, \u00e9lu nantais et m\u00e9tropolitain, apr\u00e8s qu\u2019il a essuy\u00e9 un cuisant revers face \u00e0 <a href=\"https:\/\/nantes.maville.com\/actu\/actudet_-foulques-chombart-de-lauwe-officiellement-investi-par-les-lr-_8-6990716_actu.Htm\" target=\"_self\" rel=\"noopener\">Foulques Chombart de Lauwe, choisi par le camp LR pour les \u00e9lections municipales de mars prochain<\/a>.<\/p>\n<p>Et ce, y compris\u2026 par une multitude d\u2019\u00e9lus LR.<\/p>\n<p> <a href=\"https:\/\/nantes.maville.com\/actu\/actudet_--il-n-y-a-pas-d-union-apres-sa-defaite-a-la-primaire-lr-a-nantes-julien-bainvel-se-livre-_8-6981175_actu.Htm\" target=\"_self\" rel=\"noopener\">? \u00c0 LIRE AUSSI. \u00ab\u00a0Il n\u2019y a pas d\u2019union\u00a0\u00bb\u00a0: apr\u00e8s sa d\u00e9faite \u00e0 la primaire LR \u00e0 Nantes, Julien Bainvel se livre<\/a> <\/p>\n<p>Tacticien<\/p>\n<p>\u00a0Quand j\u2019ai quitt\u00e9 LR, r\u00e9pond Julien Bainvel, je ne l\u2019ai pas fait par tactique politique en me disant\u00a0: \u2018\u2018Je m\u2019ach\u00e8te une virginit\u00e9 et une image\u2019\u2019. Je l\u2019ai fait parce que j\u2019\u00e9tais ulc\u00e9r\u00e9, d\u00e9go\u00fbt\u00e9, extr\u00eamement triste des positions prises par le pr\u00e9sident LR de l\u2019\u00e9poque, Eric Ciotti (qui appelait \u00e0 l\u2019entente avec le Rassemblement national).\u00a0<\/p>\n<p>Il ajoute\u00a0: \u00a0Si j\u2019ai repris ma carte derri\u00e8re, ce n\u2019est pas par strat\u00e9gie politique\u00a0: c\u2019est parce que je consid\u00e9rais que Retailleau (Bruno de son pr\u00e9nom, ministre de l\u2019Int\u00e9rieur) \u00e9tait le meilleur candidat pour redresser la barre. Peut-\u00eatre que je ne suis pas assez tacticien politique, mais quand je me regarde dans la glace, j\u2019ai ma conscience pour moi.\u00a0<\/p>\n<p>\u00a0<\/p>\n","protected":false},"excerpt":{"rendered":"Qui a dit quoi\u00a0? Qui a fait quoi\u00a0? La r\u00e9daction de Presse Oc\u00e9an a rassembl\u00e9 pour vous les&hellip;\n","protected":false},"author":2,"featured_media":458663,"comment_status":"","ping_status":"","sticky":false,"template":"","format":"standard","meta":{"footnotes":""},"categories":[2818],"tags":[1111,11,25020,17611,1777,674,1011,27,3554,766,12,12517,2636,4048,1833,25],"class_list":{"0":"post-458662","1":"post","2":"type-post","3":"status-publish","4":"format-standard","5":"has-post-thumbnail","7":"category-nantes","8":"tag-actu","9":"tag-actualites","10":"tag-dissolution","11":"tag-echos","12":"tag-eu","13":"tag-europe","14":"tag-fr","15":"tag-france","16":"tag-municipales","17":"tag-nantes","18":"tag-news","19":"tag-ocean","20":"tag-pays-de-la-loire","21":"tag-presse","22":"tag-redaction","23":"tag-republique-francaise"},"share_on_mastodon":{"url":"https:\/\/pubeurope.com\/@fr\/115364133044688706","error":""},"_links":{"self":[{"href":"https:\/\/www.europesays.com\/fr\/wp-json\/wp\/v2\/posts\/458662","targetHints":{"allow":["GET"]}}],"collection":[{"href":"https:\/\/www.europesays.com\/fr\/wp-json\/wp\/v2\/posts"}],"about":[{"href":"https:\/\/www.europesays.com\/fr\/wp-json\/wp\/v2\/types\/post"}],"author":[{"embeddable":true,"href":"https:\/\/www.europesays.com\/fr\/wp-json\/wp\/v2\/users\/2"}],"replies":[{"embeddable":true,"href":"https:\/\/www.europesays.com\/fr\/wp-json\/wp\/v2\/comments?post=458662"}],"version-history":[{"count":0,"href":"https:\/\/www.europesays.com\/fr\/wp-json\/wp\/v2\/posts\/458662\/revisions"}],"wp:featuredmedia":[{"embeddable":true,"href":"https:\/\/www.europesays.com\/fr\/wp-json\/wp\/v2\/media\/458663"}],"wp:attachment":[{"href":"https:\/\/www.europesays.com\/fr\/wp-json\/wp\/v2\/media?parent=458662"}],"wp:term":[{"taxonomy":"category","embeddable":true,"href":"https:\/\/www.europesays.com\/fr\/wp-json\/wp\/v2\/categories?post=458662"},{"taxonomy":"post_tag","embeddable":true,"href":"https:\/\/www.europesays.com\/fr\/wp-json\/wp\/v2\/tags?post=458662"}],"curies":[{"name":"wp","href":"https:\/\/api.w.org\/{rel}","templated":true}]}}