{"id":458666,"date":"2025-10-13T00:56:16","date_gmt":"2025-10-13T00:56:16","guid":{"rendered":"https:\/\/www.europesays.com\/fr\/458666\/"},"modified":"2025-10-13T00:56:16","modified_gmt":"2025-10-13T00:56:16","slug":"octobre-rose-extinction-rebellion-denonce-les-pesticides-sur-le-monument-aux-girondins","status":"publish","type":"post","link":"https:\/\/www.europesays.com\/fr\/458666\/","title":{"rendered":"Octobre rose : Extinction Rebellion d\u00e9nonce les pesticides sur le monument aux Girondins"},"content":{"rendered":"<p class=\"wp-block-post-excerpt__excerpt\">Ce samedi 11 octobre, dans le cadre d\u2019Octobre rose, des militants \u00e9cologistes d\u2019Extinction Rebellion Bordeaux ont men\u00e9 une action symbolique sur le monument aux Girondins afin de d\u00e9noncer l\u2019usage des pesticides, un facteur av\u00e9r\u00e9 de cancer du sein. <\/p>\n<p class=\"font-sans\">\n\t\t\tCet article est en acc\u00e8s libre. Pour soutenir Rue89Bordeaux,<br \/>\n\t\t\t<a class=\"underline\" href=\"https:\/\/rue89bordeaux.com\/abonnement\/\" rel=\"nofollow noopener\" target=\"_blank\">abonnez-vous<\/a>.\n\t\t<\/p>\n<p>Samuel Clauzier<\/p>\n<p>Publi\u00e9 le 12 octobre 2025\u00a0\u00a0\u00b7\u00a0\u00a0<\/p>\n<p>Imprim\u00e9 le 13 octobre 2025 \u00e0 02h56\u00a0\u00a0\u00b7\u00a0\u00a0<\/p>\n<p>\t\t\t\t\t1\u00a0minute\n<\/p>\n<p>T\u00f4t dans la matin\u00e9e ce samedi 11 octobre, une dizaine de militants de l\u2019antenne bordelaise du groupe Extinction Rebellion ont men\u00e9 une action place des Quinconces, au pied de la colonne des Girondins. Ils ont dispos\u00e9 des soutiens-gorges roses sur les deux statues f\u00e9minines au centre du monument et accroch\u00e9 une banni\u00e8re portant le slogan \u00ab\u00a0Chaque geste compte : stoppons les pesticides !\u00a0\u00bb.<\/p>\n<blockquote class=\"wp-block-quote is-layout-flow wp-block-quote-is-layout-flow\">\n<p>\u00ab\u00a0En d\u00e9tournant un des slogans de la campagne <a href=\"https:\/\/rue89bordeaux.com\/2023\/10\/moins-dune-femme-sur-deux-participe-au-depistage-du-cancer-du-sein-en-gironde\/\" target=\"_blank\" rel=\"noreferrer noopener nofollow\">Octobre rose<\/a>, une banderole nous incite \u00e0 stopper les pesticides, car \u201cchaque geste compte\u201d\u00a0\u00bb, \u00e9crit le collectif dans un communiqu\u00e9.<\/p>\n<\/blockquote>\n<p>\t\t\u00ab\u00a0Changement de r\u00e9gime\u00a0\u00bb <\/p>\n<p>L\u2019action des activistes bordelais s\u2019inscrit dans la campagne nationale d\u2019XR france Changement de R\u00e9gime, \u00ab\u00a0qui chaque mois alerte sur les ravages des pesticides et appelle \u00e0 une v\u00e9ritable transition agricole et politique\u00a0\u00bb.<\/p>\n<blockquote class=\"wp-block-quote is-layout-flow wp-block-quote-is-layout-flow\">\n<p>\u00ab\u00a0De plus en plus d\u2019\u00e9tudes mettent en \u00e9vidence le lien entre cancer du sein et pesticides. En octobre 2024, dans une tribune du journal Le Monde, plus de 1 000 femmes de moins de 50 ans touch\u00e9es par le cancer du sein interpellaient les pouvoirs publics. Elles ne se reconnaissaient pas dans les facteurs de risques traditionnellement \u00e9voqu\u00e9s et demandaient \u00e0 ce que les effets des substances chimiques soient mis en lumi\u00e8re malgr\u00e9 les pressions des lobbys industriels\u00a0\u00bb, d\u00e9taille le site internet du groupe Extinction Rebellion.<\/p>\n<\/blockquote>\n<p>En France, le cancer du sein reste la premi\u00e8re cause de mortalit\u00e9 par cancer chez les femmes. Plus de <a href=\"https:\/\/www.santepubliquefrance.fr\/maladies-et-traumatismes\/cancers\/cancer-du-sein\" target=\"_blank\" rel=\"noreferrer noopener nofollow\">60 000 nouveaux cas sont diagnostiqu\u00e9s chaque ann\u00e9e<\/a>. Pour la premi\u00e8re fois, une <a href=\"https:\/\/www.dna.fr\/environnement\/2025\/10\/10\/une-etude-strasbourgeoise-etablit-un-lien-entre-cancer-du-sein-et-environnement\" rel=\"nofollow noopener\" target=\"_blank\">\u00e9tude strasbourgeoise<\/a> men\u00e9e \u00e0 l\u2019Icans aupr\u00e8s de 931 patientes op\u00e9r\u00e9es entre 2000 et 2024 \u00e9tablit un lien entre le cancer du sein et l\u2019exposition aux m\u00e9taux, aux PFAS et aux pesticides. Les r\u00e9sultats ont \u00e9t\u00e9 rendus publics ce vendredi par l\u2019\u00e9quipe de la professeure Carole Mathelin.<\/p>\n","protected":false},"excerpt":{"rendered":"Ce samedi 11 octobre, dans le cadre d\u2019Octobre rose, des militants \u00e9cologistes d\u2019Extinction Rebellion Bordeaux ont men\u00e9 une&hellip;\n","protected":false},"author":2,"featured_media":458667,"comment_status":"","ping_status":"","sticky":false,"template":"","format":"standard","meta":{"footnotes":""},"categories":[2817],"tags":[1111,11,1997,101,1777,674,8199,1011,27,12,2219,2091,25],"class_list":{"0":"post-458666","1":"post","2":"type-post","3":"status-publish","4":"format-standard","5":"has-post-thumbnail","7":"category-bordeaux","8":"tag-actu","9":"tag-actualites","10":"tag-bordeaux","11":"tag-cancer","12":"tag-eu","13":"tag-europe","14":"tag-extinction-rebellion","15":"tag-fr","16":"tag-france","17":"tag-news","18":"tag-nouvelle-aquitaine","19":"tag-pesticides","20":"tag-republique-francaise"},"share_on_mastodon":{"url":"https:\/\/pubeurope.com\/@fr\/115364140370480675","error":""},"_links":{"self":[{"href":"https:\/\/www.europesays.com\/fr\/wp-json\/wp\/v2\/posts\/458666","targetHints":{"allow":["GET"]}}],"collection":[{"href":"https:\/\/www.europesays.com\/fr\/wp-json\/wp\/v2\/posts"}],"about":[{"href":"https:\/\/www.europesays.com\/fr\/wp-json\/wp\/v2\/types\/post"}],"author":[{"embeddable":true,"href":"https:\/\/www.europesays.com\/fr\/wp-json\/wp\/v2\/users\/2"}],"replies":[{"embeddable":true,"href":"https:\/\/www.europesays.com\/fr\/wp-json\/wp\/v2\/comments?post=458666"}],"version-history":[{"count":0,"href":"https:\/\/www.europesays.com\/fr\/wp-json\/wp\/v2\/posts\/458666\/revisions"}],"wp:featuredmedia":[{"embeddable":true,"href":"https:\/\/www.europesays.com\/fr\/wp-json\/wp\/v2\/media\/458667"}],"wp:attachment":[{"href":"https:\/\/www.europesays.com\/fr\/wp-json\/wp\/v2\/media?parent=458666"}],"wp:term":[{"taxonomy":"category","embeddable":true,"href":"https:\/\/www.europesays.com\/fr\/wp-json\/wp\/v2\/categories?post=458666"},{"taxonomy":"post_tag","embeddable":true,"href":"https:\/\/www.europesays.com\/fr\/wp-json\/wp\/v2\/tags?post=458666"}],"curies":[{"name":"wp","href":"https:\/\/api.w.org\/{rel}","templated":true}]}}