{"id":458670,"date":"2025-10-13T00:58:15","date_gmt":"2025-10-13T00:58:15","guid":{"rendered":"https:\/\/www.europesays.com\/fr\/458670\/"},"modified":"2025-10-13T00:58:15","modified_gmt":"2025-10-13T00:58:15","slug":"sur-lautoroute-le-motard-chute-et-se-brule-gravement","status":"publish","type":"post","link":"https:\/\/www.europesays.com\/fr\/458670\/","title":{"rendered":"sur l&rsquo;autoroute, le motard chute et se br\u00fble gravement"},"content":{"rendered":"<p>            Par<br \/>\n        <strong><br \/>\n            <a href=\"https:\/\/actu.fr\/auteur\/mareva-laville-actu-fr\" title=\"Consulter tous les articles de Mar\u00e9va Laville\" target=\"_blank\" rel=\"noopener\">Mar\u00e9va Laville<\/a><br \/>\n        <\/strong><\/p>\n<p>        Publi\u00e9 le<\/p>\n<p>            12 oct. 2025 \u00e0 9h11        <\/p>\n<p>Le <strong>motard<\/strong> a chut\u00e9 seul et s\u2019est <strong>fortement bless\u00e9<\/strong>. Samedi 11 octobre 2025 soir, vers 19 heures, dix sapeurs-pompiers de Haute-Garonne sont intervenus<strong>\u00a0sur <a href=\"https:\/\/actu.fr\/tag\/autoroute-64-a64\" target=\"_blank\" rel=\"noopener\">l\u2019A64<\/a>,<\/strong> autoroute qui m\u00e8ne \u00e0 <a href=\"http:\/\/www.actu.fr\/toulouse\" target=\"_blank\" rel=\"noopener\">Toulouse<\/a>.<\/p>\n<p class=\" wall-content\">La victime qui roulait \u00e0 moto sur l\u2019autoroute dans le sens Tarbes-Toulouse, est tomb\u00e9e <strong>entre la sortie Le Fauga et la sortie Muret Sud.<\/strong><\/p>\n<p>    <a href=\"https:\/\/www.google.com\/maps\/embed?pb=!1m14!1m12!1m3!1d59645.50895285019!2d1.273692262645854!3d43.43360870511591!2m3!1f0!2f0!3f0!3m2!1i1024!2i768!4f13.1!5e0!3m2!1sfr!2sfr!4v1760253049443!5m2!1sfr!2sfr\" title=\"Ouvrie le lien\" target=\"_blank\" rel=\"noopener\">Cliquez ici pour visualiser le contenu<\/a><\/p>\n<p>Le motard gravement br\u00fbl\u00e9<\/p>\n<p class=\" wall-content\">Elle a \u00e9t\u00e9<strong> \u00ab\u2009gravement br\u00fbl\u00e9e<\/strong> par dermabrasions (\u00e9limination de la couche sup\u00e9rieure de peau, NDLR) traumatiques suite \u00e0 sa chute\u2009\u00bb, indique le Sdis 31.<\/p>\n<p class=\" wall-content\">Le motard a \u00e9t\u00e9 m\u00e9dicalis\u00e9 et transport\u00e9 dans un h\u00f4pital de Toulouse.<\/p>\n<p class=\" wall-content\">Personnalisez votre actualit\u00e9 en ajoutant vos villes et m\u00e9dias en favori avec <a href=\"https:\/\/moncompte.actu.fr\" title=\"D\u00e9couvez Mon Actu\" rel=\"nofollow noopener\" data-trk=\"{&quot;cta&quot;:{&quot;action&quot;:&quot;https:\\\/\\\/moncompte.actu.fr&quot;,&quot;category&quot;:&quot;mon compte&quot;,&quot;from&quot;:&quot;article footer&quot;,&quot;name&quot;:&quot;Mon actu&quot;,&quot;type&quot;:&quot;cta&quot;}}\" target=\"_blank\">Mon Actu<\/a>.<\/p>\n","protected":false},"excerpt":{"rendered":"Par Mar\u00e9va Laville Publi\u00e9 le 12 oct. 2025 \u00e0 9h11 Le motard a chut\u00e9 seul et s\u2019est fortement&hellip;\n","protected":false},"author":2,"featured_media":450711,"comment_status":"","ping_status":"","sticky":false,"template":"","format":"standard","meta":{"footnotes":""},"categories":[2816],"tags":[119,1111,11,4799,1777,674,118,1011,27,12,2680,1311,25,2312],"class_list":{"0":"post-458670","1":"post","2":"type-post","3":"status-publish","4":"format-standard","5":"has-post-thumbnail","7":"category-toulouse","8":"tag-accident","9":"tag-actu","10":"tag-actualites","11":"tag-autoroute-64-a64","12":"tag-eu","13":"tag-europe","14":"tag-faits-divers","15":"tag-fr","16":"tag-france","17":"tag-news","18":"tag-occitanie","19":"tag-pompiers","20":"tag-republique-francaise","21":"tag-toulouse"},"share_on_mastodon":{"url":"https:\/\/pubeurope.com\/@fr\/115364148319871809","error":""},"_links":{"self":[{"href":"https:\/\/www.europesays.com\/fr\/wp-json\/wp\/v2\/posts\/458670","targetHints":{"allow":["GET"]}}],"collection":[{"href":"https:\/\/www.europesays.com\/fr\/wp-json\/wp\/v2\/posts"}],"about":[{"href":"https:\/\/www.europesays.com\/fr\/wp-json\/wp\/v2\/types\/post"}],"author":[{"embeddable":true,"href":"https:\/\/www.europesays.com\/fr\/wp-json\/wp\/v2\/users\/2"}],"replies":[{"embeddable":true,"href":"https:\/\/www.europesays.com\/fr\/wp-json\/wp\/v2\/comments?post=458670"}],"version-history":[{"count":0,"href":"https:\/\/www.europesays.com\/fr\/wp-json\/wp\/v2\/posts\/458670\/revisions"}],"wp:featuredmedia":[{"embeddable":true,"href":"https:\/\/www.europesays.com\/fr\/wp-json\/wp\/v2\/media\/450711"}],"wp:attachment":[{"href":"https:\/\/www.europesays.com\/fr\/wp-json\/wp\/v2\/media?parent=458670"}],"wp:term":[{"taxonomy":"category","embeddable":true,"href":"https:\/\/www.europesays.com\/fr\/wp-json\/wp\/v2\/categories?post=458670"},{"taxonomy":"post_tag","embeddable":true,"href":"https:\/\/www.europesays.com\/fr\/wp-json\/wp\/v2\/tags?post=458670"}],"curies":[{"name":"wp","href":"https:\/\/api.w.org\/{rel}","templated":true}]}}