{"id":458681,"date":"2025-10-13T01:05:15","date_gmt":"2025-10-13T01:05:15","guid":{"rendered":"https:\/\/www.europesays.com\/fr\/458681\/"},"modified":"2025-10-13T01:05:15","modified_gmt":"2025-10-13T01:05:15","slug":"les-wildcards-devoilees-pour-le-fip-platinum-lyon","status":"publish","type":"post","link":"https:\/\/www.europesays.com\/fr\/458681\/","title":{"rendered":"Les wildcards d\u00e9voil\u00e9es pour le FIP Platinum Lyon"},"content":{"rendered":"<p>Le <strong>FIP Platinum Lyon<\/strong> approche \u00e0 grands pas, et les <strong>wildcards<\/strong> pour le tableau final viennent d\u2019\u00eatre d\u00e9voil\u00e9es. Quatre paires tricolores auront l\u2019opportunit\u00e9 de d\u00e9fendre leurs chances \u00e0 domicile dans un tournoi au niveau particuli\u00e8rement relev\u00e9.<\/p>\n<p>Guichard et Vives, les champions de France en t\u00eate d\u2019affiche<\/p>\n<p>Les <strong>champions de France 2025<\/strong>, <strong>Dylan Guichard<\/strong> et <strong>Manuel Vives<\/strong>, obtiennent logiquement une invitation pour ce Platinum lyonnais. Le duo tricolore tentera de faire bonne figure dans un <strong>tableau principal digne d\u2019un Premier Padel<\/strong>. Mais ils sont en confiance, ensemble ils ont montr\u00e9 un tr\u00e8s bon niveau de jeu au championnats de France et la belle aventure fran\u00e7aise sur ce FIP Platinum pourrait venir d\u2019eux.<\/p>\n<p>Boronad et Fonteny, la jeunesse ambitieuse<\/p>\n<p><strong>Yoan Boronad<\/strong> et <strong>Tim\u00e9o Fonteny<\/strong>, r\u00e9cemment <strong>troisi\u00e8mes aux Championnats du monde juniors<\/strong> compl\u00e8tent la liste. La F\u00e9d\u00e9ration leur offre ici une belle vitrine pour se confronter au tr\u00e8s haut niveau.<\/p>\n<p>Des wildcards f\u00e9minines 100 % fran\u00e7aises<\/p>\n<p>Chez les dames, la <strong>locale Lucile Pothier<\/strong> (r\u00e9cente <strong>3e des Championnats de France<\/strong> avec Charlotte Soubri\u00e9) fera \u00e9quipe avec <strong>Louise Bahurel<\/strong>, originaire d\u2019Annecy. Une association qui devrait attirer le public lyonnais, dans une comp\u00e9tition o\u00f9 les Fran\u00e7aises auront fort \u00e0 faire.<\/p>\n<p>Enfin, la derni\u00e8re wildcard revient \u00e0 <strong>M\u00e9lissa Martin<\/strong> et <strong>Camille Sireix<\/strong>, (elle aussi troisi\u00e8me des Championnats de France). Martin, <strong>figure exp\u00e9riment\u00e9e du circuit FIP<\/strong>, aura \u00e0 c\u0153ur de performer en France, tandis que Sireix continue de confirmer sa mont\u00e9e en puissance cette saison.<\/p>\n<p>Un bonus de points pr\u00e9cieux<\/p>\n<p>Gr\u00e2ce \u00e0 leur <strong>entr\u00e9e directe dans le tableau final<\/strong>, ces quatre paires tricolores <strong>empocheront d\u00e9j\u00e0 14 points FIP<\/strong>, le minimum attribu\u00e9 aux \u00e9quipes engag\u00e9es au premier tour d\u2019un FIP Platinum. En cas de victoire et d\u2019accession aux <strong>huiti\u00e8mes de finale<\/strong>, elles grimperaient \u00e0 <strong>25 points<\/strong>, un gain non n\u00e9gligeable pour am\u00e9liorer leur classement mondial et engranger de la confiance avant la fin de la saison.<\/p>\n<p>Le <strong>tableau final<\/strong> n\u2019a pas encore \u00e9t\u00e9 publi\u00e9, mais une chose est s\u00fbre : ces wildcards fran\u00e7aises auront <strong>fort \u00e0 faire d\u00e8s leur entr\u00e9e en lice<\/strong> dans un <strong>FIP Platinum Lyon<\/strong> qui s\u2019annonce d\u2019un <strong>niveau international exceptionnel<\/strong>.<\/p>\n<blockquote class=\"instagram-media\" data-instgrm-captioned=\"\" data-instgrm-permalink=\"https:\/\/www.instagram.com\/p\/DPtKeqNjIHf\/?utm_source=ig_embed&amp;utm_campaign=loading\" data-instgrm-version=\"14\" style=\" background:#FFF; border:0; border-radius:3px; box-shadow:0 0 1px 0 rgba(0,0,0,0.5),0 1px 10px 0 rgba(0,0,0,0.15); margin: 1px; max-width:540px; min-width:326px; padding:0; width:99.375%; width:-webkit-calc(100% - 2px); width:calc(100% - 2px);\"\/><p>  <img loading=\"lazy\" decoding=\"async\" data-del=\"avatar\" alt=\"Benjamin Dupouy\" src=\"https:\/\/www.europesays.com\/fr\/wp-content\/uploads\/2025\/04\/IMG_5219-150x150.jpg\" class=\"avatar pp-user-avatar avatar-100 photo \" height=\"100\" width=\"100\"\/><\/p>\n<p>J\u2019ai d\u00e9couvert le padel directement lors d\u2019un tournoi, et franchement, je n\u2019ai pas trop accroch\u00e9 au d\u00e9but. Mais la deuxi\u00e8me fois, \u00e7a a \u00e9t\u00e9 le coup de foudre, et depuis, je ne rate plus un seul match. Je suis m\u00eame pr\u00eat \u00e0 rester \u00e9veill\u00e9 jusqu\u2019\u00e0 3h du matin pour regarder une finale de Premier Padel !<\/p>\n<p class=\"related-title\">Sur le m\u00eame sujet<\/p>\n<p><script async src=\"\/\/www.instagram.com\/embed.js\"><\/script><\/p>\n","protected":false},"excerpt":{"rendered":"Le FIP Platinum Lyon approche \u00e0 grands pas, et les wildcards pour le tableau final viennent d\u2019\u00eatre d\u00e9voil\u00e9es.&hellip;\n","protected":false},"author":2,"featured_media":458682,"comment_status":"","ping_status":"","sticky":false,"template":"","format":"standard","meta":{"footnotes":""},"categories":[1889],"tags":[1111,11,2430,1777,674,58381,1011,27,2428,12,25],"class_list":{"0":"post-458681","1":"post","2":"type-post","3":"status-publish","4":"format-standard","5":"has-post-thumbnail","7":"category-lyon","8":"tag-actu","9":"tag-actualites","10":"tag-auvergne-rhone-alpes","11":"tag-eu","12":"tag-europe","13":"tag-fip-platinum-lyon","14":"tag-fr","15":"tag-france","16":"tag-lyon","17":"tag-news","18":"tag-republique-francaise"},"share_on_mastodon":{"url":"https:\/\/pubeurope.com\/@fr\/115364175821178589","error":""},"_links":{"self":[{"href":"https:\/\/www.europesays.com\/fr\/wp-json\/wp\/v2\/posts\/458681","targetHints":{"allow":["GET"]}}],"collection":[{"href":"https:\/\/www.europesays.com\/fr\/wp-json\/wp\/v2\/posts"}],"about":[{"href":"https:\/\/www.europesays.com\/fr\/wp-json\/wp\/v2\/types\/post"}],"author":[{"embeddable":true,"href":"https:\/\/www.europesays.com\/fr\/wp-json\/wp\/v2\/users\/2"}],"replies":[{"embeddable":true,"href":"https:\/\/www.europesays.com\/fr\/wp-json\/wp\/v2\/comments?post=458681"}],"version-history":[{"count":0,"href":"https:\/\/www.europesays.com\/fr\/wp-json\/wp\/v2\/posts\/458681\/revisions"}],"wp:featuredmedia":[{"embeddable":true,"href":"https:\/\/www.europesays.com\/fr\/wp-json\/wp\/v2\/media\/458682"}],"wp:attachment":[{"href":"https:\/\/www.europesays.com\/fr\/wp-json\/wp\/v2\/media?parent=458681"}],"wp:term":[{"taxonomy":"category","embeddable":true,"href":"https:\/\/www.europesays.com\/fr\/wp-json\/wp\/v2\/categories?post=458681"},{"taxonomy":"post_tag","embeddable":true,"href":"https:\/\/www.europesays.com\/fr\/wp-json\/wp\/v2\/tags?post=458681"}],"curies":[{"name":"wp","href":"https:\/\/api.w.org\/{rel}","templated":true}]}}