{"id":458695,"date":"2025-10-13T01:14:19","date_gmt":"2025-10-13T01:14:19","guid":{"rendered":"https:\/\/www.europesays.com\/fr\/458695\/"},"modified":"2025-10-13T01:14:19","modified_gmt":"2025-10-13T01:14:19","slug":"lukraine-elimine-un-lieutenant-colonel-russe-a-600-km-du-front","status":"publish","type":"post","link":"https:\/\/www.europesays.com\/fr\/458695\/","title":{"rendered":"L\u2019Ukraine \u00e9limine un lieutenant-colonel russe \u00e0 600\u00a0km du front"},"content":{"rendered":"<p>Mission r\u00e9ussie. Dans un communiqu\u00e9 partag\u00e9 sur Telegram, les\u00a0services de renseignement militaire ukrainiens (HUR) ont d\u00e9clar\u00e9, mardi\u00a030\u00a0septembre, avoir tu\u00e9 un lieutenant-colonel de la \u00ab\u00a0garde russe\u00a0\u00bb, ainsi que deux autres membres de cette garde, \u00ab\u00a0pr\u00e8s de la localit\u00e9 de Tamboukan, dans la r\u00e9gion de Stavropol\u00a0\u00bb, est-il expliqu\u00e9 dans ce texte.<\/p>\n<p>L&rsquo;op\u00e9ration a \u00e9t\u00e9 men\u00e9e conjointement\u00a0avec la Direction g\u00e9n\u00e9rale du renseignement du minist\u00e8re de la D\u00e9fense ukrainien et le soutien du mouvement de lib\u00e9ration du Caucase. Elle a pris place dans le sud-ouest de la Russie, \u00e0 environ\u00a080\u00a0kilom\u00e8tres au nord de la fronti\u00e8re g\u00e9orgienne et surtout plus de\u00a0600\u00a0kilom\u00e8tres des lignes de front avec l&rsquo;<a class=\"Link\" href=\"https:\/\/www.lepoint.fr\/tags\/ukraine\" data-gtm=\"click:capsule\" data-capsule=\"Lien\" rel=\"nofollow noopener\" target=\"_blank\">Ukraine<\/a>.<\/p>\n<\/p>\n<blockquote class=\"twitter-tweet-unloaded\" data-media-max-width=\"560\" data-twitter-extracted-i1759408647040839236=\"true\">\n<p dir=\"ltr\" lang=\"en\">A Russian National Guard lieutenant colonel, head of the Avangard special unit group, was killed in Russia&rsquo;s Stavropol region on September 27.<\/p>\n<p>This was a successful operation by Ukraine\u2019s Defense Intelligence in cooperation with the Caucasus Liberation Movement. <a href=\"https:\/\/t.co\/3uw66aeQdA\" rel=\"nofollow\">pic.twitter.com\/3uw66aeQdA<\/a><\/p>\n<p> \u2014 Anton Gerashchenko (@Gerashchenko_en) <a href=\"https:\/\/twitter.com\/Gerashchenko_en\/status\/1972947957113835937?ref_src=twsrc%5Etfw\" rel=\"nofollow noopener\" target=\"_blank\">September 30, 2025<\/a> <\/p><\/blockquote>\n<blockquote class=\"twitter-tweet-unloaded\" data-media-max-width=\"560\" data-twitter-extracted-i1759408647040839236=\"true\">\n<p dir=\"ltr\" lang=\"en\">A Russian National Guard lieutenant colonel, head of the Avangard special unit group, was killed in Russia&rsquo;s Stavropol region on September 27.<\/p>\n<p>This was a successful operation by Ukraine\u2019s Defense Intelligence in cooperation with the Caucasus Liberation Movement. <a href=\"https:\/\/t.co\/3uw66aeQdA\" rel=\"nofollow\">pic.twitter.com\/3uw66aeQdA<\/a><\/p>\n<p> \u2014 Anton Gerashchenko (@Gerashchenko_en) <a href=\"https:\/\/twitter.com\/Gerashchenko_en\/status\/1972947957113835937?ref_src=twsrc%5Etfw\" rel=\"nofollow noopener\" target=\"_blank\">September 30, 2025<\/a> <\/p><\/blockquote>\n<p>L&rsquo;op\u00e9ration, qui a eu lieu le\u00a0samedi 27\u00a0septembre, ciblait un lieutenant-colonel\u00a0qui dirigeait le groupe de la force sp\u00e9ciale \u00ab\u00a0avant-garde\u00a0\u00bb de l&rsquo;arm\u00e9e russe.\u00a0Son assistant et son chauffeur ont \u00e9t\u00e9 \u00e9limin\u00e9s au m\u00eame moment. Il s&rsquo;agit d&rsquo;une attaque \u00e0 la voiture pi\u00e9g\u00e9e, dont la vid\u00e9o a \u00e9t\u00e9 partag\u00e9e sur Telegram par les services de renseignement militaire ukrainiens.<\/p>\n<p>Une mission film\u00e9e<\/p>\n<p>\n\u00c0 D\u00e9couvrir<br \/>\n<strong class=\"discover-kangourou__line\"><br \/>\n<img decoding=\"async\" class=\"discover-kangourou__img\" src=\"https:\/\/static.lpnt.fr\/static\/img\/kangourou\/kangourou_filled.svg\"\/><br \/>\n<strong class=\"discover-kangourou__txt\"><br \/>\n<strong>Le Kangourou du jour<\/strong><br \/>\n<a href=\"https:\/\/kangourou.lepoint.fr\" title=\"kangourou\" data-gtm-cta=\"kangourou_article\" class=\"discover-kangourou__lnk\" rel=\"nofollow noopener\" target=\"_blank\"><br \/>\nR\u00e9pondre<br \/>\n<\/a><br \/>\n<\/strong><br \/>\n<\/strong><br \/>\nUn homme identifi\u00e9 comme l&rsquo;officier russe vis\u00e9 rentre\u00a0dans son v\u00e9hicule sur un parking accompagn\u00e9 de deux autres hommes. La cam\u00e9ra filme ensuite deux v\u00e9hicules au loin. Ce qui semble \u00eatre un bo\u00eetier de commande d&rsquo;une bombe est actionn\u00e9, et une explosion\u00a0frappe au loin le v\u00e9hicule en mouvement. \u00ab\u00a0Un groupe de Moscovites se dirigeait vers le terrain d&rsquo;entra\u00eenement, mais n&rsquo;y est jamais arriv\u00e9\u00a0\u00bb, s&rsquo;est encore f\u00e9licit\u00e9 l&rsquo;arm\u00e9e ukrainienne sur Telegram.<\/p>\n<p>\u00c0 LIRE AUSSI <strong class=\"strong\"><a href=\"https:\/\/www.lepoint.fr\/monde\/pierre-levy-sans-l-ukraine-la-russie-cesse-d-etre-un-empire-27-09-2025-2599677_24.php\" title=\"Pierre L\u00e9vy\u00a0: \u00ab\u00a0Sans l&#039;Ukraine, la Russie cesse d&#039;\u00eatre un empire\u00a0\u00bb\" style=\"text-decoration: none; color: inherit;\" data-gtm=\"click:capsule\" data-capsule=\"\u00c0 lire aussi\" rel=\"nofollow noopener\" target=\"_blank\">Pierre L\u00e9vy\u00a0: \u00ab\u00a0Sans l&rsquo;Ukraine, la Russie cesse d&rsquo;\u00eatre un empire\u00a0\u00bb<\/a><\/strong> Depuis plusieurs mois, l&rsquo;Ukraine m\u00e8ne une\u00a0<a class=\"Link\" href=\"https:\/\/www.lepoint.fr\/editos-du-point\/l-assassinat-cible-arme-de-destruction-precise-05-06-2023-2523007_32.php\" title=\"\" data-gtm=\"click:capsule\" data-capsule=\"Lien\" rel=\"nofollow noopener\" target=\"_blank\">politique d&rsquo;assassinats\u00a0cibl\u00e9s<\/a>\u00a0des hauts militaires russes.\u00a0En avril\u00a02025, un\u00a0g\u00e9n\u00e9ral de l&rsquo;\u00e9tat-major russe avait \u00e9t\u00e9 tu\u00e9\u00a0dans l&rsquo;explosion d&rsquo;une voiture pi\u00e9g\u00e9e, en banlieue de Moscou.\u00a0Le service de s\u00e9curit\u00e9 ukrainien (SBU) avait revendiqu\u00e9 l&rsquo;assassinat d&rsquo;un haut responsable de l&rsquo;arm\u00e9e russe, en d\u00e9cembre\u00a02024, dans une explosion survenue pr\u00e8s d&rsquo;un immeuble r\u00e9sidentiel dans le sud-est de Moscou.<\/p>\n<p>Toute l\u2019actualit\u00e9 \u00e0 1\u20ac le premier mois<\/p>\n<p><a href=\"https:\/\/abo.lepoint.fr\/?provenance=21EDI020098\" class=\"btn\" title=\"S&#039;abonner\" data-gtm=\"click:abo|display:abo\" data-campaign=\"paywall_maison\" rel=\"nofollow noopener\" target=\"_blank\">S&rsquo;abonner<\/a><\/p>\n<p>ou<\/p>\n<p><script async src=\"https:\/\/platform.twitter.com\/widgets.js\" charset=\"utf-8\"><\/script><\/p>\n","protected":false},"excerpt":{"rendered":"Mission r\u00e9ussie. Dans un communiqu\u00e9 partag\u00e9 sur Telegram, les\u00a0services de renseignement militaire ukrainiens (HUR) ont d\u00e9clar\u00e9, mardi\u00a030\u00a0septembre, avoir&hellip;\n","protected":false},"author":2,"featured_media":458696,"comment_status":"","ping_status":"","sticky":false,"template":"","format":"standard","meta":{"footnotes":""},"categories":[1590],"tags":[11,1777,674,12,220],"class_list":{"0":"post-458695","1":"post","2":"type-post","3":"status-publish","4":"format-standard","5":"has-post-thumbnail","7":"category-ukraine","8":"tag-actualites","9":"tag-eu","10":"tag-europe","11":"tag-news","12":"tag-ukraine"},"share_on_mastodon":{"url":"https:\/\/pubeurope.com\/@fr\/115364211379181607","error":""},"_links":{"self":[{"href":"https:\/\/www.europesays.com\/fr\/wp-json\/wp\/v2\/posts\/458695","targetHints":{"allow":["GET"]}}],"collection":[{"href":"https:\/\/www.europesays.com\/fr\/wp-json\/wp\/v2\/posts"}],"about":[{"href":"https:\/\/www.europesays.com\/fr\/wp-json\/wp\/v2\/types\/post"}],"author":[{"embeddable":true,"href":"https:\/\/www.europesays.com\/fr\/wp-json\/wp\/v2\/users\/2"}],"replies":[{"embeddable":true,"href":"https:\/\/www.europesays.com\/fr\/wp-json\/wp\/v2\/comments?post=458695"}],"version-history":[{"count":0,"href":"https:\/\/www.europesays.com\/fr\/wp-json\/wp\/v2\/posts\/458695\/revisions"}],"wp:featuredmedia":[{"embeddable":true,"href":"https:\/\/www.europesays.com\/fr\/wp-json\/wp\/v2\/media\/458696"}],"wp:attachment":[{"href":"https:\/\/www.europesays.com\/fr\/wp-json\/wp\/v2\/media?parent=458695"}],"wp:term":[{"taxonomy":"category","embeddable":true,"href":"https:\/\/www.europesays.com\/fr\/wp-json\/wp\/v2\/categories?post=458695"},{"taxonomy":"post_tag","embeddable":true,"href":"https:\/\/www.europesays.com\/fr\/wp-json\/wp\/v2\/tags?post=458695"}],"curies":[{"name":"wp","href":"https:\/\/api.w.org\/{rel}","templated":true}]}}