{"id":458701,"date":"2025-10-13T01:17:39","date_gmt":"2025-10-13T01:17:39","guid":{"rendered":"https:\/\/www.europesays.com\/fr\/458701\/"},"modified":"2025-10-13T01:17:39","modified_gmt":"2025-10-13T01:17:39","slug":"en-balade-face-au-luxembourg-lallemagne-se-rassure-et-prend-la-tete-de-son-groupe","status":"publish","type":"post","link":"https:\/\/www.europesays.com\/fr\/458701\/","title":{"rendered":"En balade face au Luxembourg, l&rsquo;Allemagne se rassure et prend la t\u00eate de son groupe"},"content":{"rendered":"<p>En vous abonnant, vous acc\u00e9dez<br data-v-534aed4e=\"\"\/><b data-v-534aed4e=\"\">\u00e0 la source de r\u00e9f\u00e9rence<\/b><br data-v-534aed4e=\"\"\/> sur l&rsquo;actu sportive. En vous abonnant, vous acc\u00e9dez <b data-v-534aed4e=\"\">\u00e0 la source de r\u00e9f\u00e9rence<\/b> sur l&rsquo;actu sportive.<\/p>\n<p>accepter les cookies et acc\u00e9der<br data-v-534aed4e=\"\"\/> \u00e0 L&rsquo;\u00c9quipe gratuitement accepter les cookies et acc\u00e9der \u00e0 L&rsquo;\u00c9quipe gratuitement<\/p>\n<p>            L&rsquo;\u00c9quipe, <a href=\"https:\/\/www.lequipe.fr\/Page\/Informations-legales-de-l-equipe-et-les-societes-de-son-groupe\/1185337\" rel=\"noopener nofollow\" class=\"Link\" data-v-522fa997=\"\" data-v-534aed4e=\"\" target=\"_blank\"> les soci\u00e9t\u00e9s de son groupe<\/a><br \/>\n            et<br \/>\n                leurs 272 partenaires<br \/>\n             utilisent des cookies ou traceurs pour stocker et\/ou acc\u00e9der \u00e0 des informations sur votre terminal<br \/>\n            et traiter des donn\u00e9es personnelles vous concernant. Cela nous permet de vous afficher de la publicit\u00e9 personnalis\u00e9e en fonction de votre navigation, de vos donn\u00e9es de profil<br \/>\n            ou de votre localisation, de personnaliser le contenu \u00e9ditorial, de mesurer l&rsquo;audience de notre site et de permettre l&rsquo;interaction avec les r\u00e9seaux sociaux. Pour acc\u00e9der<br \/>\n            gratuitement au site (hors contenus exclusifs abonn\u00e9s), vous devez accepter l&rsquo;utilisation des traceurs de publicit\u00e9 personnalis\u00e9e, par L&rsquo;\u00c9quipe et des tiers partenaires.<br \/>\n            En cas de refus, navigation et fonctionnalit\u00e9s seront limit\u00e9es sur le site. Vos pr\u00e9f\u00e9rences s&rsquo;appliqueront uniquement \u00e0 nos sites et pourront \u00eatre modifi\u00e9es \u00e0 tout moment via<br \/>\n            le menu \u00ab<br \/>\n                param\u00e9trer mon consentement<br \/>\n             \u00bb.<br \/>\n            Plus d&rsquo;informations : <a href=\"https:\/\/www.lequipe.fr\/Page\/Politique-de-confidentialite\/1183897\" rel=\"noopener nofollow\" class=\"Link\" data-v-522fa997=\"\" data-v-534aed4e=\"\" target=\"_blank\">politique de confidentialit\u00e9<\/a>.<\/p>\n","protected":false},"excerpt":{"rendered":"En vous abonnant, vous acc\u00e9dez\u00e0 la source de r\u00e9f\u00e9rence sur l&rsquo;actu sportive. En vous abonnant, vous acc\u00e9dez \u00e0&hellip;\n","protected":false},"author":2,"featured_media":458702,"comment_status":"","ping_status":"","sticky":false,"template":"","format":"standard","meta":{"footnotes":""},"categories":[1587],"tags":[11,672,1804,1805,1803,1777,674,1801,12,1802],"class_list":{"0":"post-458701","1":"post","2":"type-post","3":"status-publish","4":"format-standard","5":"has-post-thumbnail","7":"category-allemagne","8":"tag-actualites","9":"tag-allemagne","10":"tag-bundesrepublik-deutschland","11":"tag-de","12":"tag-deutschland","13":"tag-eu","14":"tag-europe","15":"tag-germany","16":"tag-news","17":"tag-republique-federale-dallemagne"},"share_on_mastodon":{"url":"https:\/\/pubeurope.com\/@fr\/115364223175275632","error":""},"_links":{"self":[{"href":"https:\/\/www.europesays.com\/fr\/wp-json\/wp\/v2\/posts\/458701","targetHints":{"allow":["GET"]}}],"collection":[{"href":"https:\/\/www.europesays.com\/fr\/wp-json\/wp\/v2\/posts"}],"about":[{"href":"https:\/\/www.europesays.com\/fr\/wp-json\/wp\/v2\/types\/post"}],"author":[{"embeddable":true,"href":"https:\/\/www.europesays.com\/fr\/wp-json\/wp\/v2\/users\/2"}],"replies":[{"embeddable":true,"href":"https:\/\/www.europesays.com\/fr\/wp-json\/wp\/v2\/comments?post=458701"}],"version-history":[{"count":0,"href":"https:\/\/www.europesays.com\/fr\/wp-json\/wp\/v2\/posts\/458701\/revisions"}],"wp:featuredmedia":[{"embeddable":true,"href":"https:\/\/www.europesays.com\/fr\/wp-json\/wp\/v2\/media\/458702"}],"wp:attachment":[{"href":"https:\/\/www.europesays.com\/fr\/wp-json\/wp\/v2\/media?parent=458701"}],"wp:term":[{"taxonomy":"category","embeddable":true,"href":"https:\/\/www.europesays.com\/fr\/wp-json\/wp\/v2\/categories?post=458701"},{"taxonomy":"post_tag","embeddable":true,"href":"https:\/\/www.europesays.com\/fr\/wp-json\/wp\/v2\/tags?post=458701"}],"curies":[{"name":"wp","href":"https:\/\/api.w.org\/{rel}","templated":true}]}}