{"id":458731,"date":"2025-10-13T01:36:18","date_gmt":"2025-10-13T01:36:18","guid":{"rendered":"https:\/\/www.europesays.com\/fr\/458731\/"},"modified":"2025-10-13T01:36:18","modified_gmt":"2025-10-13T01:36:18","slug":"sa-nouvelle-vie-ne-lui-convient-pas-a-100-il-regrette-cet-endroit-ou-il-se-sentait-bien","status":"publish","type":"post","link":"https:\/\/www.europesays.com\/fr\/458731\/","title":{"rendered":"sa nouvelle vie ne lui convient pas \u00e0 100%, il regrette cet endroit o\u00f9 il se sentait bien"},"content":{"rendered":"<p class=\"mb-4 text-lg md:leading-8 break-words\">En 2014, la France \u00e9tait tomb\u00e9e sous le charme du timbr\u00e9 de voix de Kendji Girac. Rappelons que l\u2019artiste \u00e2g\u00e9 de 29 ans a \u00e9t\u00e9 mis en avant gr\u00e2ce \u00e0 la 3eme saison de <b>The Voice<\/b>, cette ann\u00e9e-l\u00e0. Une tr\u00e8s belle d\u00e9couverte pour les t\u00e9l\u00e9spectateurs qui ont pu suivre l\u2019ascension fulgurante du chanteur gr\u00e2ce notamment \u00e0 des tubes comme <b>Les yeux de la mama<\/b> ou encore Tiago. Malgr\u00e9 la c\u00e9l\u00e9brit\u00e9, <b>Kendji Girac<\/b> n\u2019a pas perdu ses racines. Apr\u00e8s tout, il avait d\u00e9cid\u00e9 de continuer \u00e0 <b>vivre en caravane<\/b>. Pour \u00eatre toujours plus proche de ses proches. D\u2019ailleurs, lors d\u2019une interview de l\u2019\u00e9poque, il avait soulign\u00e9 le fait qu\u2019il pr\u00e9f\u00e9rait vivre dans sa caravane. Cela m\u00eame s\u2019il poss\u00e8de une maison. \u00ab\u00a0Parfois je dors dans la maison, parfois dans la caravane. C\u2019est <b>un refuge<\/b> dans lequel je me sens bien, et j\u2019adore y entendre <b>le bruit de la pluie<\/b> qui me berce. C\u2019est une chance d\u2019avoir les deux\u00a0\u00bb, avait-il confi\u00e9 \u00e0 l\u2019\u00e9poque.<\/p>\n<p>Kendji Girac : sa nouvelle vie n\u2019est pas totalement \u00e0 son go\u00fbt !<\/p>\n<p class=\"mb-4 text-lg md:leading-8 break-words\">Aujourd\u2019hui, <b>Kendji Girac<\/b> a d\u00e9cid\u00e9 de s\u2019installer en maison \u00e0 plein temps. Le samedi 11 octobre dernier, il s\u2019est exprim\u00e9 sur ce choix important qu\u2019il a d\u00e9cid\u00e9 de faire pour sa famille. Dans l\u2019\u00e9mission <b>Mon c\u00f4t\u00e9 sud<\/b>, le chanteur a confi\u00e9 : \u00ab\u00a0Je suis s\u00e9dentaire l&rsquo;hiver\u00a0\u00bb. \u00ab\u00a0Maintenant qu&rsquo;il y a les enfants, je suis un peu plus s\u00e9dentaire parce qu&rsquo;il y a <b>l&rsquo;\u00e9cole \u00e0 respecter<\/b>, mais d\u00e8s qu&rsquo;il y a les vacances, je prends ma caravane et je <b>repars (&#8230;)<\/b><\/p>\n<p><a href=\"https:\/\/www.closermag.fr\/people\/kendji-girac-sa-nouvelle-vie-ne-lui-convient-pas-a-100-il-regrette-cet-endroit-ou-il-se-sentait-bien-3586101\" rel=\"nofollow noopener\" target=\"_blank\" data-ylk=\"slk:Lire la suite sur Closer;elm:context_link;itc:0;sec:content-canvas\" class=\"link \">Lire la suite sur Closer<\/a><\/p>\n<p><a href=\"https:\/\/www.closermag.fr\/people\/si-je-lavais-suivi-hugues-aufray-devaste-en-evoquant-le-suicide-de-son-frere-3586147\" rel=\"nofollow noopener\" target=\"_blank\" data-ylk=\"slk:&quot;Si je l\u2019avais suivi\u2026&quot; : Hugues Aufray d\u00e9vast\u00e9 en \u00e9voquant le suicide de son fr\u00e8re;elm:context_link;itc:0;sec:content-canvas\" class=\"link \">\u00ab\u00a0Si je l\u2019avais suivi\u2026\u00a0\u00bb : Hugues Aufray d\u00e9vast\u00e9 en \u00e9voquant le suicide de son fr\u00e8re<\/a><br \/><a href=\"https:\/\/www.closermag.fr\/people\/ary-abittan-une-chute-ou-silence-assourdissant-autour-du-comedien-dans-un-dimanche-a-la-campagne-3586142\" rel=\"nofollow noopener\" target=\"_blank\" data-ylk=\"slk:Ary Abittan : &quot;Une chute o\u00f9\u2026&quot;, silence assourdissant autour du com\u00e9dien dans Un dimanche \u00e0 la campagne;elm:context_link;itc:0;sec:content-canvas\" class=\"link \">Ary Abittan : \u00ab\u00a0Une chute o\u00f9\u2026\u00a0\u00bb, silence assourdissant autour du com\u00e9dien dans Un dimanche \u00e0 la campagne<\/a><br \/><a href=\"https:\/\/www.closermag.fr\/vecu\/nouvelle-lune-du-21-octobre-ces-trois-signes-vont-ressentir-un-appel-interieur-a-changer-3586145\" rel=\"nofollow noopener\" target=\"_blank\" data-ylk=\"slk:Nouvelle Lune du 21 octobre : ces trois signes vont ressentir un appel int\u00e9rieur \u00e0 changer;elm:context_link;itc:0;sec:content-canvas\" class=\"link \">Nouvelle Lune du 21 octobre : ces trois signes vont ressentir un appel int\u00e9rieur \u00e0 changer<\/a><br \/><a href=\"https:\/\/www.closermag.fr\/people\/jean-dujardin-combien-a-t-il-denfants-3582834\" rel=\"nofollow noopener\" target=\"_blank\" data-ylk=\"slk:Jean Dujardin : combien a-t-il d\u2019enfants ?;elm:context_link;itc:0;sec:content-canvas\" class=\"link \">Jean Dujardin : combien a-t-il d\u2019enfants ?<\/a><br \/><a href=\"https:\/\/www.closermag.fr\/people\/mort-de-diane-keaton-son-impressionnante-perte-de-poids-quelques-semaines-avant-sa-disparition-a-surpris-tout-le-monde-3586139\" rel=\"nofollow noopener\" target=\"_blank\" data-ylk=\"slk:Mort de Diane Keaton : son impressionnante perte de poids quelques semaines avant sa disparition a surpris tout le monde;elm:context_link;itc:0;sec:content-canvas\" class=\"link \">Mort de Diane Keaton : son impressionnante perte de poids quelques semaines avant sa disparition a surpris tout le monde<\/a><\/p>\n","protected":false},"excerpt":{"rendered":"En 2014, la France \u00e9tait tomb\u00e9e sous le charme du timbr\u00e9 de voix de Kendji Girac. Rappelons que&hellip;\n","protected":false},"author":2,"featured_media":458732,"comment_status":"","ping_status":"","sticky":false,"template":"","format":"standard","meta":{"footnotes":""},"categories":[1355],"tags":[58,59,1011,27,7780,1361,873],"class_list":{"0":"post-458731","1":"post","2":"type-post","3":"status-publish","4":"format-standard","5":"has-post-thumbnail","7":"category-musique","8":"tag-divertissement","9":"tag-entertainment","10":"tag-fr","11":"tag-france","12":"tag-kendji-girac","13":"tag-music","14":"tag-musique"},"share_on_mastodon":{"url":"https:\/\/pubeurope.com\/@fr\/115364297677343557","error":""},"_links":{"self":[{"href":"https:\/\/www.europesays.com\/fr\/wp-json\/wp\/v2\/posts\/458731","targetHints":{"allow":["GET"]}}],"collection":[{"href":"https:\/\/www.europesays.com\/fr\/wp-json\/wp\/v2\/posts"}],"about":[{"href":"https:\/\/www.europesays.com\/fr\/wp-json\/wp\/v2\/types\/post"}],"author":[{"embeddable":true,"href":"https:\/\/www.europesays.com\/fr\/wp-json\/wp\/v2\/users\/2"}],"replies":[{"embeddable":true,"href":"https:\/\/www.europesays.com\/fr\/wp-json\/wp\/v2\/comments?post=458731"}],"version-history":[{"count":0,"href":"https:\/\/www.europesays.com\/fr\/wp-json\/wp\/v2\/posts\/458731\/revisions"}],"wp:featuredmedia":[{"embeddable":true,"href":"https:\/\/www.europesays.com\/fr\/wp-json\/wp\/v2\/media\/458732"}],"wp:attachment":[{"href":"https:\/\/www.europesays.com\/fr\/wp-json\/wp\/v2\/media?parent=458731"}],"wp:term":[{"taxonomy":"category","embeddable":true,"href":"https:\/\/www.europesays.com\/fr\/wp-json\/wp\/v2\/categories?post=458731"},{"taxonomy":"post_tag","embeddable":true,"href":"https:\/\/www.europesays.com\/fr\/wp-json\/wp\/v2\/tags?post=458731"}],"curies":[{"name":"wp","href":"https:\/\/api.w.org\/{rel}","templated":true}]}}