{"id":458733,"date":"2025-10-13T01:37:34","date_gmt":"2025-10-13T01:37:34","guid":{"rendered":"https:\/\/www.europesays.com\/fr\/458733\/"},"modified":"2025-10-13T01:37:34","modified_gmt":"2025-10-13T01:37:34","slug":"on-aura-des-bonnes-santes-un-film-pour-reflechir-a-la-sante-de-lenfant-projete-a-carhaix","status":"publish","type":"post","link":"https:\/\/www.europesays.com\/fr\/458733\/","title":{"rendered":"\u00ab\u00a0On aura des bonnes sant\u00e9s\u2026\u00a0\u00bb\u00a0: un film pour r\u00e9fl\u00e9chir \u00e0 la sant\u00e9 de l\u2019enfant projet\u00e9 \u00e0 Carhaix"},"content":{"rendered":"<p>Mardi 7 octobre \u00e0 la Maison de l\u2019enfance de Carhaix, l\u2019association Pr\u00e9parons demain a pr\u00e9sent\u00e9 son dernier documentaire \u00ab\u00a0On aura des bonnes sant\u00e9s\u2026\u00a0\u00bb r\u00e9alis\u00e9 par Anne Jochum. Ce nouvel opus s\u2019inscrit dans une d\u00e9marche d\u00e9j\u00e0 bien ancr\u00e9e\u00a0: depuis 2006, l\u2019association a produit vingt-deux films destin\u00e9s \u00e0 nourrir le dialogue et la r\u00e9flexion autour de l\u2019\u00e9ducation, de la parentalit\u00e9 et de la place de l\u2019enfant. Avec ce documentaire, qui constitue le troisi\u00e8me \u00e9l\u00e9ment d\u2019un triptyque consacr\u00e9 \u00e0 la sant\u00e9 de l\u2019enfant, l\u2019objectif est clair\u00a0: offrir un outil bienveillant pour inviter chacun, parents, professionnels, enfants, \u00e0 questionner son quotidien et \u00e0 envisager de petits changements concrets.<\/p>\n<p>\u00c0 travers des s\u00e9quences de vie quotidienne et des t\u00e9moignages vari\u00e9s, parents, enfants et sp\u00e9cialistes de la sant\u00e9 de l\u2019enfant, le spectateur est amen\u00e9 \u00e0 r\u00e9fl\u00e9chir, non pas en recevant des r\u00e9ponses toutes faites mais en trouvant ses propres rep\u00e8res. Le film montre combien l\u2019enfant peut \u00eatre un guide\u00a0: avec son regard sinc\u00e8re, sa parole spontan\u00e9e et son empathie, il rappelle souvent aux adultes l\u2019essentiel.<\/p>\n<p>Un support d\u2019accompagnement<\/p>\n<p>Tourn\u00e9 en Bretagne et \u00e0 Paris, le documentaire alterne paroles intimes et paysages inspirants. Les images de nature pr\u00e9sentes dans le film rappellent l\u2019importance de pr\u00e9server un environnement riche et irrempla\u00e7able, condition essentielle de la sant\u00e9 des g\u00e9n\u00e9rations futures. Plus qu\u2019un film, \u00ab\u00a0On aura des bonnes sant\u00e9s\u2026\u00a0\u00bb se veut un support d\u2019accompagnement\u00a0: il encourage chacun \u00e0 avancer \u00e0 son rythme et \u00e0 sa mesure, \u00e0 travers des gestes simples mais significatifs. L\u2019id\u00e9e n\u2019est pas d\u2019imposer des solutions mais d\u2019ouvrir un espace o\u00f9 la parole et la r\u00e9flexion peuvent conduire \u00e0 l\u2019action. Avec ce nouveau documentaire, Pr\u00e9parons demain confirme sa mission\u00a0: \u00e9veiller les consciences, valoriser la place de l\u2019enfant et inviter la soci\u00e9t\u00e9 \u00e0 se reconnecter au vivant.<\/p>\n<p><b>Pratique<\/b><\/p>\n<p class=\"note\">Site de l\u2019association\u00a0: https:\/\/filmspreparonsdemain.com\/<\/p>\n","protected":false},"excerpt":{"rendered":"Mardi 7 octobre \u00e0 la Maison de l\u2019enfance de Carhaix, l\u2019association Pr\u00e9parons demain a pr\u00e9sent\u00e9 son dernier documentaire&hellip;\n","protected":false},"author":2,"featured_media":458734,"comment_status":"","ping_status":"","sticky":false,"template":"","format":"standard","meta":{"footnotes":""},"categories":[1354],"tags":[5934,58,59,1346,1011,27,1360],"class_list":{"0":"post-458733","1":"post","2":"type-post","3":"status-publish","4":"format-standard","5":"has-post-thumbnail","7":"category-films","8":"tag-carhaix-plouguer","9":"tag-divertissement","10":"tag-entertainment","11":"tag-films","12":"tag-fr","13":"tag-france","14":"tag-movies"},"share_on_mastodon":{"url":"https:\/\/pubeurope.com\/@fr\/115364301803325052","error":""},"_links":{"self":[{"href":"https:\/\/www.europesays.com\/fr\/wp-json\/wp\/v2\/posts\/458733","targetHints":{"allow":["GET"]}}],"collection":[{"href":"https:\/\/www.europesays.com\/fr\/wp-json\/wp\/v2\/posts"}],"about":[{"href":"https:\/\/www.europesays.com\/fr\/wp-json\/wp\/v2\/types\/post"}],"author":[{"embeddable":true,"href":"https:\/\/www.europesays.com\/fr\/wp-json\/wp\/v2\/users\/2"}],"replies":[{"embeddable":true,"href":"https:\/\/www.europesays.com\/fr\/wp-json\/wp\/v2\/comments?post=458733"}],"version-history":[{"count":0,"href":"https:\/\/www.europesays.com\/fr\/wp-json\/wp\/v2\/posts\/458733\/revisions"}],"wp:featuredmedia":[{"embeddable":true,"href":"https:\/\/www.europesays.com\/fr\/wp-json\/wp\/v2\/media\/458734"}],"wp:attachment":[{"href":"https:\/\/www.europesays.com\/fr\/wp-json\/wp\/v2\/media?parent=458733"}],"wp:term":[{"taxonomy":"category","embeddable":true,"href":"https:\/\/www.europesays.com\/fr\/wp-json\/wp\/v2\/categories?post=458733"},{"taxonomy":"post_tag","embeddable":true,"href":"https:\/\/www.europesays.com\/fr\/wp-json\/wp\/v2\/tags?post=458733"}],"curies":[{"name":"wp","href":"https:\/\/api.w.org\/{rel}","templated":true}]}}