{"id":458735,"date":"2025-10-13T01:38:15","date_gmt":"2025-10-13T01:38:15","guid":{"rendered":"https:\/\/www.europesays.com\/fr\/458735\/"},"modified":"2025-10-13T01:38:15","modified_gmt":"2025-10-13T01:38:15","slug":"attention-a-ce-symptome-inattendu-du-variant-frankenstein","status":"publish","type":"post","link":"https:\/\/www.europesays.com\/fr\/458735\/","title":{"rendered":"attention \u00e0 ce sympt\u00f4me inattendu du variant Frankenstein"},"content":{"rendered":"<p class=\"post-excerpt\">Un m\u00e9decin met en garde : si vous pr\u00e9sentez<br \/>\nce sympt\u00f4me inattendu du variant Frankenstein de Covid-19,<br \/>\nconsultez de toute urgence. M\u00eame si les variants Stratus et Nimbus<br \/>\nprovoquent g\u00e9n\u00e9ralement des formes l\u00e9g\u00e8res, certaines personnes<br \/>\n\u00e2g\u00e9es ou fragiles doivent rester vigilantes.<\/p>\n<p class=\"p1\">La <a href=\"https:\/\/www.aufeminin.com\/societe\/sante-femme-societe\/le-covid-a-eu-un-impact-surprenant-sur-notre-cerveau-selon-une-etude-voici-ce-quun-neurologue-vous-recommande-de-faire-2652590.html\" target=\"_blank\" rel=\"noopener\">pand\u00e9mie de Covid-19<\/a> continue de<br \/>\nsusciter vigilance et prudence \u00e0 travers le monde, m\u00eame apr\u00e8s<br \/>\nplusieurs ann\u00e9es de circulation du virus. Chaque nouvelle mutation<br \/>\nrappelle l\u2019importance de rester attentif aux signes de la maladie,<br \/>\nafin de prot\u00e9ger les personnes les plus vuln\u00e9rables. Alors que deux<br \/>\n<a href=\"https:\/\/www.aufeminin.com\/societe\/covid-19-le-nouveau-variant-frankenstein-inquiete-voici-le-symptome-n1-avec-votre-voix-qui-doit-vous-alerter-2662863.html\" target=\"_blank\" rel=\"noopener\">nouveaux variants de Covid-19<\/a><br \/>\ncirculent actuellement au Royaume-Uni, <strong>un m\u00e9decin tire la<br \/>\nsonnette d\u2019alarme pour un sympt\u00f4me inattendu qui m\u00e9rite une<br \/>\nattention imm\u00e9diate<\/strong>. <a href=\"https:\/\/www.aufeminin.com\/societe\/sante-femme-societe\/coronavirus\/covid-19-le-variant-frankenstein-est-le-pire-que-jai-eu-voici-le-symptome-insoupconne-qui-ma-cause-une-douleur-atroce-2665798.html\" target=\"_blank\" rel=\"noopener\">Le variant Frankenstein<\/a>,<br \/>\nsurnomm\u00e9 ainsi dans certains m\u00e9dias pour ses mutations r\u00e9centes,<br \/>\nn\u2019entra\u00eene pas forc\u00e9ment des formes plus graves de la maladie, mais<br \/>\npeut provoquer des signes particuliers que beaucoup ne<br \/>\nreconnaissent pas. Selon le Dr Azeem Majeed pour <a href=\"https:\/\/www.mylondon.news\/news\/health\/im-doctor-see-your-gp-32619763\" target=\"_blank\" rel=\"noopener\">MyLondon<\/a>, professeur \u00e0<br \/>\nl\u2019Imperial College de Londres et m\u00e9decin g\u00e9n\u00e9raliste, la vigilance<br \/>\nreste cruciale, <strong>surtout chez les populations fragiles ou<br \/>\n\u00e2g\u00e9es<\/strong>.<\/p>\n<p>Les variants XFG (Stratus) et NB.1.8.1 (Nimbus) ne semblent pas<br \/>\ncauser de sympt\u00f4mes plus s\u00e9v\u00e8res que les souches pr\u00e9c\u00e9dentes, mais<br \/>\n<strong>les changements g\u00e9n\u00e9tiques r\u00e9cents peuvent augmenter le<br \/>\nrisque d\u2019infection<\/strong>. En effet, le UK Health Security Agency<br \/>\nrappelle que les virus mutent naturellement et qu\u2019une meilleure<br \/>\ncompr\u00e9hension de ces variants permettra d\u2019optimiser la protection<br \/>\nde la population, en particulier des plus vuln\u00e9rables. Le Dr Majeed<br \/>\npr\u00e9cise que <strong>la plupart des personnes immunis\u00e9es d\u00e9veloppent<br \/>\ndes sympt\u00f4mes l\u00e9gers<\/strong>, incluant toux, fi\u00e8vre, fatigue, maux<br \/>\nde t\u00eate, douleurs musculaires et perte du go\u00fbt ou de l\u2019odorat.<\/p>\n<p>Ce sympt\u00f4me inattendu du variant Frankenstein de Covid-19 doit<br \/>\nvous alerter<\/p>\n<p>Le Dr Majeed attire l\u2019attention sur un signe particulier :<br \/>\n<strong>la confusion<\/strong>. \u00ab\u00a0Si une personne ressent des<br \/>\nprobl\u00e8mes comme la confusion, elle doit vraiment consulter de toute<br \/>\nurgence\u00a0\u00bb, insiste-t-il. Les autres sympt\u00f4mes plus graves \u00e0<br \/>\nsurveiller incluent fi\u00e8vre persistante, essoufflement ou baisse de<br \/>\nl\u2019oxyg\u00e8ne dans le sang, <strong>surtout chez les personnes \u00e2g\u00e9es ou<br \/>\natteintes de maladies chroniques<\/strong> telles que le diab\u00e8te ou<br \/>\nl\u2019insuffisance r\u00e9nale.<\/p>\n<p>M\u00eame si les jeunes adultes ne pr\u00e9sentent g\u00e9n\u00e9ralement que des<br \/>\nsympt\u00f4mes l\u00e9gers, <strong>les seniors doivent rester vigilants face<br \/>\n\u00e0 une fi\u00e8vre prolong\u00e9e, une grande fatigue ou une perte<br \/>\nd\u2019app\u00e9tit<\/strong>. En effet, certaines personnes d\u00e9crivent<br \/>\n\u00e9galement un mal de gorge intense, souvent compar\u00e9 \u00e0 une sensation<br \/>\nde \u00ab\u00a0lame de rasoir\u00a0\u00bb. Cette alerte souligne l\u2019importance de ne pas<br \/>\nsous-estimer des signes inhabituels, m\u00eame dans un contexte de<br \/>\nvariants consid\u00e9r\u00e9s comme moins virulents.<\/p>\n<p><img loading=\"lazy\" decoding=\"async\" itemprop=\"thumbnailUrl\" class=\"alignnone size-full wp-image-2666185 img-responsive pinit-here\" src=\"https:\/\/www.europesays.com\/fr\/wp-content\/uploads\/2025\/10\/symptome-covid-19-variant-frankenstein1-2.jpg\" alt=\"Ce sympt\u00f4me inattendu du variant Frankenstein de Covid-19 doit vous alerter\" width=\"1025\" height=\"683\" data-pin-media=\"https:\/\/sf2.afcdn.com\/wp-content\/uploads\/aufeminin\/2025\/10\/symptome-covid-19-variant-frankenstein1-2-736x490.jpg\"\/><br \/>\n\u00a9 fizkes \/<br \/>\nShutterstock<\/p>\n<p>Vaccination et protection renforc\u00e9e pour les plus<br \/>\nvuln\u00e9rables<\/p>\n<p>Le m\u00e9decin d\u00e9plore par ailleurs <strong>la baisse du taux de<br \/>\nvaccination dans la population \u00e2g\u00e9e<\/strong>. \u00ab\u00a0M\u00eame parmi les<br \/>\npersonnes \u00e2g\u00e9es, les taux de vaccination ont diminu\u00e9 chaque ann\u00e9e.<br \/>\nL\u2019ann\u00e9e derni\u00e8re, par exemple, seulement 60 % des plus de 75 ans<br \/>\nont \u00e9t\u00e9 vaccin\u00e9s, ce qui est en dessous de l\u2019id\u00e9al\u00a0\u00bb,<br \/>\nexplique-t-il. En effet, beaucoup pensent \u00e0 tort que les vaccins<br \/>\nsont inefficaces contre les nouvelles souches, alors que les<br \/>\npreuves d\u00e9montrent leur efficacit\u00e9 sur tous les variants rencontr\u00e9s<br \/>\njusqu\u2019ici.<\/p>\n<p>Le Dr Majeed recommande aux personnes \u00e2g\u00e9es de <strong>se faire<br \/>\nvacciner deux fois par an<\/strong>, au printemps et en automne.<br \/>\nCette approche permet non seulement de r\u00e9duire les risques de forme<br \/>\ns\u00e9v\u00e8re, mais aussi de limiter les hospitalisations et de prot\u00e9ger<br \/>\nles populations vuln\u00e9rables face aux variants r\u00e9cents, y compris le<br \/>\nvariant Frankenstein.<\/p>\n","protected":false},"excerpt":{"rendered":"Un m\u00e9decin met en garde : si vous pr\u00e9sentez ce sympt\u00f4me inattendu du variant Frankenstein de Covid-19, consultez&hellip;\n","protected":false},"author":2,"featured_media":458736,"comment_status":"","ping_status":"","sticky":false,"template":"","format":"standard","meta":{"footnotes":""},"categories":[10],"tags":[4400,58383,1011,27,72,71,16420],"class_list":{"0":"post-458735","1":"post","2":"type-post","3":"status-publish","4":"format-standard","5":"has-post-thumbnail","7":"category-sante","8":"tag-covid","9":"tag-etat-sante","10":"tag-fr","11":"tag-france","12":"tag-health","13":"tag-sante","14":"tag-symptome"},"share_on_mastodon":{"url":"https:\/\/pubeurope.com\/@fr\/115364306312547988","error":""},"_links":{"self":[{"href":"https:\/\/www.europesays.com\/fr\/wp-json\/wp\/v2\/posts\/458735","targetHints":{"allow":["GET"]}}],"collection":[{"href":"https:\/\/www.europesays.com\/fr\/wp-json\/wp\/v2\/posts"}],"about":[{"href":"https:\/\/www.europesays.com\/fr\/wp-json\/wp\/v2\/types\/post"}],"author":[{"embeddable":true,"href":"https:\/\/www.europesays.com\/fr\/wp-json\/wp\/v2\/users\/2"}],"replies":[{"embeddable":true,"href":"https:\/\/www.europesays.com\/fr\/wp-json\/wp\/v2\/comments?post=458735"}],"version-history":[{"count":0,"href":"https:\/\/www.europesays.com\/fr\/wp-json\/wp\/v2\/posts\/458735\/revisions"}],"wp:featuredmedia":[{"embeddable":true,"href":"https:\/\/www.europesays.com\/fr\/wp-json\/wp\/v2\/media\/458736"}],"wp:attachment":[{"href":"https:\/\/www.europesays.com\/fr\/wp-json\/wp\/v2\/media?parent=458735"}],"wp:term":[{"taxonomy":"category","embeddable":true,"href":"https:\/\/www.europesays.com\/fr\/wp-json\/wp\/v2\/categories?post=458735"},{"taxonomy":"post_tag","embeddable":true,"href":"https:\/\/www.europesays.com\/fr\/wp-json\/wp\/v2\/tags?post=458735"}],"curies":[{"name":"wp","href":"https:\/\/api.w.org\/{rel}","templated":true}]}}