{"id":458744,"date":"2025-10-13T01:43:11","date_gmt":"2025-10-13T01:43:11","guid":{"rendered":"https:\/\/www.europesays.com\/fr\/458744\/"},"modified":"2025-10-13T01:43:11","modified_gmt":"2025-10-13T01:43:11","slug":"sebastien-lecornu-de-retour-a-matignon-le-plan-trump-commence-a-etre-applique-a-gaza-cecilia-attias-en-flagrant-delit-de-racisme-ce-quil-ne-fallait-pas-manquer-ce-week-end","status":"publish","type":"post","link":"https:\/\/www.europesays.com\/fr\/458744\/","title":{"rendered":"S\u00e9bastien Lecornu de retour \u00e0 Matignon, le \u00ab Plan Trump \u00bb commence \u00e0 \u00eatre appliqu\u00e9 \u00e0 Gaza, C\u00e9cilia Attias en flagrant d\u00e9lit de racisme&#8230; Ce qu&rsquo;il ne fallait pas manquer ce week-end"},"content":{"rendered":"<p><strong>La France a un nouveau ex premier ministre\u2026 Censure, budget\u00a0: ce qui attend le gouvernement Lecornu 2<\/strong><\/p>\n<p>\u00c0 nouveau nomm\u00e9 premier ministre, S\u00e9bastien Lecornu se pr\u00e9pare \u00e0 des jours difficiles. Il aura la lourde t\u00e2che de former un gouvernement, pr\u00e9senter un budget, prononcer une d\u00e9claration de politique g\u00e9n\u00e9rale, et d\u2019\u00e9viter la censure. Une mission impossible\u00a0?<\/p>\n<p><strong>LR ne participera pas au gouvernement Lecornu 2 mais promet un \u00ab\u00a0soutien texte par texte\u00a0\u00bb<\/strong><\/p>\n<p>Le bureau politique des \u00ab\u00a0R\u00e9publicains\u00a0\u00bb qui s\u2019est r\u00e9uni samedi matin s\u2019est oppos\u00e9 \u00e0 une large majorit\u00e9 \u00e0 la participation de la droite au prochain gouvernement de S\u00e9bastien Lecornu. LR se contentera seulement d\u2019un soutien texte par texte, tout comme l\u2019UDI. Tandis qu\u2019Horizons se dit \u00ab\u00a0dans l\u2019attente\u00a0\u00bb de pr\u00e9cisions pour trancher son positionnement.<\/p>\n<p><strong>L\u2019accord de Charm el-Cheikh commence \u00e0 \u00eatre appliqu\u00e9\u00a0: \u00e0 Gaza, les Palestiniens red\u00e9couvrent un ciel sans bombes<\/strong><\/p>\n<p>Depuis midi le 10\u00a0octobre, heure locale, <a href=\"https:\/\/www.humanite.fr\/monde\/bande-de-gaza\/cessez-le-feu-a-gaza-les-palestiniens-redecouvrent-un-ciel-sans-bombes-depuis-midi\" target=\"_blank\" rel=\"noopener\">le cessez-le-feu est entr\u00e9 en vigueur dans la bande de Gaza<\/a>. L\u2019arm\u00e9e isra\u00e9lienne a effectu\u00e9 un premier repli vers les lignes pr\u00e9vues dans l\u2019accord de Charm el-Cheikh sign\u00e9 par Isra\u00ebl et le Hamas sous la tutelle des \u00c9tats-Unis et des pays arabes. Tel Aviv doit organiser la lib\u00e9ration de 2\u00a0000 prisonniers en \u00e9change de la restitution des otages d\u00e9tenus par le Hamas. La premi\u00e8re phase d\u2019application du \u00ab\u00a0plan Trump\u00a0\u00bb a commenc\u00e9 \u00e0 \u00eatre mise en \u0153uvre. Mais les doutes subsistent sur la suite du processus alors que Benyamin Netanyahou ajoute des conditions.<\/p>\n<p><strong>\u00c0 Tel Aviv, 500\u00a0000 Isra\u00e9liens se sont rassembl\u00e9s sur la place des Otages<\/strong><\/p>\n<p>Samedi soir, pr\u00e8s de 500\u00a0000 personnes ont afflu\u00e9 au c\u0153ur de Tel-Aviv. Deux ans apr\u00e8s le 7\u00a0Octobre, la lib\u00e9ration annonc\u00e9e des derniers otages a suscit\u00e9 un \u00e9lan d\u2019espoir, temp\u00e9r\u00e9 par la crainte que tous ne rentrent pas, et la difficult\u00e9 d\u2019imaginer l\u2019apr\u00e8s.<\/p>\n<p><strong>\u00ab\u00a0Pendant que tu travailles, d\u2019autres attendent \u00e0 la CAF\u00a0\u00bb\u00a0: quand C\u00e9cilia Attias se vautre dans la fange raciste sur la base d\u2019une photo fallacieuse<\/strong><\/p>\n<p>L\u2019ex-\u00e9pouse de Nicolas Sarkozy a publi\u00e9 sur son compte X une photo repr\u00e9sentant deux femmes en niqab, pr\u00e9tendument devant un guichet de la CAF, assortie de cette l\u00e9gende\u00a0: \u00ab\u00a0Pendant que tu travailles, d\u2019autres attendent \u00e0 la CAF.\u00a0\u00bb Le clich\u00e9, qui \u00e9mane du militant identitaire Damien Rieu, a en r\u00e9alit\u00e9 \u00e9t\u00e9 pris dans une fourri\u00e8re parisienne. L\u2019association La Maison des potes a annonc\u00e9 le 10\u00a0octobre porter plainte pour incitation \u00e0 la haine raciste.<\/p>\n<p><strong>\u00c0 Paris, une marche f\u00e9ministe pour la libert\u00e9, la sororit\u00e9, l\u2019\u00e9galit\u00e9 et la solidarit\u00e9 internationale<\/strong><\/p>\n<p>Face \u00e0 la mont\u00e9e des r\u00e9gimes d\u2019extr\u00eame droite, quelques centaines de personnes ont manifest\u00e9, ce samedi 11\u00a0octobre \u00e0 Paris, pour d\u00e9fendre les droits des femmes du monde entier. Une manifestation f\u00e9ministe et internationaliste initi\u00e9e par le collectif Gr\u00e8ve f\u00e9ministe et soutenue par des dizaines d\u2019associations, syndicats et partis politiques.<\/p>\n<p><strong>Masters 1000 de Shanghai\u00a0: le tennisman mon\u00e9gasque Valentin Vacherot bat son cousin et s\u2019offre un titre inattendu<\/strong><\/p>\n<p>Issu des qualifications, le Mon\u00e9gasque Valentin Vacherot a battu son cousin, le fran\u00e7ais Arthur Rinderknech, en finale du Masters 1000 chinois. Il devient le joueur le moins bien class\u00e9 de l\u2019histoire (204e) \u00e0 gagner un tournoi de cette cat\u00e9gorie.<\/p>\n<p><strong>Mort de Diane Keaton, une actrice sur tous les fronts<\/strong><\/p>\n<p>L\u2019actrice am\u00e9ricaine est morte \u00e0 79\u00a0ans. Laur\u00e9ate d\u2019un Oscar pour Annie Hall, elle compte dans sa filmographie, outre ses nombreuses collaborations avec Woody Allen, le Parrain, Reds \u2013 un hommage \u00e0 un militant communiste am\u00e9ricain \u2013 et des com\u00e9dies populaires qui ont renouvel\u00e9 la vision de la femme m\u00fbre sur grand \u00e9cran.<\/p>\n<p><strong>Et aussi\u00a0:<\/strong><\/p>\n<p><a href=\"https:\/\/www.humanite.fr\/medias\/genocide-a-gaza\/le-photojournaliste-palestinien-saher-alghorra-remporte-le-prix-bayeux-des-correspondants-de-guerre\" target=\"_blank\" rel=\"noopener\">Le photojournaliste palestinien Saher Alghorra<\/a> remporte le prix Bayeux des correspondants de guerre<\/p>\n<p>Venezuela\u00a0: <a href=\"https:\/\/www.humanite.fr\/monde\/prix-nobel-de-la-paix\/le-prix-nobel-de-la-paix-decerne-a-maria-corina-machado-figure-de-proue-de-la-droite-extreme-du-venezuela\" target=\"_blank\" rel=\"noopener\">un prix Nobel de la paix pour pr\u00e9cipiter la guerre\u00a0?<\/a><\/p>\n<p>Avant de partir, une derni\u00e8re chose\u2026<\/p>\n<p>Contrairement \u00e0 90% des m\u00e9dias fran\u00e7ais aujourd\u2019hui, <strong>l\u2019Humanit\u00e9 ne d\u00e9pend ni de grands groupes ni de milliardaires<\/strong>. Cela signifie que : <\/p>\n<ul class=\"wp-block-list\">\n<li>nous vous apportons des informations impartiales, sans compromis. Mais aussi que <\/li>\n<li>nous n\u2019avons pas les moyens financiers dont b\u00e9n\u00e9ficient les autres m\u00e9dias.<\/li>\n<\/ul>\n<p><strong>L\u2019information ind\u00e9pendante et de qualit\u00e9 a un co\u00fbt<\/strong>. Payez-le.<br \/><a href=\"https:\/\/stage.preprod.humanite.fr\/lhumanite-cest-vous\" data-type=\"link\" data-id=\"https:\/\/stage.preprod.humanite.fr\/lhumanite-cest-vous\" target=\"_blank\" rel=\"noopener\">Je veux en savoir plus<\/a><\/p>\n","protected":false},"excerpt":{"rendered":"La France a un nouveau ex premier ministre\u2026 Censure, budget\u00a0: ce qui attend le gouvernement Lecornu 2 \u00c0&hellip;\n","protected":false},"author":2,"featured_media":458745,"comment_status":"","ping_status":"","sticky":false,"template":"","format":"standard","meta":{"footnotes":""},"categories":[5],"tags":[11,4628,1011,27,14,12,36559,28],"class_list":{"0":"post-458744","1":"post","2":"type-post","3":"status-publish","4":"format-standard","5":"has-post-thumbnail","7":"category-international","8":"tag-actualites","9":"tag-bande-de-gaza","10":"tag-fr","11":"tag-france","12":"tag-international","13":"tag-news","14":"tag-su00e9bastien-lecornu","15":"tag-world"},"share_on_mastodon":{"url":"https:\/\/pubeurope.com\/@fr\/115364325272703395","error":""},"_links":{"self":[{"href":"https:\/\/www.europesays.com\/fr\/wp-json\/wp\/v2\/posts\/458744","targetHints":{"allow":["GET"]}}],"collection":[{"href":"https:\/\/www.europesays.com\/fr\/wp-json\/wp\/v2\/posts"}],"about":[{"href":"https:\/\/www.europesays.com\/fr\/wp-json\/wp\/v2\/types\/post"}],"author":[{"embeddable":true,"href":"https:\/\/www.europesays.com\/fr\/wp-json\/wp\/v2\/users\/2"}],"replies":[{"embeddable":true,"href":"https:\/\/www.europesays.com\/fr\/wp-json\/wp\/v2\/comments?post=458744"}],"version-history":[{"count":0,"href":"https:\/\/www.europesays.com\/fr\/wp-json\/wp\/v2\/posts\/458744\/revisions"}],"wp:featuredmedia":[{"embeddable":true,"href":"https:\/\/www.europesays.com\/fr\/wp-json\/wp\/v2\/media\/458745"}],"wp:attachment":[{"href":"https:\/\/www.europesays.com\/fr\/wp-json\/wp\/v2\/media?parent=458744"}],"wp:term":[{"taxonomy":"category","embeddable":true,"href":"https:\/\/www.europesays.com\/fr\/wp-json\/wp\/v2\/categories?post=458744"},{"taxonomy":"post_tag","embeddable":true,"href":"https:\/\/www.europesays.com\/fr\/wp-json\/wp\/v2\/tags?post=458744"}],"curies":[{"name":"wp","href":"https:\/\/api.w.org\/{rel}","templated":true}]}}