{"id":458746,"date":"2025-10-13T01:44:12","date_gmt":"2025-10-13T01:44:12","guid":{"rendered":"https:\/\/www.europesays.com\/fr\/458746\/"},"modified":"2025-10-13T01:44:12","modified_gmt":"2025-10-13T01:44:12","slug":"voici-pourquoi-la-culpabilite-de-cedric-jubillar-ne-tient-qua-un-fil","status":"publish","type":"post","link":"https:\/\/www.europesays.com\/fr\/458746\/","title":{"rendered":"voici pourquoi la culpabilit\u00e9 de C\u00e9dric Jubillar ne tient qu&rsquo;\u00e0 un fil"},"content":{"rendered":"<p>            Par<br \/>\n        <strong><br \/>\n            <a href=\"https:\/\/actu.fr\/auteur\/mareva-laville-actu-fr\" title=\"Consulter tous les articles de Mar\u00e9va Laville\" target=\"_blank\" rel=\"noopener\">Mar\u00e9va Laville<\/a><br \/>\n        <\/strong><\/p>\n<p>        Publi\u00e9 le<\/p>\n<p>            12 oct. 2025 \u00e0 18h04        <\/p>\n<p>Vendredi 17\u00a0octobre 2025. La date s\u2019annonce cruciale pour le destin de<strong> C\u00e9dric Jubillar, accus\u00e9 du meurtre de sa femme Delphine<\/strong>, port\u00e9e disparue depuis la nuit du 15 au 16\u00a0d\u00e9cembre 2020. Ce jour-l\u00e0, <a href=\"https:\/\/actu.fr\/occitanie\/albi_81004\/proces-jubillar-cedric-jubillar-n-est-pas-fou-la-personnalite-de-l-accuse-passee-au-crible_63280929.html\" target=\"_blank\" rel=\"noopener\">C\u00e9dric Jubillar conna\u00eetra sa sentence<\/a>, apr\u00e8s quatre semaines de<strong> <a href=\"https:\/\/actu.fr\/tag\/affaire-delphine-jubillar\" target=\"_blank\" rel=\"noopener\">proc\u00e8s aux assises d\u2019Albi (Tarn)<\/a>.<\/strong> Les six jur\u00e9s, la pr\u00e9sidente du tribunal et ses deux assesseurs d\u00e9cideront si <strong>oui ou non<\/strong>, cet homme de 38 ans, p\u00e8re de deux enfants, est d\u00e9clar\u00e9 <strong>coupable<\/strong>. Une telle d\u00e9cision ne doit pas \u00eatre prise \u00e0 la l\u00e9g\u00e8re. <strong>Pr\u00e9somption d\u2019innocence<\/strong> oblige, il suffit de peu pour que l\u2019accus\u00e9 soit acquitt\u00e9. Voici sous quelles (complexes) conditions C\u00e9dric Jubillar peut \u00eatre reconnu innocent ou coupable.<\/p>\n<p>#1. Les derniers mots de l\u2019accus\u00e9 puis l\u2019isolement<\/p>\n<p class=\" wall-content\">Vendredi 17\u00a0octobre, 9\u00a0heures, au lendemain des plaidoiries des avocats des parties civiles puis de la d\u00e9fense<a href=\"https:\/\/actu.fr\/occitanie\/albi_81004\/proces-jubillar-un-aveu-est-toujours-possible-cedric-sur-le-grill-lors-d-un-interrogatoire-tres-attendu_63280842.html\" target=\"_blank\" rel=\"noopener\">, <strong>C\u00e9dric Jubillar<\/strong> prononcera ses<strong> derniers mots.<\/strong><\/a> La derni\u00e8re occasion de <a href=\"https:\/\/actu.fr\/occitanie\/albi_81004\/proces-jubillar-jour-10-si-j-avais-voulu-commettre-un-tel-crime-j-aurais-fait-attention-a-ca-dit-cedric_63265473.html\" target=\"_blank\" rel=\"noopener\">plaider son innocence,<\/a> qu\u2019il n\u2019a eu de cesse de clamer depuis presque cinq ans. Les textes fondamentaux du Code p\u00e9nal seront ensuite lus, notamment celui qui aborde l\u2019intime conviction. \u00c0 ne pas confondre avec l\u2019opinion personnelle, l<strong>\u2019intime conviction<\/strong> doit se baser sur des faits et sur l\u2019ensemble des preuves \u2014 ou faisceau d\u2019indices \u2014 apport\u00e9es durant les d\u00e9bats. Elle ne doit pas omettre l\u2019impartialit\u00e9, l\u2019ind\u00e9pendance et la pr\u00e9somption d\u2019innocence. Serment pr\u00eat\u00e9.<\/p>\n<p class=\" wall-content\">Apr\u00e8s les lectures,<strong> place au d\u00e9lib\u00e9r\u00e9<\/strong>. La Cour se l\u00e8vera. Le Palais de Justice d\u2019Albi sera \u00e9vacu\u00e9. C\u2019est l\u2019heure de l\u2019isolement pour les six jur\u00e9s, la pr\u00e9sidente du tribunal et les assesseurs. Personne ne pourra entrer en contact avec eux tant qu\u2019ils ne se seront pas mis d\u2019accord.<strong> \u00ab\u2009\u00c7a va durer des heures\u2009\u00bb<\/strong>, pr\u00e9dit un magistrat de liaison, interrog\u00e9 par Actu Toulouse.<\/p>\n<p>#2. La question cruciale\u2009: est-il coupable\u2009?<\/p>\n<p class=\" wall-content\">Premi\u00e8re question \u00e0 laquelle ils devront r\u00e9pondre\u2009: <strong>\u00ab\u2009C\u00e9dric Jubillar est-il coupable du meurtre de Delphine Jubillar\u2009?\u2009\u00bb<\/strong> Oui\u2009? Non\u2009? Chaque jur\u00e9 devra voter \u00e0<strong> bulletin secret.<\/strong> \u00c9crire si oui ou non, l\u2019accus\u00e9 a donn\u00e9 la mort.<\/p>\n<p class=\" wall-content\">Il ne suffit que de <strong>trois r\u00e9ponses n\u00e9gatives pour acquitter C\u00e9dric Jubillar.<\/strong> La loi Dupond-Moretti a instaur\u00e9, d\u00e8s 2022, une \u00ab\u2009majorit\u00e9 qualifi\u00e9e\u2009\u00bb de sept voix sur neuf pour reconna\u00eetre la culpabilit\u00e9. De sorte, aussi, que la d\u00e9cision soit populaire, c\u2019est-\u00e0-dire davantage d\u00e9cid\u00e9e par les jur\u00e9s citoyens que par les professionnels de la justice. \u00ab\u2009Le jugement des pairs par ses pairs\u2009\u00bb, dit la formule pour les assises.<\/p>\n<p>Vid\u00e9os : en ce moment sur Actu<\/p>\n<p class=\" wall-content\">Si trois bulletins r\u00e9pondent par la n\u00e9gative, C\u00e9dric Jubillar, acquitt\u00e9, retournera quand m\u00eame \u00e0 la prison de Seysses \u2014 o\u00f9 il est incarc\u00e9r\u00e9 provisoirement depuis plus de quatre ans \u2014 pour des formalit\u00e9s, avant d\u2019\u00eatre <strong>remis en libert\u00e9<\/strong>. Si, au contraire, la majorit\u00e9 des jur\u00e9s vote pour sa culpabilit\u00e9, il faudra s\u2019adonner \u00e0 tout un ensemble d\u2019autres \u00e9tapes.<\/p>\n<p class=\" wall-content\">Existe-t-il des circonstances att\u00e9nuantes ou au contraire, aggravantes\u2009? \u00catre le conjoint de la victime en est une, par exemple. Enfin, s\u2019il est coupable, <strong>quelle peine doit-on lui r\u00e9server\u2009?<\/strong><\/p>\n<p>Votre r\u00e9gion, votre actu !<\/p>\n<p>Recevez chaque jour les infos qui comptent pour vous.<\/p>\n<p>\t<a href=\"https:\/\/actu.fr\/newsletter\" class=\"ac-btn ac-btn--corner ac-btn--medium ac-btn--blue800\" target=\"_blank\" rel=\"noopener\">S&rsquo;incrire<\/a><br \/>\n#3. Le vote de la peine<\/p>\n<p class=\" wall-content\">Chaque jur\u00e9 et membre de la Cour inscriront sur un papier <strong>la dur\u00e9e d\u2019incarc\u00e9ration<\/strong> la plus juste \u00e0 leurs yeux. Nouveau scrutin. \u00ab\u2009Si la peine maximale sort au premier tour, c\u2019est fini\u2009\u00bb, assure le magistrat de liaison, questionn\u00e9 par Actu Toulouse. Mais ce n\u2019est pas ais\u00e9. Car pour exiger la <strong>perp\u00e9tuit\u00e9<\/strong>, l\u00e0 encore, <strong>la majorit\u00e9 qualifi\u00e9e de sept voix est de rigueur.<\/strong> Les peines plus faibles, quant \u00e0 elles, ne n\u00e9cessitent que la majorit\u00e9 absolue, soit cinq voix sur neuf.<\/p>\n<p class=\" wall-content\">Deux tours sont alors accord\u00e9s. Si aucune peine ne ressort gagnante des deux scrutins, le troisi\u00e8me tour \u00e9cartera la plus forte d\u2019entre elles. Dans le cas pr\u00e9cis de C\u00e9dric Jubillar, il s\u2019agit de la perp\u00e9tuit\u00e9 : 30 ans de r\u00e9clusion criminelle.<\/p>\n<p>#4. La peine maximale retir\u00e9e \u00e0 chaque tour sans majorit\u00e9<\/p>\n<p class=\" wall-content\">Le vote devient donc <strong>d\u00e9gressif.<\/strong> Les jur\u00e9s ressortent de nouveaux papiers et recommencent en abaissant la peine maximale \u00e0 29\u00a0ans, puis 28, puis 27, 26, 25\u2026 Jusqu\u2019\u00e0 ce que <strong>cinq voix<\/strong> s\u2019unissent pour une sentence. \u00c0 noter que le vote blanc peut intervenir pour les peines, mais qu\u2019il joue en la faveur de l\u2019accus\u00e9.<\/p>\n<p class=\" wall-content\">\u00c0 ceux qui croiraient alors que c\u2019est termin\u00e9 n\u2019ont qu\u2019\u00e0 bien se tenir. La m\u00eame op\u00e9ration se renouvelle pour les<strong> peines compl\u00e9mentaires,<\/strong> telles que l\u2019interdiction de conduire par exemple. Idem pour la dur\u00e9e et les modalit\u00e9s d\u2019un <strong>suivi socio-judiciaire.<\/strong><\/p>\n<p>Et les enfants ? <\/p>\n<p>C\u00e9dric et Delphine Jubillar ont donn\u00e9 vie \u00e0 Louis, aujourd&rsquo;hui \u00e2g\u00e9 de 11 ans, et Elyah, qui a d\u00e9sormais 6 ans. Depuis l&rsquo;incarc\u00e9ration de leur p\u00e8re, en juin 2021, les deux enfants n&rsquo;ont pu revoir leur p\u00e8re. Si C\u00e9dric Jubillar venait \u00e0 \u00eatre d\u00e9clar\u00e9 coupable, qu&rsquo;en sera-t-il de ses liens avec Louis et Elyah ? \u00ab\u00a0\u00c7a, c&rsquo;est une mesure civile\u00a0\u00bb, r\u00e9pond le magistrat de liaison. Le retrait de l&rsquo;autorit\u00e9 parentale doit faire l&rsquo;objet d&rsquo;un nouveau jugement. Il en va de m\u00eame pour les parties civiles qui pourraient alors r\u00e9clamer des dommages et int\u00e9r\u00eats.\u00a0<\/p>\n<p>#5. Le verdict<\/p>\n<p class=\" wall-content\">Il est fort \u00e0 parier que les jur\u00e9s et la Cour enferm\u00e9s dans le Palais de Justice ne voient pas les aiguilles de l\u2019horloge avancer jusqu\u2019\u00e0 tard le soir\u2026 voire la nuit ? Les amateurs de cin\u00e9ma se souviendront probablement du film Douze hommes en col\u00e8re. Se mettre d\u2019accord sur une peine, c\u2019est long. Mais ce n\u2019est qu\u2019au terme du d\u00e9lib\u00e9r\u00e9 que<strong> le verdict sera prononc\u00e9 publiquement.<\/strong><\/p>\n<p class=\" wall-content\">Innocent ou coupable\u2009? La premi\u00e8re r\u00e9ponse tombera<strong> vendredi 17\u00a0octobre (ou samedi 18\u00a0octobre\u2009?)<\/strong>. Premi\u00e8re, car \u00e0 la lumi\u00e8re des trois premi\u00e8res semaines de proc\u00e8s, il reste assez certain, qu\u2019importe la d\u00e9cision, que les avocats, d\u2019un c\u00f4t\u00e9 comme de l\u2019autre, d\u00e9gainent la carte \u00ab\u2009proc\u00e9dure en appel\u2009\u00bb.<\/p>\n<p class=\" wall-content\">Personnalisez votre actualit\u00e9 en ajoutant vos villes et m\u00e9dias en favori avec <a href=\"https:\/\/moncompte.actu.fr\" title=\"D\u00e9couvez Mon Actu\" rel=\"nofollow noopener\" data-trk=\"{&quot;cta&quot;:{&quot;action&quot;:&quot;https:\\\/\\\/moncompte.actu.fr&quot;,&quot;category&quot;:&quot;mon compte&quot;,&quot;from&quot;:&quot;article footer&quot;,&quot;name&quot;:&quot;Mon actu&quot;,&quot;type&quot;:&quot;cta&quot;}}\" target=\"_blank\">Mon Actu<\/a>.<\/p>\n","protected":false},"excerpt":{"rendered":"Par Mar\u00e9va Laville Publi\u00e9 le 12 oct. 2025 \u00e0 18h04 Vendredi 17\u00a0octobre 2025. La date s\u2019annonce cruciale pour&hellip;\n","protected":false},"author":2,"featured_media":458747,"comment_status":"","ping_status":"","sticky":false,"template":"","format":"standard","meta":{"footnotes":""},"categories":[4],"tags":[11,38151,118,1011,27,303,12,25],"class_list":{"0":"post-458746","1":"post","2":"type-post","3":"status-publish","4":"format-standard","5":"has-post-thumbnail","7":"category-france","8":"tag-actualites","9":"tag-affaire-delphine-jubillar","10":"tag-faits-divers","11":"tag-fr","12":"tag-france","13":"tag-justice","14":"tag-news","15":"tag-republique-francaise"},"share_on_mastodon":{"url":"https:\/\/pubeurope.com\/@fr\/115364329125138169","error":""},"_links":{"self":[{"href":"https:\/\/www.europesays.com\/fr\/wp-json\/wp\/v2\/posts\/458746","targetHints":{"allow":["GET"]}}],"collection":[{"href":"https:\/\/www.europesays.com\/fr\/wp-json\/wp\/v2\/posts"}],"about":[{"href":"https:\/\/www.europesays.com\/fr\/wp-json\/wp\/v2\/types\/post"}],"author":[{"embeddable":true,"href":"https:\/\/www.europesays.com\/fr\/wp-json\/wp\/v2\/users\/2"}],"replies":[{"embeddable":true,"href":"https:\/\/www.europesays.com\/fr\/wp-json\/wp\/v2\/comments?post=458746"}],"version-history":[{"count":0,"href":"https:\/\/www.europesays.com\/fr\/wp-json\/wp\/v2\/posts\/458746\/revisions"}],"wp:featuredmedia":[{"embeddable":true,"href":"https:\/\/www.europesays.com\/fr\/wp-json\/wp\/v2\/media\/458747"}],"wp:attachment":[{"href":"https:\/\/www.europesays.com\/fr\/wp-json\/wp\/v2\/media?parent=458746"}],"wp:term":[{"taxonomy":"category","embeddable":true,"href":"https:\/\/www.europesays.com\/fr\/wp-json\/wp\/v2\/categories?post=458746"},{"taxonomy":"post_tag","embeddable":true,"href":"https:\/\/www.europesays.com\/fr\/wp-json\/wp\/v2\/tags?post=458746"}],"curies":[{"name":"wp","href":"https:\/\/api.w.org\/{rel}","templated":true}]}}