{"id":458763,"date":"2025-10-13T01:57:11","date_gmt":"2025-10-13T01:57:11","guid":{"rendered":"https:\/\/www.europesays.com\/fr\/458763\/"},"modified":"2025-10-13T01:57:11","modified_gmt":"2025-10-13T01:57:11","slug":"concert-le-messie-de-handel-a-grenoble-cathedrale-places-billets-reservations","status":"publish","type":"post","link":"https:\/\/www.europesays.com\/fr\/458763\/","title":{"rendered":"Concert Le Messie de H\u00e4ndel \u00e0 Grenoble, Cath\u00e9drale : places, billets, r\u00e9servations"},"content":{"rendered":"<p>C\u2019est avec grand plaisir que l\u2019<strong>Ensemble Vocal de Grenoble<\/strong>, sous la direction de <strong>Mustapha BOUAL<\/strong>I en partenariat avec l\u2019orchestre baroque\u00a0\u00ab\u00a0<strong>Le Jardin Musica<\/strong>l\u00a0\u00bb sous la direction de<strong> Christine ANTOINE<\/strong>, vous invite \u00e0 d\u00e9couvrir <strong>le Messie de H\u00e4ndel<\/strong>.<\/p>\n<p><strong>Samedi 29 novembre 2025 \u00e0 18h \u00e0 la cath\u00e9drale Notre -Dame de Grenoble\u00a0 \u00a0 \u00a0 \u00a0 \u00a0 \u00a0 \u00a0 \u00a0 \u00a0 \u00a0 \u00a0 \u00a0 \u00a0 \u00a0 \u00a0 \u00a0 \u00a0 \u00a0 \u00a0 \u00a0 \u00a0 et le Dimanche 30 novembre \u00e0 17h \u00e0 la cath\u00e9drale Notre-Dame de Grenoble\u00a0.<\/strong><\/p>\n<p>Compos\u00e9 rapidement entre le 22 ao\u00fbt et le 14 septembre 1741, cet oratorio se distingue par son approche m\u00e9ditative et spirituelle, mettant en lumi\u00e8re toute la richesse expressive du style baroque.<\/p>\n<p>Avec ses airs virtuoses, ses r\u00e9citatifs \u00e9mouvants et ses ch\u0153urs majestueux, l\u2019\u0153uvre atteint son apog\u00e9e avec l\u2019embl\u00e9matique Alleluia, devenu l\u2019un des passages les plus renomm\u00e9s de la musique classique.\u00a0 \u00a0 \u00c0 son \u00e9poque, H\u00e4ndel ne cessait de modifier son oratorio en fonction du public, du lieu, ainsi que des chanteurs et instrumentistes disponibles. Qu\u2019il s\u2019agisse de coupures, de transpositions, de nouvelles versions ou de changements dans la tessiture des airs, H\u00e4ndel consid\u00e9rait comme essentiel et naturel d\u2019adapter sa partition aux conditions de chaque concert.<\/p>\n<p><strong>Le Messie<\/strong> compte au moins onze versions diff\u00e9rentes, rendant ainsi difficile l\u2019\u00e9tablissement d\u2019une \u00e9dition d\u00e9finitive. Nous vous pr\u00e9senterons ici la deuxi\u00e8me version. Pour l\u2019interpr\u00e9ter, nous serons entour\u00e9s d\u2019un ensemble orchestral compact et de vingt solistes, vous offrant ainsi une interpr\u00e9tation compl\u00e8te du Messie.<\/p>\n<p class=\"font-size-30 fw-bold lh-1 mt-0 mb-4\">Je trouve les meilleures sorties dans ma ville<\/p>\n","protected":false},"excerpt":{"rendered":"C\u2019est avec grand plaisir que l\u2019Ensemble Vocal de Grenoble, sous la direction de Mustapha BOUALI en partenariat avec&hellip;\n","protected":false},"author":2,"featured_media":40537,"comment_status":"","ping_status":"","sticky":false,"template":"","format":"standard","meta":{"footnotes":""},"categories":[9566],"tags":[1111,11,2430,1777,674,1011,27,2731,12,25],"class_list":{"0":"post-458763","1":"post","2":"type-post","3":"status-publish","4":"format-standard","5":"has-post-thumbnail","7":"category-grenoble","8":"tag-actu","9":"tag-actualites","10":"tag-auvergne-rhone-alpes","11":"tag-eu","12":"tag-europe","13":"tag-fr","14":"tag-france","15":"tag-grenoble","16":"tag-news","17":"tag-republique-francaise"},"share_on_mastodon":{"url":"https:\/\/pubeurope.com\/@fr\/115364380242013177","error":""},"_links":{"self":[{"href":"https:\/\/www.europesays.com\/fr\/wp-json\/wp\/v2\/posts\/458763","targetHints":{"allow":["GET"]}}],"collection":[{"href":"https:\/\/www.europesays.com\/fr\/wp-json\/wp\/v2\/posts"}],"about":[{"href":"https:\/\/www.europesays.com\/fr\/wp-json\/wp\/v2\/types\/post"}],"author":[{"embeddable":true,"href":"https:\/\/www.europesays.com\/fr\/wp-json\/wp\/v2\/users\/2"}],"replies":[{"embeddable":true,"href":"https:\/\/www.europesays.com\/fr\/wp-json\/wp\/v2\/comments?post=458763"}],"version-history":[{"count":0,"href":"https:\/\/www.europesays.com\/fr\/wp-json\/wp\/v2\/posts\/458763\/revisions"}],"wp:featuredmedia":[{"embeddable":true,"href":"https:\/\/www.europesays.com\/fr\/wp-json\/wp\/v2\/media\/40537"}],"wp:attachment":[{"href":"https:\/\/www.europesays.com\/fr\/wp-json\/wp\/v2\/media?parent=458763"}],"wp:term":[{"taxonomy":"category","embeddable":true,"href":"https:\/\/www.europesays.com\/fr\/wp-json\/wp\/v2\/categories?post=458763"},{"taxonomy":"post_tag","embeddable":true,"href":"https:\/\/www.europesays.com\/fr\/wp-json\/wp\/v2\/tags?post=458763"}],"curies":[{"name":"wp","href":"https:\/\/api.w.org\/{rel}","templated":true}]}}