{"id":458788,"date":"2025-10-13T02:15:25","date_gmt":"2025-10-13T02:15:25","guid":{"rendered":"https:\/\/www.europesays.com\/fr\/458788\/"},"modified":"2025-10-13T02:15:25","modified_gmt":"2025-10-13T02:15:25","slug":"un-homme-mis-en-examen-pour-un-projet-sordide","status":"publish","type":"post","link":"https:\/\/www.europesays.com\/fr\/458788\/","title":{"rendered":"un homme mis en examen pour un projet sordide"},"content":{"rendered":"<p>L\u2019instruction est d\u00e9sormais close. Un homme de 38 ans, incarc\u00e9r\u00e9 depuis 2023, va compara\u00eetre devant la cour criminelle du Rh\u00f4ne pour viols sur sa compagne, administration de substances et d\u00e9tention d\u2019images \u00e0 caract\u00e8re p\u00e9dopornographique. Le parquet de Lyon a confirm\u00e9 son renvoi, sans que la date du proc\u00e8s ne soit encore fix\u00e9e.<\/p>\n<p>Selon\u00a0Le Progr\u00e8s, les enqu\u00eateurs sont remont\u00e9s jusqu\u2019\u00e0 lui en analysant les contacts du t\u00e9l\u00e9phone de Dominique Pelicot, condamn\u00e9 pour les viols de Mazan. Son num\u00e9ro a permis d\u2019identifier un Lyonnais au profil a priori irr\u00e9prochable : corps athl\u00e9tique, visage soign\u00e9, emploi dans la s\u00e9curit\u00e9, casier judiciaire vierge. Un homme \u201cinconnu des services de police\u201d, d\u00e9crit le quotidien r\u00e9gional.<\/p>\n<p>Pourtant, la lecture des conversations entre les deux hommes a r\u00e9v\u00e9l\u00e9 des propos \u201c\u00e0 la limite du soutenable\u201d, centr\u00e9s sur la compagne du suspect, avec laquelle il a un enfant. D\u00e8s 2020, il \u00e9change avec Dominique Pelicot sur Skype, lui envoie des photos intimes de sa conjointe et accepte ses \u201cconseils\u201d pour l\u2019endormir en versant un s\u00e9datif dans sa nourriture.<\/p>\n<p>Dominique Pelicot, d\u00e9tenu depuis sa condamnation pour les viols de Mazan, a \u00e9t\u00e9 entendu comme t\u00e9moin par les policiers lyonnais dans cette affaire. Ce dernier a ainsi confirm\u00e9 les \u00e9changes avec le suspect lyonnais.<\/p>\n<p>Un projet de rencontre \u00e0 Lyon avait m\u00eame \u00e9t\u00e9 envisag\u00e9 : Dominique Pelicot devait se faire passer pour un coll\u00e8gue, d\u00eener au domicile du couple, puis participer \u00e0 un viol collectif. Ce plan n\u2019a pas \u00e9t\u00e9 ex\u00e9cut\u00e9, m\u00eame si d\u2019autres \u00e9changes sugg\u00e8rent un d\u00e9placement possible \u00e0 Lyon, jamais formellement \u00e9tabli.<\/p>\n<p>Les investigations ont mis au jour des vid\u00e9os explicites tourn\u00e9es par le suspect lui-m\u00eame, dans lesquelles sa compagne appara\u00eet inconsciente. Ces \u00e9l\u00e9ments ont conduit \u00e0 son arrestation en 2023, plus de deux ans apr\u00e8s le d\u00e9but de l\u2019affaire des viols de Mazan.<\/p>\n<p>\u00a0Le proc\u00e8s est annonc\u00e9 pour 2026. L\u2019homme devra r\u00e9pondre de viols aggrav\u00e9s, administration de substances alt\u00e9rant le discernement et atteinte \u00e0 l\u2019intimit\u00e9.<\/p>\n","protected":false},"excerpt":{"rendered":"L\u2019instruction est d\u00e9sormais close. Un homme de 38 ans, incarc\u00e9r\u00e9 depuis 2023, va compara\u00eetre devant la cour criminelle&hellip;\n","protected":false},"author":2,"featured_media":458789,"comment_status":"","ping_status":"","sticky":false,"template":"","format":"standard","meta":{"footnotes":""},"categories":[1889],"tags":[1111,11,2813,2190,2430,1109,251,1112,2811,1777,674,118,1011,27,1922,1110,1114,2428,2810,12,241,316,25,2812,517,800],"class_list":{"0":"post-458788","1":"post","2":"type-post","3":"status-publish","4":"format-standard","5":"has-post-thumbnail","7":"category-lyon","8":"tag-actu","9":"tag-actualites","10":"tag-article","11":"tag-asvel","12":"tag-auvergne-rhone-alpes","13":"tag-breves","14":"tag-culture","15":"tag-depeches","16":"tag-economique","17":"tag-eu","18":"tag-europe","19":"tag-faits-divers","20":"tag-fr","21":"tag-france","22":"tag-info","23":"tag-informations","24":"tag-infos","25":"tag-lyon","26":"tag-lyonmag","27":"tag-news","28":"tag-ol","29":"tag-politique","30":"tag-republique-francaise","31":"tag-sociale","32":"tag-sport","33":"tag-transports"},"share_on_mastodon":{"url":"https:\/\/pubeurope.com\/@fr\/115364451063084977","error":""},"_links":{"self":[{"href":"https:\/\/www.europesays.com\/fr\/wp-json\/wp\/v2\/posts\/458788","targetHints":{"allow":["GET"]}}],"collection":[{"href":"https:\/\/www.europesays.com\/fr\/wp-json\/wp\/v2\/posts"}],"about":[{"href":"https:\/\/www.europesays.com\/fr\/wp-json\/wp\/v2\/types\/post"}],"author":[{"embeddable":true,"href":"https:\/\/www.europesays.com\/fr\/wp-json\/wp\/v2\/users\/2"}],"replies":[{"embeddable":true,"href":"https:\/\/www.europesays.com\/fr\/wp-json\/wp\/v2\/comments?post=458788"}],"version-history":[{"count":0,"href":"https:\/\/www.europesays.com\/fr\/wp-json\/wp\/v2\/posts\/458788\/revisions"}],"wp:featuredmedia":[{"embeddable":true,"href":"https:\/\/www.europesays.com\/fr\/wp-json\/wp\/v2\/media\/458789"}],"wp:attachment":[{"href":"https:\/\/www.europesays.com\/fr\/wp-json\/wp\/v2\/media?parent=458788"}],"wp:term":[{"taxonomy":"category","embeddable":true,"href":"https:\/\/www.europesays.com\/fr\/wp-json\/wp\/v2\/categories?post=458788"},{"taxonomy":"post_tag","embeddable":true,"href":"https:\/\/www.europesays.com\/fr\/wp-json\/wp\/v2\/tags?post=458788"}],"curies":[{"name":"wp","href":"https:\/\/api.w.org\/{rel}","templated":true}]}}