{"id":458790,"date":"2025-10-13T02:16:12","date_gmt":"2025-10-13T02:16:12","guid":{"rendered":"https:\/\/www.europesays.com\/fr\/458790\/"},"modified":"2025-10-13T02:16:12","modified_gmt":"2025-10-13T02:16:12","slug":"main-dans-la-main-kad-merad-et-julia-vignali-couple-superstar-a-lyon","status":"publish","type":"post","link":"https:\/\/www.europesays.com\/fr\/458790\/","title":{"rendered":"Main dans la main, Kad Merad et Julia Vignali, couple superstar \u00e0 Lyon"},"content":{"rendered":"<p>C\u2019est sous les applaudissements nourris que Kad Merad et Julia Vignali ont p\u00e9n\u00e9tr\u00e9 dans la Halle Tony Garnier, \u00e0 Lyon. Main dans la main, ils sont arriv\u00e9s en superstars \u00e0 <a href=\"https:\/\/www.parismatch.com\/People\/a-lyon-kad-merad-fait-le-show-devant-sean-penn-jeremy-allen-white-et-franck-dubosc-de-la-partie-258474\" rel=\"nofollow noopener\" target=\"_blank\">la c\u00e9r\u00e9monie d\u2019ouverture de la 17e \u00e9dition du Festival Lumi\u00e8re<\/a>, samedi 11\u00a0octobre 2025. Lui dans un \u00e9l\u00e9gant costume bleu marine, sur une chemise blanche d\u00e9boutonn\u00e9e, elle dans un ensemble noir, port\u00e9 avec un blazer argent\u00e9. Tout sourire, ils ne se sont pas l\u00e2ch\u00e9 la main devant les photographes, volant la vedette \u00e0 Sean Penn, au bras de sa compagne Valeria Nicov, pourtant invit\u00e9 d\u2019honneur du festival de cin\u00e9ma lyonnais.<\/p>\n<p>Plus tard dans la soir\u00e9e, lors du d\u00eener, apr\u00e8s la projection de \u00ab\u00a0Vol au-dessus d\u2019un nid de coucou\u00a0\u00bb, de Milos Forman, <a href=\"https:\/\/www.parismatch.com\/bio\/kad-merad\" rel=\"nofollow noopener\" target=\"_blank\">Kad Merad<\/a> a continu\u00e9 d\u2019attirer tous les regards, prenant le micro pour chanter \u00ab\u00a0Pas de boogie woogie\u00a0\u00bb, d\u2019Eddy Mitchell. Il a bien essay\u00e9 de faire fredonner Sean Penn, sans succ\u00e8s, sous les regards amus\u00e9s de Franck Dubosc, Elsa Zylberstein, Gad Elmaleh, et, \u00e9videmment, Julia Vignali.<\/p>\n<p>    La suite apr\u00e8s cette publicit\u00e9<\/p>\n<p>Kad Merad et Julia Vignali, 11\u00a0ans d\u2019amour<\/p>\n<p>Kad Merad et Julia Vignali se sont rencontr\u00e9s en 2014, sur le plateau de \u00ab\u00a0C \u00e0 vous\u00a0\u00bb. \u00ab\u00a0C\u2019est la premi\u00e8re fois que je fais un direct \u00e0 la t\u00e9l\u00e9vision.<strong> <\/strong>J\u2019anime \u201cC \u00e0 vous\u201d parce qu\u2019\u00e0 l\u2019\u00e9poque Anne-Sophie Lapix prend des vacances. Je l\u2019ai remplac\u00e9e exceptionnellement. Ce jour-l\u00e0, mes invit\u00e9s sont Alice Paul, Dany Boon et Kad Merad\u00a0\u00bb, a racont\u00e9 Julia Vignali dans l\u2019\u00e9mission \u00ab\u00a0Vivement Dimanche\u00a0\u00bb. En coulisses, Kad Merad, <a href=\"https:\/\/www.parismatch.com\/people\/kad-merad-et-julia-vignali-coup-de-foudre-en-direct-lecran-227679\" rel=\"nofollow noopener\" target=\"_blank\">sous le charme de la pr\u00e9sentatrice qu\u2019il avait rep\u00e9r\u00e9e dans \u00ab\u00a0Les Maternelles\u00a0\u00bb qu\u2019elle pr\u00e9sentait<\/a>, a op\u00e9r\u00e9 un rapprochement. Peu apr\u00e8s, leur histoire a d\u00e9marr\u00e9.<\/p>\n","protected":false},"excerpt":{"rendered":"C\u2019est sous les applaudissements nourris que Kad Merad et Julia Vignali ont p\u00e9n\u00e9tr\u00e9 dans la Halle Tony Garnier,&hellip;\n","protected":false},"author":2,"featured_media":458791,"comment_status":"","ping_status":"","sticky":false,"template":"","format":"standard","meta":{"footnotes":""},"categories":[1889],"tags":[1111,11,2430,1777,674,1011,27,2428,12,25],"class_list":{"0":"post-458790","1":"post","2":"type-post","3":"status-publish","4":"format-standard","5":"has-post-thumbnail","7":"category-lyon","8":"tag-actu","9":"tag-actualites","10":"tag-auvergne-rhone-alpes","11":"tag-eu","12":"tag-europe","13":"tag-fr","14":"tag-france","15":"tag-lyon","16":"tag-news","17":"tag-republique-francaise"},"share_on_mastodon":{"url":"https:\/\/pubeurope.com\/@fr\/115364454938484754","error":""},"_links":{"self":[{"href":"https:\/\/www.europesays.com\/fr\/wp-json\/wp\/v2\/posts\/458790","targetHints":{"allow":["GET"]}}],"collection":[{"href":"https:\/\/www.europesays.com\/fr\/wp-json\/wp\/v2\/posts"}],"about":[{"href":"https:\/\/www.europesays.com\/fr\/wp-json\/wp\/v2\/types\/post"}],"author":[{"embeddable":true,"href":"https:\/\/www.europesays.com\/fr\/wp-json\/wp\/v2\/users\/2"}],"replies":[{"embeddable":true,"href":"https:\/\/www.europesays.com\/fr\/wp-json\/wp\/v2\/comments?post=458790"}],"version-history":[{"count":0,"href":"https:\/\/www.europesays.com\/fr\/wp-json\/wp\/v2\/posts\/458790\/revisions"}],"wp:featuredmedia":[{"embeddable":true,"href":"https:\/\/www.europesays.com\/fr\/wp-json\/wp\/v2\/media\/458791"}],"wp:attachment":[{"href":"https:\/\/www.europesays.com\/fr\/wp-json\/wp\/v2\/media?parent=458790"}],"wp:term":[{"taxonomy":"category","embeddable":true,"href":"https:\/\/www.europesays.com\/fr\/wp-json\/wp\/v2\/categories?post=458790"},{"taxonomy":"post_tag","embeddable":true,"href":"https:\/\/www.europesays.com\/fr\/wp-json\/wp\/v2\/tags?post=458790"}],"curies":[{"name":"wp","href":"https:\/\/api.w.org\/{rel}","templated":true}]}}