{"id":458817,"date":"2025-10-13T02:34:12","date_gmt":"2025-10-13T02:34:12","guid":{"rendered":"https:\/\/www.europesays.com\/fr\/458817\/"},"modified":"2025-10-13T02:34:12","modified_gmt":"2025-10-13T02:34:12","slug":"islande-france-a-quelle-heure-et-sur-quelle-chaine-tv-suivre-le-match-pour-la-qualification-au-mondial-2026","status":"publish","type":"post","link":"https:\/\/www.europesays.com\/fr\/458817\/","title":{"rendered":"Islande-France\u00a0: \u00e0 quelle heure et sur quelle cha\u00eene TV suivre le match pour la qualification au Mondial 2026\u00a0?"},"content":{"rendered":"<p class=\"paragraph text_align_left lp-f-body-02\">Les Bleus veulent poursuivre leur sans-faute sur la route du <a href=\"https:\/\/www.leparisien.fr\/sports\/football\/coupe-du-monde\/\" target=\"_self\" rel=\"nofollow noopener\">Mondial 2026 <\/a>et s\u2019arr\u00eatent en Islande ce lundi. Les hommes de Didier Deschamps retrouvent les Islandais du Lillois Hakon Haraldsson, qui les avait particuli\u00e8rement secou\u00e9s en septembre.<\/p>\n<p class=\"paragraph text_align_left lp-f-body-02\">Les Bleus s\u2019\u00e9taient retrouv\u00e9s men\u00e9s, contre le cours du jeu, d\u00e8s la 21e minute. Il avait fallu un p\u00e9nalty de <a href=\"https:\/\/www.leparisien.fr\/sports\/football\/kylian-mbappe\/\" target=\"_self\" rel=\"nofollow noopener\">Kylian Mbapp\u00e9<\/a> et un but de Bradley Barcola pour les sortir du traquenard, dans lequel ils avaient failli replonger. Mais le but islandais, inscrit \u00e0 la 88e, avait finalement \u00e9t\u00e9 logiquement refus\u00e9 par la VAR.<\/p>\n<p class=\"paragraph text_align_left lp-f-body-02\"><a href=\"https:\/\/www.leparisien.fr\/sports\/football\/equipe-de-france\/france-islande-2-1-pour-les-bleus-le-reve-americain-prend-forme-10-09-2025-BPNIBTZGANEEVNDIDIGZZK3GWQ.php\" target=\"_self\" rel=\"nofollow noopener\">L\u2019essentiel avait donc \u00e9t\u00e9 assur\u00e9,<\/a> avec cette victoire 2-1, leur deuxi\u00e8me succ\u00e8s en deux journ\u00e9es, qui les avaient plac\u00e9s en t\u00eate de leur groupe. En cas de succ\u00e8s \u00e0 Reyjkjavik, les Bleus pourraient rel\u00e9guer leurs adversaires \u00e0 six longueurs. Les Fran\u00e7ais prendraient alors une s\u00e9rieuse option pour la premi\u00e8re place du groupe et la qualification directe pour le Mondial am\u00e9ricain de 2026<\/p>\n<p class=\"paragraph text_align_left lp-f-body-02\">Il ne leur resterait qu\u2019\u00e0 conclure le travail, face \u00e0 l\u2019Ukraine, puis l\u2019Azerba\u00efdjan, en novembre prochain. Cette rencontre est aussi l\u2019occasion de jauger la forme offensive des Bleus, amput\u00e9s de plusieurs titulaires.<\/p>\n<p class=\"paragraph text_align_left lp-f-body-02\"><b>Le coup d\u2019envoi de France-Islande est pr\u00e9vu ce lundi 13 octobre \u00e0 20h45. La rencontre est diffus\u00e9e sur TF 1.<\/b><\/p>\n","protected":false},"excerpt":{"rendered":"Les Bleus veulent poursuivre leur sans-faute sur la route du Mondial 2026 et s\u2019arr\u00eatent en Islande ce lundi.&hellip;\n","protected":false},"author":2,"featured_media":458818,"comment_status":"","ping_status":"","sticky":false,"template":"","format":"standard","meta":{"footnotes":""},"categories":[4],"tags":[11,451,63,1011,27,12,25,60],"class_list":{"0":"post-458817","1":"post","2":"type-post","3":"status-publish","4":"format-standard","5":"has-post-thumbnail","7":"category-france","8":"tag-actualites","9":"tag-coupe-du-monde","10":"tag-football","11":"tag-fr","12":"tag-france","13":"tag-news","14":"tag-republique-francaise","15":"tag-sports"},"share_on_mastodon":{"url":"https:\/\/pubeurope.com\/@fr\/115364525768188247","error":""},"_links":{"self":[{"href":"https:\/\/www.europesays.com\/fr\/wp-json\/wp\/v2\/posts\/458817","targetHints":{"allow":["GET"]}}],"collection":[{"href":"https:\/\/www.europesays.com\/fr\/wp-json\/wp\/v2\/posts"}],"about":[{"href":"https:\/\/www.europesays.com\/fr\/wp-json\/wp\/v2\/types\/post"}],"author":[{"embeddable":true,"href":"https:\/\/www.europesays.com\/fr\/wp-json\/wp\/v2\/users\/2"}],"replies":[{"embeddable":true,"href":"https:\/\/www.europesays.com\/fr\/wp-json\/wp\/v2\/comments?post=458817"}],"version-history":[{"count":0,"href":"https:\/\/www.europesays.com\/fr\/wp-json\/wp\/v2\/posts\/458817\/revisions"}],"wp:featuredmedia":[{"embeddable":true,"href":"https:\/\/www.europesays.com\/fr\/wp-json\/wp\/v2\/media\/458818"}],"wp:attachment":[{"href":"https:\/\/www.europesays.com\/fr\/wp-json\/wp\/v2\/media?parent=458817"}],"wp:term":[{"taxonomy":"category","embeddable":true,"href":"https:\/\/www.europesays.com\/fr\/wp-json\/wp\/v2\/categories?post=458817"},{"taxonomy":"post_tag","embeddable":true,"href":"https:\/\/www.europesays.com\/fr\/wp-json\/wp\/v2\/tags?post=458817"}],"curies":[{"name":"wp","href":"https:\/\/api.w.org\/{rel}","templated":true}]}}