{"id":458823,"date":"2025-10-13T02:38:25","date_gmt":"2025-10-13T02:38:25","guid":{"rendered":"https:\/\/www.europesays.com\/fr\/458823\/"},"modified":"2025-10-13T02:38:25","modified_gmt":"2025-10-13T02:38:25","slug":"gauff-plus-forte-que-pegula-a-wuhan-remporte-son-troisieme-wta-1000","status":"publish","type":"post","link":"https:\/\/www.europesays.com\/fr\/458823\/","title":{"rendered":"Gauff, plus forte que Pegula \u00e0 Wuhan, remporte son troisi\u00e8me WTA 1000"},"content":{"rendered":"<p>\n    La N.3 mondiale Coco Gauff a d\u00e9croch\u00e9 un troisi\u00e8me titre en WTA 1000 dimanche, dominant en finale sa compatriote am\u00e9ricaine Jessica Pegula (6-4, 7-5) \u00e0 Wuhan.<\/p>\n<p class=\"fig-paragraph\">L&rsquo;Am\u00e9ricaine Coco Gauff, N.3 mondiale, a remport\u00e9 dimanche le troisi\u00e8me WTA 1000 de sa carri\u00e8re en dominant en deux sets sa compatriote Jessica Pegula (N.6), 6-4, 7-5, en finale du tournoi de Wuhan en Chine. Avec ce succ\u00e8s, son 3e en sept confrontations contre Pegula, la Floridienne de 21 ans glane son 11e titre au total\u00a0: trois WTA 1000 (Cincinnati en 2023 et P\u00e9kin l&rsquo;an dernier, avant Wuhan) et surtout deux Grands Chelems (US Open 2023 et Roland-Garros 2025).<\/p>\n<p class=\"fig-paragraph\">Apr\u00e8s une premi\u00e8re manche plut\u00f4t convaincante, Gauff a su surmonter un d\u00e9but de second set tr\u00e8s difficile, avec une \u00e9pid\u00e9mie de doubles fautes (8 au total), pour d\u00e9crocher au bout de 1h42 de jeu son 2e titre seulement de la saison apr\u00e8s\u00a0<a href=\"http:\/\/www.lefigaro.fr\/sports\/tennis\/roland-garros\/roland-garros-coco-gauff-une-etoile-scintillante-20250608\" data-fig-type=\"Article\" data-gtm-custom-categorie=\"navigation\" data-gtm-custom-action=\"crossclick\" data-gtm-custom-label=\"Contextuel\" data-gtm-event=\"customEventSPE\" data-fig-domain=\"LEFIGARO\" target=\"_blank\" rel=\"noopener\">son triomphe Porte d&rsquo;Auteuil<\/a>. La jeune Am\u00e9ricaine avait en effet connu deux revers dans la cat\u00e9gorie WTA 1000 au printemps, \u00e0 Madrid (contre Aryna Sabalenka) puis Rome (contre Jasmine Paolini), sur terre battue.<\/p>\n<p>                                    <a class=\"fig-a11y-skip a11y-hidden\" href=\"#fig-a11y-skip-main-inarticle\"><br \/>\n        Passer la publicit\u00e9<br \/>\n    <\/a><\/p>\n<p>Gauff sur les talons de Swiatek<\/p>\n<p class=\"fig-paragraph\">Si elle ne va pas gagner de place au classement mondial, Coco Gauff va en profiter pour se rapprocher de la Polonaise Iga Swiatek (2e). Quant \u00e0 Pegula, son parcours jusqu&rsquo;en finale lui permettra lundi de grimper d&rsquo;un rang (5e). Les deux Am\u00e9ricaines sont d&rsquo;ores et d\u00e9j\u00e0 qualifi\u00e9es pour les Finales WTA.<\/p>\n","protected":false},"excerpt":{"rendered":"La N.3 mondiale Coco Gauff a d\u00e9croch\u00e9 un troisi\u00e8me titre en WTA 1000 dimanche, dominant en finale sa&hellip;\n","protected":false},"author":2,"featured_media":458824,"comment_status":"","ping_status":"","sticky":false,"template":"","format":"standard","meta":{"footnotes":""},"categories":[1415],"tags":[20863,1011,27,58388,60,1467,57824],"class_list":{"0":"post-458823","1":"post","2":"type-post","3":"status-publish","4":"format-standard","5":"has-post-thumbnail","7":"category-tennis","8":"tag-coco-gauff","9":"tag-fr","10":"tag-france","11":"tag-jessica-pegula","12":"tag-sports","13":"tag-tennis","14":"tag-wuhan"},"share_on_mastodon":{"url":"https:\/\/pubeurope.com\/@fr\/115364541408724084","error":""},"_links":{"self":[{"href":"https:\/\/www.europesays.com\/fr\/wp-json\/wp\/v2\/posts\/458823","targetHints":{"allow":["GET"]}}],"collection":[{"href":"https:\/\/www.europesays.com\/fr\/wp-json\/wp\/v2\/posts"}],"about":[{"href":"https:\/\/www.europesays.com\/fr\/wp-json\/wp\/v2\/types\/post"}],"author":[{"embeddable":true,"href":"https:\/\/www.europesays.com\/fr\/wp-json\/wp\/v2\/users\/2"}],"replies":[{"embeddable":true,"href":"https:\/\/www.europesays.com\/fr\/wp-json\/wp\/v2\/comments?post=458823"}],"version-history":[{"count":0,"href":"https:\/\/www.europesays.com\/fr\/wp-json\/wp\/v2\/posts\/458823\/revisions"}],"wp:featuredmedia":[{"embeddable":true,"href":"https:\/\/www.europesays.com\/fr\/wp-json\/wp\/v2\/media\/458824"}],"wp:attachment":[{"href":"https:\/\/www.europesays.com\/fr\/wp-json\/wp\/v2\/media?parent=458823"}],"wp:term":[{"taxonomy":"category","embeddable":true,"href":"https:\/\/www.europesays.com\/fr\/wp-json\/wp\/v2\/categories?post=458823"},{"taxonomy":"post_tag","embeddable":true,"href":"https:\/\/www.europesays.com\/fr\/wp-json\/wp\/v2\/tags?post=458823"}],"curies":[{"name":"wp","href":"https:\/\/api.w.org\/{rel}","templated":true}]}}