{"id":458827,"date":"2025-10-13T02:42:17","date_gmt":"2025-10-13T02:42:17","guid":{"rendered":"https:\/\/www.europesays.com\/fr\/458827\/"},"modified":"2025-10-13T02:42:17","modified_gmt":"2025-10-13T02:42:17","slug":"mondiaux-h-f-vermeersch-vainqueur-en-solitaire","status":"publish","type":"post","link":"https:\/\/www.europesays.com\/fr\/458827\/","title":{"rendered":"Mondiaux (H) : F.Vermeersch vainqueur en solitaire"},"content":{"rendered":"<p class=\"date\">\n                                                            Mathieu Warnier, Media365, publi\u00e9 le dimanche 12 octobre 2025 \u00e0 17h15\n                                                    <\/p>\n<p>Apr\u00e8s avoir pris la deuxi\u00e8me place lors des deux derni\u00e8res ann\u00e9es, Florian Vermeersch s&rsquo;est empar\u00e9 du maillot arc-en-ciel de champion du monde de gravel. Le Belge l&#8217;emporte au terme d&rsquo;une longue \u00e9chapp\u00e9e devant Frits Biesterbos et Matej Mohoric<\/p>\n<p>Cette fois, c&rsquo;est la bonne pour Florian Vermeersch ! Battu par Matej Mohoric en 2023 puis par Mathieu van der Poel l&rsquo;an pass\u00e9 dans sa qu\u00eate du maillot arc-en-ciel de gravel, le coureur belge a eu le dernier mot sur le parcours trac\u00e9 au c\u0153ur du Limbourg. Une course de 181,9 kilom\u00e8tres qui a d\u00e9marr\u00e9 par un long round d&rsquo;observation entre les principaux candidats au titre, dont notamment Tom Pidcock. Sixi\u00e8me du Tour de Lombardie ce samedi, le Britannique a ralli\u00e9 les Pays-Bas dans le nuit pour essayer d&rsquo;ajouter un nouveau titre mondial \u00e0 sa collection. Une course \u00e9lite masculine qui s&rsquo;est anim\u00e9e \u00e0 l&rsquo;approche des 135 derniers kilom\u00e8tres quand un trio compos\u00e9 de Quinten Hermans, Connor Swift and Pepijn Reinderink a plac\u00e9 un d\u00e9marrage pour s&rsquo;isoler d&rsquo;un peloton qui a perdu en mati\u00e8re au fil des kilom\u00e8tres. Une tentative qui s&rsquo;est toutefois av\u00e9r\u00e9e vaine tr\u00e8s rapidement. Ce qui a toutefois donn\u00e9 des id\u00e9es \u00e0 d&rsquo;autres courageux. Ce sont ainsi trois coureurs, les Belges Florian Vermeersch et Floris Van Tricht accompagn\u00e9s du N\u00e9erlandais Frits Biesterbos, qui ont pris la poudre d&rsquo;escampette avec 125 kilom\u00e8tres encore \u00e0 parcourir. Dans un deuxi\u00e8me temps, l&rsquo;Allemand Nils Politt a fait le \u00ab\u00a0jump\u00a0\u00bb pour faire la jonction et dessiner l&rsquo;\u00e9chapp\u00e9e qui a marqu\u00e9 cette \u00e9dition 2025 des Mondiaux de gravel. Derri\u00e8re ce groupe, les tentatives de r\u00e9action ont \u00e9t\u00e9 trop timides pour esp\u00e9rer revenir.<\/p>\n<p>F.Vermeersch \u00e9tait le plus fort<\/p>\n<p>Les kilom\u00e8tres ont alors d\u00e9fil\u00e9 sur les chemins de terre autour de Maastricht avec Matej Mohoric qui a \u00e9t\u00e9 le plus v\u00e9h\u00e9ment pour essayer de relancer le peloton dans la chasse derri\u00e8re l&rsquo;\u00e9chapp\u00e9e. Le Slov\u00e8ne a fini par partir avec le Suisse Felix Stehli dans la roue. Le groupe de t\u00eate a alors commenc\u00e9 \u00e0 se disloquer \u00e0 l&rsquo;entame des 70 derniers kilom\u00e8tres. Nils Politt a \u00e9t\u00e9 le premier \u00e0 c\u00e9der sur un incident m\u00e9canique. Les efforts consentis depuis le d\u00e9part ont co\u00fbt\u00e9 cher \u00e0 Floris Van Tricht, pris de crampes avec 40 kilom\u00e8tres \u00e0 parcourir et irr\u00e9m\u00e9diablement distanc\u00e9 avant d&rsquo;aller \u00e0 terre. La course au titre s&rsquo;est alors r\u00e9sum\u00e9 \u00e0 un duel entre Florian Vermeersch et Fritz Biesterbos, champion des Pays-Bas de la discipline. La d\u00e9cision a \u00e9t\u00e9 faite \u00e0 19 kilom\u00e8tres du but avec un d\u00e9marrage du Belge qui a laiss\u00e9 sur place le N\u00e9erlandais. Si ce dernier a essay\u00e9 de r\u00e9sister, les pentes du Bronsdalweg ont mis fin \u00e0 ses espoirs de m\u00e9daille d&rsquo;or. En solitaire, Florian Vermeersch met fin \u00e0 sa qu\u00eate du titre mondial en gravel avec une marge de 40 secondes sur Frits Biesterbos. Pour la troisi\u00e8me marche du podium, Matej Mohoric a essor\u00e9 Felix Stehli. Le Suisse a c\u00e9d\u00e9 dans le Bronsdalweg et vu le Slov\u00e8ne s&rsquo;envoler vers la m\u00e9daille de bronze, se contentant de la cinqui\u00e8me place derri\u00e8re Floris Van Tricht. Favori annonc\u00e9, Tom Pidcock a d\u00fb se contenter de la sixi\u00e8me place quand les coureurs fran\u00e7ais n&rsquo;ont pas pes\u00e9 sur la course, Alexys Brunel terminant 26eme quand Romain Bardet a tr\u00e8s vite \u00e9t\u00e9 distanc\u00e9 en raison de deux crevaisons avant de couper son effort apr\u00e8s une trentaine de kilom\u00e8tres.<\/p>\n<p><strong>GRAVEL \/ CHAMPIONNATS DU MONDE (H)<\/strong><br \/><strong>Classement de la course \u00e9lite (180,8km) &#8211; Dimanche 12 octobre 2025<\/strong><br \/><strong>1- Florian Vermeersch (BEL) en 4h39&rsquo;12\u00a0\u00bb<\/strong><br \/><strong>2-<\/strong> Frits Biesterbos (PBS) \u00e0 40\u00a0\u00bb<br \/><strong>3-<\/strong> Matej Mohoric (SLO) \u00e0 1&rsquo;23\u00a0\u00bb<br \/><strong>4-<\/strong> Floris Van Tricht (BEL) \u00e0 1&rsquo;40\u00a0\u00bb<br \/><strong>5-<\/strong> Felix Stehli (SUI) \u00e0 1&rsquo;41\u00a0\u00bb<br \/><strong>6-<\/strong> Tom Pidcock (GBR) \u00e0 1&rsquo;41\u00a0\u00bb<br \/><strong>7-<\/strong> Tim Wellens (BEL) \u00e0 1&rsquo;46\u00a0\u00bb<br \/><strong>8-<\/strong> Rick Ottema (PBS) \u00e0 2&rsquo;46\u00a0\u00bb<br \/><strong>9-<\/strong> Timo Kielich (BEL) \u00e0 2&rsquo;46\u00a0\u00bb<br \/><strong>10-<\/strong> Magnus Bak Klaris (DAN) \u00e0 3&rsquo;59\u00a0\u00bb<br \/><strong>&#8230;<\/strong><br \/><strong>26-<\/strong> Alexys Brunel (FRA) \u00e0 8&rsquo;16\u00a0\u00bb<br \/><strong>&#8230;<\/strong><\/p>\n","protected":false},"excerpt":{"rendered":"Mathieu Warnier, Media365, publi\u00e9 le dimanche 12 octobre 2025 \u00e0 17h15 Apr\u00e8s avoir pris la deuxi\u00e8me place lors&hellip;\n","protected":false},"author":2,"featured_media":458828,"comment_status":"","ping_status":"","sticky":false,"template":"","format":"standard","meta":{"footnotes":""},"categories":[1411],"tags":[1154,207,1011,27,60],"class_list":{"0":"post-458827","1":"post","2":"type-post","3":"status-publish","4":"format-standard","5":"has-post-thumbnail","7":"category-cyclisme","8":"tag-cycling","9":"tag-cyclisme","10":"tag-fr","11":"tag-france","12":"tag-sports"},"share_on_mastodon":{"url":"https:\/\/pubeurope.com\/@fr\/115364557346737953","error":""},"_links":{"self":[{"href":"https:\/\/www.europesays.com\/fr\/wp-json\/wp\/v2\/posts\/458827","targetHints":{"allow":["GET"]}}],"collection":[{"href":"https:\/\/www.europesays.com\/fr\/wp-json\/wp\/v2\/posts"}],"about":[{"href":"https:\/\/www.europesays.com\/fr\/wp-json\/wp\/v2\/types\/post"}],"author":[{"embeddable":true,"href":"https:\/\/www.europesays.com\/fr\/wp-json\/wp\/v2\/users\/2"}],"replies":[{"embeddable":true,"href":"https:\/\/www.europesays.com\/fr\/wp-json\/wp\/v2\/comments?post=458827"}],"version-history":[{"count":0,"href":"https:\/\/www.europesays.com\/fr\/wp-json\/wp\/v2\/posts\/458827\/revisions"}],"wp:featuredmedia":[{"embeddable":true,"href":"https:\/\/www.europesays.com\/fr\/wp-json\/wp\/v2\/media\/458828"}],"wp:attachment":[{"href":"https:\/\/www.europesays.com\/fr\/wp-json\/wp\/v2\/media?parent=458827"}],"wp:term":[{"taxonomy":"category","embeddable":true,"href":"https:\/\/www.europesays.com\/fr\/wp-json\/wp\/v2\/categories?post=458827"},{"taxonomy":"post_tag","embeddable":true,"href":"https:\/\/www.europesays.com\/fr\/wp-json\/wp\/v2\/tags?post=458827"}],"curies":[{"name":"wp","href":"https:\/\/api.w.org\/{rel}","templated":true}]}}