{"id":458833,"date":"2025-10-13T02:45:24","date_gmt":"2025-10-13T02:45:24","guid":{"rendered":"https:\/\/www.europesays.com\/fr\/458833\/"},"modified":"2025-10-13T02:45:24","modified_gmt":"2025-10-13T02:45:24","slug":"cliche-de-zef-un-banc-de-meduses-colorees-a-lanildut","status":"publish","type":"post","link":"https:\/\/www.europesays.com\/fr\/458833\/","title":{"rendered":"Clich\u00e9 de Zef\u00a0: un banc de m\u00e9duses color\u00e9es \u00e0 Lanildut"},"content":{"rendered":"<p>Grosse surprise, le dimanche 5 octobre 2025 dans l\u2019apr\u00e8s-midi, \u00e0 Lanildut, pour notre lecteur Lionel Bougis et sa femme. \u00c0 la cale de Kerglonou, face \u00e0 Lanildut, au basculement de la mar\u00e9e haute, ils sont tomb\u00e9s sur un banc de m\u00e9duses color\u00e9es. \u00ab\u00a0Une premi\u00e8re pour moi, d\u2019en voir en vrai, voguant au gr\u00e9 des courants. Leur taille devait atteindre dans les 20 \u00e0 30 cm, tentacules compris\u00a0\u00bb, nous raconte-t-il. Merci \u00e0 lui pour ce beau clich\u00e9\u00a0!<\/p>\n<p>Si vous souhaitez, vous aussi, contribuer \u00e0 cette rubrique, adressez vos images, en haute r\u00e9solution et imp\u00e9rativement en format paysage (\u00e9vitez le mode panoramique), \u00e0 l\u2019adresse courriel <a href=\"https:\/\/www.letelegramme.fr\/cdn-cgi\/l\/email-protection\" class=\"__cf_email__\" data-cfemail=\"2f4c43464c474a5c014d5d4a5c5b6f434a5b4a434a485d4e42424a01495d\" target=\"_blank\" rel=\"noopener\">[email\u00a0protected]<\/a>. Portraits, paysages, sc\u00e8nes de la vie quotidienne, insolite\u2026 Tout est permis\u00a0! L\u2019envoi de vos prises de vue vaut autorisation gratuite de les publier dans Le T\u00e9l\u00e9gramme, sur letelegramme.fr et les r\u00e9seaux sociaux.<\/p>\n","protected":false},"excerpt":{"rendered":"Grosse surprise, le dimanche 5 octobre 2025 dans l\u2019apr\u00e8s-midi, \u00e0 Lanildut, pour notre lecteur Lionel Bougis et sa&hellip;\n","protected":false},"author":2,"featured_media":458834,"comment_status":"","ping_status":"","sticky":false,"template":"","format":"standard","meta":{"footnotes":""},"categories":[1358],"tags":[1348,1384,1385,3450,22873,1386,58,59,1011,27,58389,1756],"class_list":{"0":"post-458833","1":"post","2":"type-post","3":"status-publish","4":"format-standard","5":"has-post-thumbnail","7":"category-arts-et-design","8":"tag-arts","9":"tag-arts-and-design","10":"tag-arts-et-design","11":"tag-brest","12":"tag-cliche-de-zef","13":"tag-design","14":"tag-divertissement","15":"tag-entertainment","16":"tag-fr","17":"tag-france","18":"tag-lanildut","19":"tag-photographie"},"share_on_mastodon":{"url":"https:\/\/pubeurope.com\/@fr\/115364569032990746","error":""},"_links":{"self":[{"href":"https:\/\/www.europesays.com\/fr\/wp-json\/wp\/v2\/posts\/458833","targetHints":{"allow":["GET"]}}],"collection":[{"href":"https:\/\/www.europesays.com\/fr\/wp-json\/wp\/v2\/posts"}],"about":[{"href":"https:\/\/www.europesays.com\/fr\/wp-json\/wp\/v2\/types\/post"}],"author":[{"embeddable":true,"href":"https:\/\/www.europesays.com\/fr\/wp-json\/wp\/v2\/users\/2"}],"replies":[{"embeddable":true,"href":"https:\/\/www.europesays.com\/fr\/wp-json\/wp\/v2\/comments?post=458833"}],"version-history":[{"count":0,"href":"https:\/\/www.europesays.com\/fr\/wp-json\/wp\/v2\/posts\/458833\/revisions"}],"wp:featuredmedia":[{"embeddable":true,"href":"https:\/\/www.europesays.com\/fr\/wp-json\/wp\/v2\/media\/458834"}],"wp:attachment":[{"href":"https:\/\/www.europesays.com\/fr\/wp-json\/wp\/v2\/media?parent=458833"}],"wp:term":[{"taxonomy":"category","embeddable":true,"href":"https:\/\/www.europesays.com\/fr\/wp-json\/wp\/v2\/categories?post=458833"},{"taxonomy":"post_tag","embeddable":true,"href":"https:\/\/www.europesays.com\/fr\/wp-json\/wp\/v2\/tags?post=458833"}],"curies":[{"name":"wp","href":"https:\/\/api.w.org\/{rel}","templated":true}]}}