{"id":458837,"date":"2025-10-13T02:47:34","date_gmt":"2025-10-13T02:47:34","guid":{"rendered":"https:\/\/www.europesays.com\/fr\/458837\/"},"modified":"2025-10-13T02:47:34","modified_gmt":"2025-10-13T02:47:34","slug":"je-trouve-ca-dommage-sophia-bush-brooke-donne-des-nouvelles-de-la-suite-de-la-serie","status":"publish","type":"post","link":"https:\/\/www.europesays.com\/fr\/458837\/","title":{"rendered":"\u00ab\u00a0Je trouve \u00e7a dommage\u00a0\u00bb\u2026 Sophia Bush (Brooke) donne des nouvelles de la suite de la s\u00e9rie"},"content":{"rendered":"<p>Alors qu&rsquo;on la pensait sur les rails, la suite des Fr\u00e8res Scott n&rsquo;est visiblement pas tout \u00e0 fait engag\u00e9e sur Netflix. Les nouvelles donn\u00e9es r\u00e9cemment par Sophia Bush qui jouait Brooke interrogent.<\/p>\n<p>Nous sommes-nous emball\u00e9s trop vite ? Alors qu\u2019aucune nouvelle concr\u00e8te ne nous parvient depuis plusieurs mois sur la suite envisag\u00e9e pour <a href=\"https:\/\/www.programme-tv.net\/news\/series-tv\/389045-les-freres-scott-hilarie-burton-sophia-bush-james-lafferty-le-casting-reunit-presque-au-complet-a-paris-photos\/\" data-api-deeplink=\"teleloisirs:\/\/news\/389045\" target=\"_blank\" rel=\"noopener\">Les Fr\u00e8res Scott<\/a> sur Netflix, les acteurs ont abord\u00e9 le sujet lors d&rsquo;une convention parisienne qui se d\u00e9roulait les 4 et 5 octobre 2025. Dans une vid\u00e9o publi\u00e9e sur Instagram, Sophia Bush, interpr\u00e8te de Brooke Davis et annonc\u00e9e comme l\u2019une des <a href=\"https:\/\/www.programme-tv.net\/news\/series-tv\/382226-je-ne-suis-pas-sur-de-pouvoir-y-echapper-le-celebre-mari-d-une-star-des-freres-scott-sera-t-il-au-casting-du-reboot\/\" data-api-deeplink=\"teleloisirs:\/\/news\/382226\" target=\"_blank\" rel=\"noopener\">productrices du reboot<\/a>, r\u00e9pond \u00e0 des fans qui aimeraient obtenir des scoops : \u00ab\u00a0Je crois qu\u2019on est cens\u00e9s suivre les directives de la communication et vous dire qu\u2019on ne sait pas encore grand-chose. Mais que l\u2019on vous dira quand on saura !\u00a0\u00bb Et d\u2019\u00eatre second\u00e9e par Hilarie Burton : \u00ab\u00a0Oui, je ne crois pas qu\u2019il y ait un scoop. Je me pr\u00e9sente quand on me dit de me pr\u00e9senter et j\u2019esp\u00e8re qu\u2019on sera bient\u00f4t appel\u00e9s.\u00a0\u00bb Des paroles floues qui nous font comprendre que rien n\u2019est r\u00e9ellement act\u00e9. \u00ab\u00a0Je trouve \u00e7a dommage que l\u2019info ait fuit\u00e9 avant qu\u2019on ait des r\u00e9ponses concr\u00e8tes. Maintenant vous voyez tout l\u2019envers du d\u00e9cor et combien de temps \u00e7a prend de faire quoi que ce soit au cin\u00e9ma ou \u00e0 la t\u00e9l\u00e9vision\u00a0\u00bb, a ajout\u00e9 Sophia Bush.<\/p>\n<p>                        Des doutes subsistent autour de la suite des Fr\u00e8res Scott<\/p>\n<p>Avec ces \u00e9l\u00e9ments, on comprend que les contours de cette suite des Fr\u00e8res Scott sont encore loin d\u2019\u00eatre grav\u00e9s dans le marbre. Depuis l\u2019annonce du projet, quelques informations ont commenc\u00e9 \u00e0 fuiter. On sait notamment que Sophia Bush, Hilarie Burton et Danneel Ackles sont pr\u00eates \u00e0 produire ce retour. On sait aussi que le projet tel qu\u2019il est con\u00e7u pour le moment pr\u00e9voit un retour de la plupart des acteurs originaux pour \u00e9voquer la suite de la vie de leur personnage. Brooke et Peyton seraient par exemple les m\u00e8res d\u2019adolescents pr\u00eats \u00e0 faire autant de mauvais coups qu\u2019elles en ont faits plus jeunes.<a href=\"https:\/\/www.programme-tv.net\/news\/series-tv\/373822-les-freres-scott-si-nathan-etait-mort-bethany-joy-lenz-imagine-avec-qui-haley-pourrait-finir-en-couple-et-ca-ne-va-pas-plaire-aux-fans\/\" data-api-deeplink=\"teleloisirs:\/\/news\/373822\" target=\"_blank\" rel=\"noopener\"> La question demeure toutefois sur la pr\u00e9sence de Bethany Joy Lenz<\/a>, notoirement brouill\u00e9e avec Hilarie Burton, dans le r\u00f4le de Haley. Elle n\u2019\u00e9tait d\u2019ailleurs pas pr\u00e9sente \u00e0 la convention parisienne, qui r\u00e9unissait pourtant quasiment l\u2019int\u00e9gralit\u00e9 du casting originel.<\/p>\n<p>            Les acteurs des Fr\u00e8res Scott blaguent sur la suite de la s\u00e9rie<\/p>\n<p>Face \u00e0 ce flou,<a href=\"https:\/\/www.programme-tv.net\/news\/series-tv\/377268-les-freres-scott-c-est-toujours-un-peu-embarrassant-austin-nichols-julian-balance-sur-cette-habitude-genante-des-fans\/\" data-api-deeplink=\"teleloisirs:\/\/news\/377268\" target=\"_blank\" rel=\"noopener\"> Austin Nichols<\/a>, l\u2019interpr\u00e8te de Julian, a voulu d\u00e9tendre l&rsquo;atmosph\u00e8re durant la rencontre \u00e0 Paris. \u00ab\u00a0Mais Rob [Buckley, qui incarne Clay, ndlr] et moi on a d\u00e9j\u00e0 commenc\u00e9 le tournage, vous \u00e9tiez o\u00f9, vous ?\u00a0\u00bb, a-t-il lanc\u00e9 \u00e0 Sophia Bush en riant. \u00ab\u00a0Ah c\u2019est vers ce genre de romance qu\u2019on va pour la saison 10 ? Sexy !\u00a0\u00bb, a-t-elle r\u00e9pondu, tr\u00e8s enjou\u00e9e.<\/p>\n<blockquote class=\"instagram-media\" data-instgrm-captioned=\"\" data-instgrm-permalink=\"https:\/\/www.instagram.com\/reel\/DPeOk0-jOKh\/?utm_source=ig_embed&amp;utm_campaign=loading\" data-instgrm-version=\"14\" style=\" background:#FFF; border:0; border-radius:3px; box-shadow:0 0 1px 0 rgba(0,0,0,0.5),0 1px 10px 0 rgba(0,0,0,0.15); margin: 1px; max-width:658px; min-width:326px; padding:0; width:99.375%; width:-webkit-calc(100% - 2px); width:calc(100% - 2px);\"\/>\n<p>Article \u00e9crit en collaboration avec 6m\u00e9dias<\/p>\n<p>        <script async src=\"\/\/www.instagram.com\/embed.js\"><\/script><\/p>\n","protected":false},"excerpt":{"rendered":"Alors qu&rsquo;on la pensait sur les rails, la suite des Fr\u00e8res Scott n&rsquo;est visiblement pas tout \u00e0 fait&hellip;\n","protected":false},"author":2,"featured_media":458838,"comment_status":"","ping_status":"","sticky":false,"template":"","format":"standard","meta":{"footnotes":""},"categories":[1356],"tags":[4225,244,58,59,1011,27,56913,19013,4224,19010,4496,129,252,1364],"class_list":{"0":"post-458837","1":"post","2":"type-post","3":"status-publish","4":"format-standard","5":"has-post-thumbnail","7":"category-television","8":"tag-amazon-prime-vidu00e9o","9":"tag-commentaire","10":"tag-divertissement","11":"tag-entertainment","12":"tag-fr","13":"tag-france","14":"tag-hilarie-burton","15":"tag-les-fru00e8res-scott","16":"tag-pub-streaming-prime-video","17":"tag-sophia-bush","18":"tag-superstream","19":"tag-svod","20":"tag-television","21":"tag-tv"},"share_on_mastodon":{"url":"https:\/\/pubeurope.com\/@fr\/115364576877069069","error":""},"_links":{"self":[{"href":"https:\/\/www.europesays.com\/fr\/wp-json\/wp\/v2\/posts\/458837","targetHints":{"allow":["GET"]}}],"collection":[{"href":"https:\/\/www.europesays.com\/fr\/wp-json\/wp\/v2\/posts"}],"about":[{"href":"https:\/\/www.europesays.com\/fr\/wp-json\/wp\/v2\/types\/post"}],"author":[{"embeddable":true,"href":"https:\/\/www.europesays.com\/fr\/wp-json\/wp\/v2\/users\/2"}],"replies":[{"embeddable":true,"href":"https:\/\/www.europesays.com\/fr\/wp-json\/wp\/v2\/comments?post=458837"}],"version-history":[{"count":0,"href":"https:\/\/www.europesays.com\/fr\/wp-json\/wp\/v2\/posts\/458837\/revisions"}],"wp:featuredmedia":[{"embeddable":true,"href":"https:\/\/www.europesays.com\/fr\/wp-json\/wp\/v2\/media\/458838"}],"wp:attachment":[{"href":"https:\/\/www.europesays.com\/fr\/wp-json\/wp\/v2\/media?parent=458837"}],"wp:term":[{"taxonomy":"category","embeddable":true,"href":"https:\/\/www.europesays.com\/fr\/wp-json\/wp\/v2\/categories?post=458837"},{"taxonomy":"post_tag","embeddable":true,"href":"https:\/\/www.europesays.com\/fr\/wp-json\/wp\/v2\/tags?post=458837"}],"curies":[{"name":"wp","href":"https:\/\/api.w.org\/{rel}","templated":true}]}}