{"id":458843,"date":"2025-10-13T02:50:12","date_gmt":"2025-10-13T02:50:12","guid":{"rendered":"https:\/\/www.europesays.com\/fr\/458843\/"},"modified":"2025-10-13T02:50:12","modified_gmt":"2025-10-13T02:50:12","slug":"voici-les-chiffres-du-nombre-de-contamines","status":"publish","type":"post","link":"https:\/\/www.europesays.com\/fr\/458843\/","title":{"rendered":"voici les chiffres du nombre de contamin\u00e9s"},"content":{"rendered":"<p>            Par<br \/>\n        <strong><br \/>\n            <a href=\"https:\/\/actu.fr\/auteur\/maxime-gil\" title=\"Consulter tous les articles de Maxime Gil\" target=\"_blank\" rel=\"noopener\">Maxime Gil<\/a><br \/>\n        <\/strong><\/p>\n<p>        Publi\u00e9 le<\/p>\n<p>            12 oct. 2025 \u00e0 7h18        <\/p>\n<p>Pour beaucoup, cela semble \u00eatre du pass\u00e9. Lointain m\u00eame. Et pourtant. <a href=\"https:\/\/actu.fr\/societe\/coronavirus\/carte-nouvelle-vague-de-covid-19-voici-les-departements-les-plus-touches-par-l-epidemie_63265142.html\" target=\"_blank\" rel=\"noopener\">Les chiffres le prouvent<\/a>, <strong>le Covid continue de circuler dans le Gard<\/strong> et la prudence doit \u00eatre de mise. D\u2019autant plus depuis que l\u2019Organisation mondiale de la Sant\u00e9 a dit avoir mis \u00ab\u2009sous surveillance\u2009\u00bb le variant d\u00e9nomm\u00e9 <strong>XFG<\/strong>, jug\u00e9 plus contagieux.<\/p>\n<p class=\" wall-content\">Est-ce celui-ci qui touche les habitants de <a href=\"http:\/\/www.actu.fr\/nimes\" target=\"_blank\" rel=\"noopener\">N\u00eemes<\/a> et du d\u00e9partement\u2009? Ce type de donn\u00e9es n\u2019est pas public. Mais les chiffres sur les contaminations, eux, montrent bien le net regain du virus.<\/p>\n<p>10\u00a0fois plus d\u2019hospitalisations<\/p>\n<p class=\" wall-content\">Selon les derniers \u00e9l\u00e9ments publi\u00e9s par Sant\u00e9 publique France, la hausse des cas de Covid-19 dans le Gard est importante, m\u00eame si le virus reste marginal. D\u2019abord, les chiffres de SOS M\u00e9decins le prouvent. \u00c0 fin septembre (ultimes donn\u00e9es diffus\u00e9es), <strong>1 acte sur 50<\/strong> concernait une intervention li\u00e9e au Covid, tandis que le virus repr\u00e9sentait 1 acte sur\u2026 500 fin juin.<\/p>\n<p class=\" wall-content\">Une hausse importante, qui se retrouve \u00e9galement dans les hospitalisations enregistr\u00e9es sur le d\u00e9partement. \u00c0 la m\u00eame p\u00e9riode, c\u2019\u00e9tait une hospitalisation sur 1000 (0,12\u2009%). Derni\u00e8rement, <strong>une hospitalisation sur 100<\/strong> \u00e9tait cons\u00e9cutive \u00e0 un passage aux urgences li\u00e9 au Covid.<\/p>\n<p>Une tranche d\u2019\u00e2ge particuli\u00e8rement \u00e0 risques<\/p>\n<p class=\" wall-content\">De mani\u00e8re g\u00e9n\u00e9rale, les urgences du Gard ont enregistr\u00e9 une forte hausse des passages li\u00e9s au Covid. Entre fin juin et fin septembre, <strong>cinq fois plus de venues pour un cas de Covid<\/strong> ont \u00e9t\u00e9 comptabilis\u00e9es dans les divers services d\u2019urgences du d\u00e9partement.<\/p>\n<p class=\" wall-content\">Quant aux personnes les plus vuln\u00e9rables, ce sont <strong>les 65\u00a0ans et plus<\/strong> qui sont les plus touch\u00e9es actuellement par le virus. Mais attention, les nouveau-n\u00e9s et enfants en bas \u00e2ge doivent \u00e9galement \u00eatre surveill\u00e9s puisque les <strong>0-4\u00a0ans<\/strong> sont la deuxi\u00e8me tranche d\u2019\u00e2ge la plus concern\u00e9e par le nombre d\u2019infections dans le d\u00e9partement.<\/p>\n<p class=\" wall-content\">Personnalisez votre actualit\u00e9 en ajoutant vos villes et m\u00e9dias en favori avec <a href=\"https:\/\/moncompte.actu.fr\" title=\"D\u00e9couvez Mon Actu\" rel=\"nofollow noopener\" data-trk=\"{&quot;cta&quot;:{&quot;action&quot;:&quot;https:\\\/\\\/moncompte.actu.fr&quot;,&quot;category&quot;:&quot;mon compte&quot;,&quot;from&quot;:&quot;article footer&quot;,&quot;name&quot;:&quot;Mon actu&quot;,&quot;type&quot;:&quot;cta&quot;}}\" target=\"_blank\">Mon Actu<\/a>.<\/p>\n","protected":false},"excerpt":{"rendered":"Par Maxime Gil Publi\u00e9 le 12 oct. 2025 \u00e0 7h18 Pour beaucoup, cela semble \u00eatre du pass\u00e9. Lointain&hellip;\n","protected":false},"author":2,"featured_media":448804,"comment_status":"","ping_status":"","sticky":false,"template":"","format":"standard","meta":{"footnotes":""},"categories":[10],"tags":[4379,1011,27,72,71,104],"class_list":{"0":"post-458843","1":"post","2":"type-post","3":"status-publish","4":"format-standard","5":"has-post-thumbnail","7":"category-sante","8":"tag-coronavirus-covid","9":"tag-fr","10":"tag-france","11":"tag-health","12":"tag-sante","13":"tag-societe"},"share_on_mastodon":{"url":"https:\/\/pubeurope.com\/@fr\/115364588606566258","error":""},"_links":{"self":[{"href":"https:\/\/www.europesays.com\/fr\/wp-json\/wp\/v2\/posts\/458843","targetHints":{"allow":["GET"]}}],"collection":[{"href":"https:\/\/www.europesays.com\/fr\/wp-json\/wp\/v2\/posts"}],"about":[{"href":"https:\/\/www.europesays.com\/fr\/wp-json\/wp\/v2\/types\/post"}],"author":[{"embeddable":true,"href":"https:\/\/www.europesays.com\/fr\/wp-json\/wp\/v2\/users\/2"}],"replies":[{"embeddable":true,"href":"https:\/\/www.europesays.com\/fr\/wp-json\/wp\/v2\/comments?post=458843"}],"version-history":[{"count":0,"href":"https:\/\/www.europesays.com\/fr\/wp-json\/wp\/v2\/posts\/458843\/revisions"}],"wp:featuredmedia":[{"embeddable":true,"href":"https:\/\/www.europesays.com\/fr\/wp-json\/wp\/v2\/media\/448804"}],"wp:attachment":[{"href":"https:\/\/www.europesays.com\/fr\/wp-json\/wp\/v2\/media?parent=458843"}],"wp:term":[{"taxonomy":"category","embeddable":true,"href":"https:\/\/www.europesays.com\/fr\/wp-json\/wp\/v2\/categories?post=458843"},{"taxonomy":"post_tag","embeddable":true,"href":"https:\/\/www.europesays.com\/fr\/wp-json\/wp\/v2\/tags?post=458843"}],"curies":[{"name":"wp","href":"https:\/\/api.w.org\/{rel}","templated":true}]}}