{"id":458851,"date":"2025-10-13T02:55:16","date_gmt":"2025-10-13T02:55:16","guid":{"rendered":"https:\/\/www.europesays.com\/fr\/458851\/"},"modified":"2025-10-13T02:55:16","modified_gmt":"2025-10-13T02:55:16","slug":"prince-harry-nouveau-coup-dur-pour-le-mari-de-meghan-markle-confronte-a-une-decision-quil-nattendait-pas","status":"publish","type":"post","link":"https:\/\/www.europesays.com\/fr\/458851\/","title":{"rendered":"Prince Harry : nouveau coup dur pour le mari de Meghan Markle confront\u00e9 \u00e0 une d\u00e9cision qu\u2019il n\u2019attendait pas"},"content":{"rendered":"<p><a href=\"https:\/\/www.closermag.fr\/royautes\/prince-harry-la-ligne-rouge-franchie-la-reconciliation-avec-charles-iii-compromise-3584741\" target=\"_blank\" rel=\"noopener\"><br \/>\nLe prince Harry<\/a> et <a href=\"https:\/\/www.closermag.fr\/royautes\/meghan-markle-a-paris-sa-video-pres-du-pont-de-lalma-a-t-elle-vraiment-atterre-le-prince-harry-un-expert-lassure-3586040\" target=\"_blank\" rel=\"noopener\"><br \/>\nMeghan Markle<\/a> sont connus pour leurs engagements envers les<br \/>\n\u0153uvres caritatives. D\u2019ailleurs, c\u2019est dans ce cadre que le duc et<br \/>\nla duchesse de Sussex s\u2019\u00e9taient rendus \u00e0 New York derni\u00e8rement.<br \/>\nSeulement, il semblerait que le fils du <a href=\"https:\/\/www.closermag.fr\/royautes\/charles-iii-balmoral-en-pleine-tempete-il-prend-une-decision-durgence-3584578\" target=\"_blank\" rel=\"noopener\"><br \/>\nroi Charles III<\/a> encha\u00eene les coups durs concernant ses actions<br \/>\ncaritatives en Afrique.<\/p>\n<p>Rappelons que vers le d\u00e9but de cette ann\u00e9e, le prince Harry, 41<br \/>\nans, avait <strong>d\u00e9missionn\u00e9 de Sentebale<\/strong>. Une<br \/>\ns\u00e9paration avec l\u2019organisme aidant les enfants orphelins du Sida au<br \/>\nBotswana et au Lesotho suite \u00e0 un conflit entre le fr\u00e8re du<br \/>\n<a href=\"https:\/\/www.closermag.fr\/royautes\/prince-william-le-mari-de-kate-middleton-va-bientot-senvoler-pour-le-bresil-en-compagnie-de-gisele-bundchen-3586002\" target=\"_blank\" rel=\"noopener\"><br \/>\nprince William<\/a> et le Dr <strong>Sophie Chandauka<\/strong>, la<br \/>\npr\u00e9sidente de Sentebale. La semaine derni\u00e8re, une autre \u0153uvre<br \/>\ncaritative du prince Harry a \u00e9t\u00e9 victime de coup dur.<\/p>\n<p><img loading=\"lazy\" decoding=\"async\" itemprop=\"thumbnailUrl\" class=\"size-large wp-image-3570598 img-responsive\" src=\"https:\/\/www.europesays.com\/fr\/wp-content\/uploads\/2025\/10\/harry-scaled-682x1024.jpg\" alt=\"Prince Harry\" width=\"682\" height=\"1024\"\/> \u00a9<br \/>\nBestimage<\/p>\n<p>Prince Harry : le Tchad coupe ses liens !<\/p>\n<p>Comme l\u2019a rapport\u00e9 le Mirror, le gouvernement du Tchad<br \/>\na d\u00e9cid\u00e9 de couper ses liens avec <strong>African Parks<\/strong>.<br \/>\nIl s\u2019agit d\u2019une association caritative \u0153uvrant \u00e0 <strong>la<br \/>\nprotection de la faune africaine<\/strong> dont le <strong>prince<br \/>\nHarry<\/strong> est membre du conseil d\u2019administration. African<br \/>\nParks, qui g\u00e8re 22 parcs nationaux dans 12 pays, g\u00e9rait<br \/>\nd\u2019importantes r\u00e9serves animales au Tchad.<\/p>\n<blockquote class=\"twitter-tweet\"><p><a class=\"twitter-link\" rel=\"noindex, nofollow noopener\" href=\"https:\/\/twitter.com\/BBCWorld\/status\/1975775006614319309\" target=\"_blank\"><\/p><\/blockquote>\n<p>Seulement, le gouvernement du pays a d\u00e9cid\u00e9 de lui retirer la<br \/>\ngestion de la <strong>r\u00e9serve naturelle et culturelle de<br \/>\nl\u2019Ennedi<\/strong> et celle de <strong>l\u2019\u00e9cosyst\u00e8me du Grand<br \/>\nZakouma<\/strong>. Dans un communiqu\u00e9, un ministre du Tchad a<br \/>\nd\u00e9clar\u00e9 que cette d\u00e9cision a \u00e9t\u00e9 prise suite \u00e0 une \u00ab\u00a0attitude<br \/>\nind\u00e9licate et irrespectueuse envers le gouvernement\u00a0\u00bb.<\/p>\n<p>Un signal d\u2019alarme pour le prince Harry<br \/>\n!<\/p>\n<p>Apr\u00e8s cette nouvelle, l\u2019ancienne correspondante royale de la<br \/>\nBBC, <strong>Jennie Bond<\/strong>, a expliqu\u00e9 que <strong>le prince<br \/>\nHarry<\/strong> n\u2019avait \u00ab\u00a0pas beaucoup de chance avec ses actions<br \/>\ncaritatives en Afrique\u00a0\u00bb. Selon elle, le papa d\u2019<a href=\"https:\/\/www.closermag.fr\/royautes\/meghan-et-harry-a-new-york-archie-et-lilibet-au-coeur-du-discours-inspirant-de-la-duchesse-3585796\" target=\"_blank\" rel=\"noopener\">Archie<br \/>\net Lilibet<\/a> devrait tirer des le\u00e7ons de cette mauvaise<br \/>\nnouvelle.<\/p>\n<p>\u00ab\u00a0Je pense qu&rsquo;il a probablement compris maintenant que cr\u00e9er<br \/>\ndes associations caritatives et les g\u00e9rer avec succ\u00e8s est une t\u00e2che<br \/>\ncomplexe. Et, sans que ce soit de sa faute, Harry n&rsquo;a<br \/>\n<strong>pas beaucoup d&rsquo;exp\u00e9rience<\/strong> en gestion<br \/>\nd&rsquo;entreprise\u00a0\u00bb, a-t-elle d\u00e9clar\u00e9 en soulignant le fait que le<br \/>\nmari de <strong>Meghan Markle<\/strong> devrait se focaliser sur des<br \/>\nprojets qu\u2019il sait g\u00e9rer comme les <strong>WellChild<br \/>\nAwards<\/strong> ou encore les <strong>Invictus<br \/>\nGames<\/strong>.<\/p>\n<p><script async src=\"https:\/\/platform.twitter.com\/widgets.js\" charset=\"utf-8\"><\/script><\/p>\n","protected":false},"excerpt":{"rendered":"Le prince Harry et Meghan Markle sont connus pour leurs engagements envers les \u0153uvres caritatives. D\u2019ailleurs, c\u2019est dans&hellip;\n","protected":false},"author":2,"featured_media":458852,"comment_status":"","ping_status":"","sticky":false,"template":"","format":"standard","meta":{"footnotes":""},"categories":[5],"tags":[11,1011,27,14,12,267,28,729],"class_list":{"0":"post-458851","1":"post","2":"type-post","3":"status-publish","4":"format-standard","5":"has-post-thumbnail","7":"category-international","8":"tag-actualites","9":"tag-fr","10":"tag-france","11":"tag-international","12":"tag-news","13":"tag-prince-harry","14":"tag-world","15":"tag-yout_video"},"share_on_mastodon":{"url":"https:\/\/pubeurope.com\/@fr\/115364608296771626","error":""},"_links":{"self":[{"href":"https:\/\/www.europesays.com\/fr\/wp-json\/wp\/v2\/posts\/458851","targetHints":{"allow":["GET"]}}],"collection":[{"href":"https:\/\/www.europesays.com\/fr\/wp-json\/wp\/v2\/posts"}],"about":[{"href":"https:\/\/www.europesays.com\/fr\/wp-json\/wp\/v2\/types\/post"}],"author":[{"embeddable":true,"href":"https:\/\/www.europesays.com\/fr\/wp-json\/wp\/v2\/users\/2"}],"replies":[{"embeddable":true,"href":"https:\/\/www.europesays.com\/fr\/wp-json\/wp\/v2\/comments?post=458851"}],"version-history":[{"count":0,"href":"https:\/\/www.europesays.com\/fr\/wp-json\/wp\/v2\/posts\/458851\/revisions"}],"wp:featuredmedia":[{"embeddable":true,"href":"https:\/\/www.europesays.com\/fr\/wp-json\/wp\/v2\/media\/458852"}],"wp:attachment":[{"href":"https:\/\/www.europesays.com\/fr\/wp-json\/wp\/v2\/media?parent=458851"}],"wp:term":[{"taxonomy":"category","embeddable":true,"href":"https:\/\/www.europesays.com\/fr\/wp-json\/wp\/v2\/categories?post=458851"},{"taxonomy":"post_tag","embeddable":true,"href":"https:\/\/www.europesays.com\/fr\/wp-json\/wp\/v2\/tags?post=458851"}],"curies":[{"name":"wp","href":"https:\/\/api.w.org\/{rel}","templated":true}]}}