{"id":458855,"date":"2025-10-13T02:57:15","date_gmt":"2025-10-13T02:57:15","guid":{"rendered":"https:\/\/www.europesays.com\/fr\/458855\/"},"modified":"2025-10-13T02:57:15","modified_gmt":"2025-10-13T02:57:15","slug":"ce-que-lon-sait-de-lescalade-meurtriere-entre-le-pakistan-et-lafghanistan","status":"publish","type":"post","link":"https:\/\/www.europesays.com\/fr\/458855\/","title":{"rendered":"Ce que l&rsquo;on sait de l&rsquo;escalade meurtri\u00e8re entre le Pakistan et l&rsquo;Afghanistan"},"content":{"rendered":"<p class=\"dm_article-chapeau\">Ce samedi soir, de violents affrontements ont \u00e9clat\u00e9 \u00e0 la fronti\u00e8re entre l\u2019Afghanistan et le Pakistan. Les soldats pakistanais se sont retrouv\u00e9s face aux forces talibanes apr\u00e8s que Kaboul a accus\u00e9 Islamabad d\u2019avoir men\u00e9 des frappes a\u00e9riennes sur son territoire.<\/p>\n<p>Un nouveau conflit frontalier. En fin de journ\u00e9e samedi, des combats meurtriers ont oppos\u00e9 des soldats pakistanais aux forces talibanes <a href=\"https:\/\/www.cnews.fr\/afghanistan\" target=\"_blank\" rel=\"noopener\">afghanes<\/a> le long de la fronti\u00e8re entre les deux pays. Cette escalade survient apr\u00e8s que Kaboul a accus\u00e9 Islamabad d\u2019avoir men\u00e9 des frappes a\u00e9riennes sur le sol afghan.<\/p>\n<p>Le porte-parole du minist\u00e8re taliban de la D\u00e9fense, Enayatullah Khwarizmi, a d\u00e9clar\u00e9 dimanche \u00e0 l\u2019AFP : \u00abLes forces arm\u00e9es de l\u2019\u00c9mirat islamique ont men\u00e9 avec succ\u00e8s des repr\u00e9sailles contre les forces de s\u00e9curit\u00e9 pakistanaises le long de la ligne Durand, en r\u00e9ponse \u00e0 des violations r\u00e9p\u00e9t\u00e9es et \u00e0 des frappes a\u00e9riennes sur le territoire afghan par l\u2019arm\u00e9e pakistanaise\u00bb.<\/p>\n<p>Une escalade rapide<\/p>\n<p>L\u2019escalade a commenc\u00e9 jeudi 9 octobre, lorsque deux explosions ont retenti \u00e0 Islamabad, suivies d\u2019une troisi\u00e8me dans le sud-est du <a href=\"https:\/\/www.cnews.fr\/pakistan\" target=\"_blank\" rel=\"noopener\">Pakistan<\/a>. Vendredi, le minist\u00e8re taliban de la D\u00e9fense a imput\u00e9 ces attaques au Pakistan. Islamabad a accus\u00e9 de son c\u00f4t\u00e9 Kaboul d\u2019abriter des talibans pakistanais. Pourtant issus de la m\u00eame mouvance, les talibans afghans reprochent aux <a href=\"https:\/\/www.cnews.fr\/talibans\" target=\"_blank\" rel=\"noopener\">talibans<\/a> pakistanais d\u2019avoir tu\u00e9 des centaines de soldats afghans depuis 2021.<\/p>\n<p>En d\u00e9but de soir\u00e9e samedi, les forces afghanes ont attaqu\u00e9 plusieurs points cl\u00e9s de la ligne Durand, fronti\u00e8re \u00e9tablie en 1893. Les responsables talibans des provinces de Kunar, Nangarhar, Paktia, Khost et Helmand ont confirm\u00e9 des affrontements violents \u00e0 la fronti\u00e8re.<\/p>\n<p>\u00abCe soir, les forces talibanes ont d\u2019abord utilis\u00e9 des armes l\u00e9g\u00e8res, puis de l\u2019artillerie lourde en quatre points de la fronti\u00e8re \u00bb, a d\u00e9taill\u00e9 le porte-parole, avant d\u2019ajouter : \u00abLes forces pakistanaises ont ripost\u00e9 par des tirs nourris et abattu trois drones quadricopt\u00e8res afghans suspect\u00e9s de transporter des explosifs\u00bb. Les combats se seraient termin\u00e9s aux alentours de minuit.<\/p>\n<p>Ce dimanche matin, pr\u00e8s de 58 soldats pakistanais avaient \u00e9t\u00e9 tu\u00e9s, tandis que neuf talibans ont trouv\u00e9 la mort. Les forces talibanes, qui revendiquent cette \u00abvictoire\u00bb, ont averti le Pakistan de ne pas lancer de repr\u00e9sailles.<\/p>\n<p>Mais le Pakistan a promis \u00abune r\u00e9ponse muscl\u00e9e\u00bb \u00e0 cette op\u00e9ration.\u00a0<\/p>\n","protected":false},"excerpt":{"rendered":"Ce samedi soir, de violents affrontements ont \u00e9clat\u00e9 \u00e0 la fronti\u00e8re entre l\u2019Afghanistan et le Pakistan. Les soldats&hellip;\n","protected":false},"author":2,"featured_media":458856,"comment_status":"","ping_status":"","sticky":false,"template":"","format":"standard","meta":{"footnotes":""},"categories":[2],"tags":[11,39835,598,2120,1011,27,12,14488],"class_list":{"0":"post-458855","1":"post","2":"type-post","3":"status-publish","4":"format-standard","5":"has-post-thumbnail","7":"category-actualites","8":"tag-actualites","9":"tag-affrontements","10":"tag-afghanistan","11":"tag-conflit","12":"tag-fr","13":"tag-france","14":"tag-news","15":"tag-pakistan"},"share_on_mastodon":{"url":"https:\/\/pubeurope.com\/@fr\/115364616121709961","error":""},"_links":{"self":[{"href":"https:\/\/www.europesays.com\/fr\/wp-json\/wp\/v2\/posts\/458855","targetHints":{"allow":["GET"]}}],"collection":[{"href":"https:\/\/www.europesays.com\/fr\/wp-json\/wp\/v2\/posts"}],"about":[{"href":"https:\/\/www.europesays.com\/fr\/wp-json\/wp\/v2\/types\/post"}],"author":[{"embeddable":true,"href":"https:\/\/www.europesays.com\/fr\/wp-json\/wp\/v2\/users\/2"}],"replies":[{"embeddable":true,"href":"https:\/\/www.europesays.com\/fr\/wp-json\/wp\/v2\/comments?post=458855"}],"version-history":[{"count":0,"href":"https:\/\/www.europesays.com\/fr\/wp-json\/wp\/v2\/posts\/458855\/revisions"}],"wp:featuredmedia":[{"embeddable":true,"href":"https:\/\/www.europesays.com\/fr\/wp-json\/wp\/v2\/media\/458856"}],"wp:attachment":[{"href":"https:\/\/www.europesays.com\/fr\/wp-json\/wp\/v2\/media?parent=458855"}],"wp:term":[{"taxonomy":"category","embeddable":true,"href":"https:\/\/www.europesays.com\/fr\/wp-json\/wp\/v2\/categories?post=458855"},{"taxonomy":"post_tag","embeddable":true,"href":"https:\/\/www.europesays.com\/fr\/wp-json\/wp\/v2\/tags?post=458855"}],"curies":[{"name":"wp","href":"https:\/\/api.w.org\/{rel}","templated":true}]}}