{"id":458857,"date":"2025-10-13T02:59:32","date_gmt":"2025-10-13T02:59:32","guid":{"rendered":"https:\/\/www.europesays.com\/fr\/458857\/"},"modified":"2025-10-13T02:59:32","modified_gmt":"2025-10-13T02:59:32","slug":"edito-remettre-en-cause-la-deontologie-et-lindependance-de-notre-redaction-est-inacceptable","status":"publish","type":"post","link":"https:\/\/www.europesays.com\/fr\/458857\/","title":{"rendered":"\u00c9dito. \u00ab\u00a0Remettre en cause la d\u00e9ontologie et l\u2019ind\u00e9pendance de notre r\u00e9daction est inacceptable\u00a0\u00bb"},"content":{"rendered":"<p>Apr\u00e8s une publication de Ga\u00ebl Perdriau sur les r\u00e9seaux sociaux, Xavier Antoy\u00e9, le r\u00e9dacteur en chef du Progr\u00e8s, r\u00e9pond au maire de Saint-Etienne\u00a0: \u00ab\u00a0Nous n\u2019avons pas pour habitude de commenter des posts sur les r\u00e9seaux sociaux qui nous mettent en cause. Dans une d\u00e9mocratie saine, la libert\u00e9 de la presse est indissociable de celle de la critiquer. Cette fois-ci, nous ne pouvons rester sans r\u00e9action quand, sur Facebook, Ga\u00ebl Perdriau met en cause l\u2019\u00e9thique d\u2019une de nos journalistes et de notre m\u00e9dia dans son ensemble.<\/p>\n<p>Quatre mois apr\u00e8s sa sortie, le maire de Saint-\u00c9tienne d\u00e9couvre que Le Progr\u00e8s a publi\u00e9 un livre co\u00e9crit par une de nos journalistes et Me Buffard, avocat de la principale victime du proc\u00e8s de la sextape. Nous ne pouvons accepter ses insinuations sur notre manque de distance, voire ce soup\u00e7on de collusion.<\/p>\n<p>Publi\u00e9 en mai, ce livre \u00e9tait en pr\u00e9paration depuis plus d\u2019un an. Il est construit sur une longue interview de Me Buffard r\u00e9alis\u00e9e par notre journaliste (c\u2019est son travail) et des r\u00e9cits d\u2019affaires \u00e9crits par l\u2019avocat st\u00e9phanois. J\u2019ai personnellement relu la partie concernant l\u2019affaire Perdriau. La pr\u00e9servation de notre r\u00e9daction de tout conflit d\u2019int\u00e9r\u00eat est une responsabilit\u00e9 qui m\u2019incombe.<\/p>\n<p>Notre cons\u0153ur a couvert le proc\u00e8s avec sept autres journalistes de notre r\u00e9daction, mobilis\u00e9s au tribunal de Lyon. Sans oublier les confr\u00e8res \u0153uvrant en coulisses pour la publication des articles, vid\u00e9os, photos. Les sujets ont \u00e9t\u00e9 discut\u00e9s en r\u00e9union de r\u00e9daction. Comme toujours. Chaque journ\u00e9e d\u2019audience a fait l\u2019objet d\u2019un compte rendu sur notre site internet, de la premi\u00e8re \u00e0 la derni\u00e8re minute. Un suivi en direct, accessible gratuitement, qui a attir\u00e9 plus de 50\u00a0000 personnes par jour. Et chaque journ\u00e9e d\u2019audience a donn\u00e9 lieu \u00e0 une double page dans notre journal papier &#8211; soit deux articles payants \u00e9galement accessibles en ligne qui ont chacun \u00e9t\u00e9 lus par 8\u00a0000 personnes en moyenne. Des chiffres qui traduisent sans aucun doute la confiance de nos lecteurs.<\/p>\n<p>Remettre en cause la d\u00e9ontologie et l\u2019ind\u00e9pendance de notre r\u00e9daction est inacceptable. Le Progr\u00e8s n\u2019est pas une association de malfaiteurs.\u00a0\u00bb<\/p>\n","protected":false},"excerpt":{"rendered":"Apr\u00e8s une publication de Ga\u00ebl Perdriau sur les r\u00e9seaux sociaux, Xavier Antoy\u00e9, le r\u00e9dacteur en chef du Progr\u00e8s,&hellip;\n","protected":false},"author":2,"featured_media":458858,"comment_status":"","ping_status":"","sticky":false,"template":"","format":"standard","meta":{"footnotes":""},"categories":[9653],"tags":[1111,11,2430,9771,7539,1777,674,1011,27,3367,12,25,4001,7538,104],"class_list":{"0":"post-458857","1":"post","2":"type-post","3":"status-publish","4":"format-standard","5":"has-post-thumbnail","7":"category-saint-etienne","8":"tag-actu","9":"tag-actualites","10":"tag-auvergne-rhone-alpes","11":"tag-desinfox","12":"tag-edition-loire-sud","13":"tag-eu","14":"tag-europe","15":"tag-fr","16":"tag-france","17":"tag-loire","18":"tag-news","19":"tag-republique-francaise","20":"tag-saint-etienne","21":"tag-saint-etienne-ville","22":"tag-societe"},"share_on_mastodon":{"url":"https:\/\/pubeurope.com\/@fr\/115364624014430700","error":""},"_links":{"self":[{"href":"https:\/\/www.europesays.com\/fr\/wp-json\/wp\/v2\/posts\/458857","targetHints":{"allow":["GET"]}}],"collection":[{"href":"https:\/\/www.europesays.com\/fr\/wp-json\/wp\/v2\/posts"}],"about":[{"href":"https:\/\/www.europesays.com\/fr\/wp-json\/wp\/v2\/types\/post"}],"author":[{"embeddable":true,"href":"https:\/\/www.europesays.com\/fr\/wp-json\/wp\/v2\/users\/2"}],"replies":[{"embeddable":true,"href":"https:\/\/www.europesays.com\/fr\/wp-json\/wp\/v2\/comments?post=458857"}],"version-history":[{"count":0,"href":"https:\/\/www.europesays.com\/fr\/wp-json\/wp\/v2\/posts\/458857\/revisions"}],"wp:featuredmedia":[{"embeddable":true,"href":"https:\/\/www.europesays.com\/fr\/wp-json\/wp\/v2\/media\/458858"}],"wp:attachment":[{"href":"https:\/\/www.europesays.com\/fr\/wp-json\/wp\/v2\/media?parent=458857"}],"wp:term":[{"taxonomy":"category","embeddable":true,"href":"https:\/\/www.europesays.com\/fr\/wp-json\/wp\/v2\/categories?post=458857"},{"taxonomy":"post_tag","embeddable":true,"href":"https:\/\/www.europesays.com\/fr\/wp-json\/wp\/v2\/tags?post=458857"}],"curies":[{"name":"wp","href":"https:\/\/api.w.org\/{rel}","templated":true}]}}