{"id":458859,"date":"2025-10-13T03:02:25","date_gmt":"2025-10-13T03:02:25","guid":{"rendered":"https:\/\/www.europesays.com\/fr\/458859\/"},"modified":"2025-10-13T03:02:25","modified_gmt":"2025-10-13T03:02:25","slug":"allison-balson-nancy-raconte-son-audition-hallucinante-pour-la-petite-maison-dans-la-prairie","status":"publish","type":"post","link":"https:\/\/www.europesays.com\/fr\/458859\/","title":{"rendered":"Allison Balson (Nancy) raconte son audition hallucinante pour La Petite Maison dans la Prairie"},"content":{"rendered":"<p><strong>La huiti\u00e8me saison de La Petite Maison dans la prairie s\u2019est vu chambouler par l\u2019arriv\u00e9e d\u2019une autre peste en puissance dans la famille Oleson : Nancy. Arborant les m\u00eames traits que sa soeur Nellie, la jeune fille a \u00e9t\u00e9 adopt\u00e9e par Harriet lorsque cette derni\u00e8re a quitt\u00e9 le domicile familial. Camp\u00e9e par Allison Balson, ce personnage a marqu\u00e9 les esprits des fans de la s\u00e9rie. L\u2019actrice est r\u00e9cemment revenue sur son audition loufoque avec Michael Landon. <\/strong><\/p>\n<p>De jolis cheveux blonds boucl\u00e9s, une allure espi\u00e8gle et un temp\u00e9rament bien tremp\u00e9, <a href=\"https:\/\/www.serieously.com\/la-petite-maison-dans-la-prairie-a-quoi-ressemblait-la-vraie-nancy-oleson\/\" rel=\"nofollow noopener\" target=\"_blank\">Nancy Oleson <\/a>a tout <strong>du double mal\u00e9fique de Nellie Oleson.<\/strong> Introduite assez tardivement dans <a href=\"https:\/\/www.serieously.com\/series-tv-anime\/la-petite-maison-dans-la-prairie\/\" rel=\"nofollow noopener\" target=\"_blank\">La Petite Maison dans la prairie<\/a>, la jeune fille a tout de m\u00eame marqu\u00e9 la s\u00e9rie de Michael Landon et a su apporter son lot de rebondissements et d\u2019intrigues palpitantes. <\/p>\n<p>Nancy, un membre marquant de la famille Oleson dans La Petite Maison dans la prairie<\/p>\n<p><img fetchpriority=\"high\" decoding=\"async\" width=\"1024\" height=\"577\" src=\"https:\/\/www.europesays.com\/fr\/wp-content\/uploads\/2025\/10\/design-sans-titre-24-min-3-1024x577.jpg\" alt=\"La famille Oleson dans La Petite Maison dans la Prairie.\" class=\"wp-image-483051\"\/>\u00a9 NBC<\/p>\n<p>C\u2019est au tout d\u00e9but de la <strong>huiti\u00e8me saison de la s\u00e9rie que le couple Oleson d\u00e9cide d\u2019adopter une petite fille, afin de se consoler du d\u00e9part de leur a\u00een\u00e9e. <\/strong>Si Nancy rappelle beaucoup la petite Nellie \u00e0 Nels et Harriet, il s\u2019av\u00e8re qu\u2019elle a tout de la petite peste attitr\u00e9e de Walnut Grove ! Et pour cause, la m\u00e8re Oleson c\u00e8de \u00e0 tous les caprices de la petite derni\u00e8re, la rendant absolument insupportable aux yeux de tous. Il faut croire que Michael Landon a parfaitement bien men\u00e9 les tests d\u2019audition afin de porter son choix sur Allison Balson dans le r\u00f4le de Nancy. <\/p>\n<p>Allison Balson n\u2019avait que 11 ans lorsqu\u2019elle a auditionn\u00e9 pour son r\u00f4le dans la s\u00e9rie<\/p>\n<p><img loading=\"lazy\" decoding=\"async\" width=\"1024\" height=\"576\" src=\"https:\/\/www.europesays.com\/fr\/wp-content\/uploads\/2025\/10\/nancy-oleson-la-petite-maison-dans-la-prairie-1024x576.jpg\" alt=\"allison balson dans le r\u00f4le de nancy oleson dans la petite maison dans la prairie\" class=\"wp-image-534512\"\/>\u00a9 NBC<\/p>\n<p>Afin de retranscrire le caract\u00e8re temp\u00e9tueux et ent\u00eat\u00e9 de Nancy, il fallait une actrice qui soit en capacit\u00e9 de jouer les pestes.<a href=\"https:\/\/fwtx.com\/culture\/meet-may%E2%80%99s-fort-worthian-allison-balson\/\" target=\"_blank\" rel=\"noopener nofollow\"> Allison Balson est revenue sur son audition avec le r\u00e9alisateur de la s\u00e9rie pour le magazine Forth Worth<\/a> : <strong>\u00ab\u00a0Michael Landon m\u2019a regard\u00e9 en me disant : \u2018Allison, j\u2019ai besoin que tu me cries dessus. J\u2019ai besoin que tu me dises que tu me d\u00e9testes et que j\u2019y crois.\u00a0\u00bb <\/strong>Il faut croire que la jeune actrice a su convaincre l\u2019acteur, puisqu\u2019elle a \u00e9t\u00e9 choisi pour jouer Nancy, qu\u2019elle a camp\u00e9 de 1981 \u00e0 1983, jusqu\u2019\u00e0 la fin de la s\u00e9rie. <\/p>\n<p>\t\t\t<img decoding=\"async\" src=\"https:\/\/www.europesays.com\/fr\/wp-content\/uploads\/2025\/10\/1760324545_893_lea.jpg\" alt=\"Lea Goeb\" width=\"70\" height=\"70\" loading=\"lazy\"\/><\/p>\n<p class=\"m-user__name\">Lea Goeb<\/p>\n<p class=\"m-user__job\">Journaliste<\/p>\n<p class=\"m-user__description\">Journaliste chez Serieously depuis 2024, L\u00e9a Goeb a \u00e9t\u00e9 berc\u00e9e toute son enfance par les jeux vid\u00e9os, les anime et les films d\u2019horreur et de science-fiction, L\u00e9a se passionne \u00e0 \u00e9crire des articles sur ses sujets de pr\u00e9dilection : Zelda, Naruto et Matrix se pr\u00e9sentent comme sa Sainte Trinit\u00e9. Elle a eu la chance d\u2019interviewer des acteurs et r\u00e9alisateurs qu\u2019elle admire, comme Robert Eggers, Fede Alvarez ou encore Lily-Rose Depp.<\/p>\n<p>\n\t\t\t\t\t\t\t\t\t\t\t\t\t\t\tContacter<br \/>\n\t\t\t\t\t\tLea\n\t\t\t\t\t\t\t\t\t<\/p>\n<p>Lundi&rsquo;spensable<\/p>\n<p class=\"mt-4 mb-4 text-xl text-center\">Le meilleur de <\/p>\n<p> dans ta boite mail<\/p>\n","protected":false},"excerpt":{"rendered":"La huiti\u00e8me saison de La Petite Maison dans la prairie s\u2019est vu chambouler par l\u2019arriv\u00e9e d\u2019une autre peste&hellip;\n","protected":false},"author":2,"featured_media":458860,"comment_status":"","ping_status":"","sticky":false,"template":"","format":"standard","meta":{"footnotes":""},"categories":[9635],"tags":[1111,11,1777,674,1011,27,775,1702,12,25],"class_list":{"0":"post-458859","1":"post","2":"type-post","3":"status-publish","4":"format-standard","5":"has-post-thumbnail","7":"category-nancy","8":"tag-actu","9":"tag-actualites","10":"tag-eu","11":"tag-europe","12":"tag-fr","13":"tag-france","14":"tag-grand-est","15":"tag-nancy","16":"tag-news","17":"tag-republique-francaise"},"share_on_mastodon":{"url":"https:\/\/pubeurope.com\/@fr\/115364636673786733","error":""},"_links":{"self":[{"href":"https:\/\/www.europesays.com\/fr\/wp-json\/wp\/v2\/posts\/458859","targetHints":{"allow":["GET"]}}],"collection":[{"href":"https:\/\/www.europesays.com\/fr\/wp-json\/wp\/v2\/posts"}],"about":[{"href":"https:\/\/www.europesays.com\/fr\/wp-json\/wp\/v2\/types\/post"}],"author":[{"embeddable":true,"href":"https:\/\/www.europesays.com\/fr\/wp-json\/wp\/v2\/users\/2"}],"replies":[{"embeddable":true,"href":"https:\/\/www.europesays.com\/fr\/wp-json\/wp\/v2\/comments?post=458859"}],"version-history":[{"count":0,"href":"https:\/\/www.europesays.com\/fr\/wp-json\/wp\/v2\/posts\/458859\/revisions"}],"wp:featuredmedia":[{"embeddable":true,"href":"https:\/\/www.europesays.com\/fr\/wp-json\/wp\/v2\/media\/458860"}],"wp:attachment":[{"href":"https:\/\/www.europesays.com\/fr\/wp-json\/wp\/v2\/media?parent=458859"}],"wp:term":[{"taxonomy":"category","embeddable":true,"href":"https:\/\/www.europesays.com\/fr\/wp-json\/wp\/v2\/categories?post=458859"},{"taxonomy":"post_tag","embeddable":true,"href":"https:\/\/www.europesays.com\/fr\/wp-json\/wp\/v2\/tags?post=458859"}],"curies":[{"name":"wp","href":"https:\/\/api.w.org\/{rel}","templated":true}]}}