{"id":458867,"date":"2025-10-13T03:08:38","date_gmt":"2025-10-13T03:08:38","guid":{"rendered":"https:\/\/www.europesays.com\/fr\/458867\/"},"modified":"2025-10-13T03:08:38","modified_gmt":"2025-10-13T03:08:38","slug":"lus-alencon-realise-lexploit-et-elimine-le-fc-rouen-leader-de-national","status":"publish","type":"post","link":"https:\/\/www.europesays.com\/fr\/458867\/","title":{"rendered":"l\u2019US Alen\u00e7on r\u00e9alise l\u2019exploit et \u00e9limine le FC Rouen, leader de national"},"content":{"rendered":"<p>            Par<br \/>\n        <strong><br \/>\n            <a href=\"https:\/\/actu.fr\/auteur\/journaliste-oh\" title=\"Consulter tous les articles de R\u00e9daction Alen\u00e7on\" target=\"_blank\" rel=\"noopener\">R\u00e9daction Alen\u00e7on<\/a><br \/>\n        <\/strong><\/p>\n<p>        Publi\u00e9 le<\/p>\n<p>            11 oct. 2025 \u00e0 22h48        <\/p>\n<p>Face aux Verts, le <b>FC Rouen 1899<\/b> faisait office de mastodonte. Et pourtant, l\u2019<a href=\"https:\/\/actu.fr\/tag\/us-alencon\" target=\"_blank\" rel=\"noopener\">US Alen\u00e7on<\/a> l\u2019a fait en s\u2019imposant <b>1-0<\/b> ce samedi 11\u00a0octobre 2025.<\/p>\n<p class=\" wall-content\">La <a href=\"https:\/\/actu.fr\/normandie\/alencon_61001\/football-coupe-de-france-lus-alencon-cree-lexploit-contre-le-havre-et-poursuit-sa-route_54866657.html\" target=\"_blank\" rel=\"noopener\">victoire de 2022 face au\u00a0Havre<\/a> \u00e9tait dans toutes les t\u00eates au stade Jacques-Fould. Actuel<b> leader du National\u00a01<\/b>, cet autre voisin normand d\u00e9marre l\u2019exercice 2025-206 de la plus belle des mani\u00e8res. Ainsi, en 9\u00a0matches, ils ne comptent qu\u2019un seul revers et d\u00e9j\u00e0 20 points marqu\u00e9s.<\/p>\n<p class=\" wall-content\">Et, \u00e0 la baguette\u2009: <b>R\u00e9gis Brouard<\/b>. L\u2019entra\u00eeneur des Diables rouges, et l\u2019habituel chroniqueur de l\u2019\u00e9mission L\u2019\u00c9quipe du Soir, s\u2019est pr\u00e9sent\u00e9 avec un effectif remani\u00e9 et raison de nombreuses blessures et de la suspension de son capitaine Cl\u00e9ment Bassin.<\/p>\n<p class=\" wall-content\">Malgr\u00e9 les <b>deux divisions d\u2019\u00e9cart<\/b>, l\u2019entra\u00eeneur alen\u00e7onnais, Vincent Laigneau, a su exploiter les failles dans un match disput\u00e9 jusqu\u2019au bout, pour le plus grand bonheur d\u2019une <b>tribune pleine \u00e0 craquer.<\/b><\/p>\n<p>    <img   decoding=\"async\" loading=\"lazy\" class=\"size-large\" src=\"https:\/\/www.europesays.com\/fr\/wp-content\/uploads\/2025\/10\/9dff9776bae868100a776bae86500av-960x640.jpg\" alt=\"but c\u00e9l\u00e9bration US Alen\u00e7on\" width=\"960\" height=\"640\"\/><br \/>\n    Le num\u00e9ro\u00a08 Nohan Traor\u00e9 est l\u2019unique buteur du match. \u00a9L\u2019Orne hebdo\/ Marie AillerieVid\u00e9os : en ce moment sur Actu\u00c0 la pause, Alen\u00e7on tient le choc<\/p>\n<p class=\" wall-content\">Le premier d\u00e9fi des hommes de Laigneau \u00e9tait de ne <b>pas encaisser le premier but rapidement.<\/b> Mission accomplie avec succ\u00e8s. \u00e0 la pause, le score \u00e9tait encore <b>nul <\/b>et vierge.<\/p>\n<p class=\" wall-content\">Ba Sy s\u2019y \u00e9tait pourtant essay\u00e9 (15\u2032) laissant passer le premier frisson dans les trav\u00e9es du stade. L\u2019attaquant de l\u2019US Alen\u00e7on Elyass Dhoifirou obtient un <b>beau sauvetage sur la ligne<\/b> (18\u2032) et Rapha\u00ebl Gerbeaud loupe le cadre (23\u2032). Apr\u00e8s 49\u00a0minutes, l\u2019espoir \u00e9tait encore permis pour le capitaine Hakim El Hamdaoui et ses co\u00e9quipiers.<\/p>\n<p>Votre r\u00e9gion, votre actu !<\/p>\n<p>Recevez chaque jour les infos qui comptent pour vous.<\/p>\n<p>\t<a href=\"https:\/\/actu.fr\/newsletter\" class=\"ac-btn ac-btn--corner ac-btn--medium ac-btn--blue800\" target=\"_blank\" rel=\"noopener\">S&rsquo;incrire<\/a><\/p>\n<p>    <img   decoding=\"async\" loading=\"lazy\" class=\"size-large\" src=\"https:\/\/www.europesays.com\/fr\/wp-content\/uploads\/2025\/10\/1284e767bae862684e767bae80a84ev-960x640.jpg\" alt=\"FC Rouen US Alen\u00e7on\" width=\"960\" height=\"640\"\/><br \/>\n    \u00c0 la mi-temps, le score \u00e9tait toujours nul. \u00a9L\u2019Orne hebdo\/ Marie Aillerie<\/p>\n<p class=\" wall-content\">10\u00a0minutes de jeu apr\u00e8s la reprise, ce dernier a eu l\u2019opportunit\u00e9 d\u2019ouvrir la marque, mais son tir a \u00e9t\u00e9 repouss\u00e9 par Lucas Royes.<\/p>\n<p class=\" wall-content\">\u00c0 l\u2019heure de jeu, Rouen a cru marquer, un ballon finalement <b>sauv\u00e9 <\/b>par le portier Arthur Duval. Les Verts se pr\u00e9servent \u00e0 nouveau d\u2019\u00eatre men\u00e9s au score, \u00e0 la 65\u2032 gr\u00e2ce \u00e0 une position de <b>hors-jeu<\/b>.<\/p>\n<p class=\" wall-content\">Pr\u00eats \u00e0 r\u00e9pondre coups pour coups, les Alen\u00e7onnais ont, malgr\u00e9 tout, tent\u00e9. \u00c0 l\u2019image d\u2019Amaury Tessier et son <b>coup-franc<\/b> tir\u00e9 aux 20\u00a0m dans la lucarne (77\u2032), arr\u00eat\u00e9 par la parade de Royes main oppos\u00e9e pour sauver la baraque rouennaise.<\/p>\n<p>    <img   decoding=\"async\" loading=\"lazy\" class=\"size-large\" src=\"https:\/\/www.europesays.com\/fr\/wp-content\/uploads\/2025\/10\/67ec5847bae867bec5847bae86fec5v-960x640.jpg\" alt=\"US Alen\u00e7on FC Rouen\" width=\"960\" height=\"640\"\/><br \/>\n    Les Ornais passent au 6e tour de la Coupe de France. \u00a9L\u2019Orne hebdo\/ Marie AillerieUne victoire de derni\u00e8re minute<\/p>\n<p class=\" wall-content\">\u00c0 la 80\u2032, le tableau d\u2019affichage indiquait toujours 0-0. L\u2019espoir \u00e9tait encore de mise et les Diables rouges, eux, doutaient. La d\u00e9livrance a finalement lieu \u00e0 la 83\u2032. Hakim El Hamdaoui file au but, temporise et centre pour <b>Nohan Traor\u00e9 <\/b>qui termine le travail de la t\u00eate, au deuxi\u00e8me poteau (1-0, 83\u2032). Dans les 8\u00a0minutes de temps additionnel, les Rouennais ont tout donn\u00e9 pour accrocher les penalties. Mais rien n\u2019y fait.<\/p>\n<p class=\" wall-content\">\n<p class=\" wall-content\">L\u2019US Alen\u00e7on est au 6e tour de la Coupe de France. Le tirage au sort se tiendra <b>mercredi 15\u00a0octobre<\/b> \u00e0 19\u2009h.<\/p>\n<p>La feuille du match<\/p>\n<p>US Alen\u00e7on &#8211; FC Rouen : 1-0.<br \/>&#13;<br \/>\nArbitre : M. Ortiz.<br \/>&#13;<br \/>\nBut : US Alen\u00e7on, Nohan Traor\u00e9 (83&prime;).<br \/>&#13;<br \/>\nUS Alen\u00e7on :\u00a0Duval, Salibur, Dias Ferreira, El Hamdaoui K., Laigneau, Lepage, Truet, Toufiqui, Traor\u00e9, Beaulavon, Camillo, Dhoifirou (Bindika Ndalla, 65&prime;), El Hamdaoui H., Tessier, Santini. Entra\u00eeneur : Vincent Laigneau.<br \/>&#13;<br \/>\nFC Rouen 1899 : Royes, Mbock, Cartillier, Goprou, Mendy, Genton, Ba Sy (Ndek\u00e9, 70&prime;), Bezzekhami (El Egny, 80&prime;), Faye (Abi, 56&prime;), Fuss, Gerbeaud, Tour\u00e9, Temperton. Entra\u00eeneur : R\u00e9gis Brouard.<\/p>\n<p>Prochaine rencontre\u2009: National\u00a03, Cesson OC \u2013 US Alen\u00e7on, samedi 18\u00a0octobre, \u00e0 18\u2009h.<\/p>\n<p class=\" wall-content\">Personnalisez votre actualit\u00e9 en ajoutant vos villes et m\u00e9dias en favori avec <a href=\"https:\/\/moncompte.actu.fr\" title=\"D\u00e9couvez Mon Actu\" rel=\"nofollow noopener\" data-trk=\"{&quot;cta&quot;:{&quot;action&quot;:&quot;https:\\\/\\\/moncompte.actu.fr&quot;,&quot;category&quot;:&quot;mon compte&quot;,&quot;from&quot;:&quot;article footer&quot;,&quot;name&quot;:&quot;Mon actu&quot;,&quot;type&quot;:&quot;cta&quot;}}\" target=\"_blank\">Mon Actu<\/a>.<\/p>\n","protected":false},"excerpt":{"rendered":"Par R\u00e9daction Alen\u00e7on Publi\u00e9 le 11 oct. 2025 \u00e0 22h48 Face aux Verts, le FC Rouen 1899 faisait&hellip;\n","protected":false},"author":2,"featured_media":458868,"comment_status":"","ping_status":"","sticky":false,"template":"","format":"standard","meta":{"footnotes":""},"categories":[9587],"tags":[1111,11,15922,1777,674,12003,1011,27,12,5161,25,9590,60,57269],"class_list":{"0":"post-458867","1":"post","2":"type-post","3":"status-publish","4":"format-standard","5":"has-post-thumbnail","7":"category-rouen","8":"tag-actu","9":"tag-actualites","10":"tag-coupe-de-france-de-football","11":"tag-eu","12":"tag-europe","13":"tag-fc-rouen","14":"tag-fr","15":"tag-france","16":"tag-news","17":"tag-normandie","18":"tag-republique-francaise","19":"tag-rouen","20":"tag-sports","21":"tag-us-alencon"},"share_on_mastodon":{"url":"https:\/\/pubeurope.com\/@fr\/115364660257201484","error":""},"_links":{"self":[{"href":"https:\/\/www.europesays.com\/fr\/wp-json\/wp\/v2\/posts\/458867","targetHints":{"allow":["GET"]}}],"collection":[{"href":"https:\/\/www.europesays.com\/fr\/wp-json\/wp\/v2\/posts"}],"about":[{"href":"https:\/\/www.europesays.com\/fr\/wp-json\/wp\/v2\/types\/post"}],"author":[{"embeddable":true,"href":"https:\/\/www.europesays.com\/fr\/wp-json\/wp\/v2\/users\/2"}],"replies":[{"embeddable":true,"href":"https:\/\/www.europesays.com\/fr\/wp-json\/wp\/v2\/comments?post=458867"}],"version-history":[{"count":0,"href":"https:\/\/www.europesays.com\/fr\/wp-json\/wp\/v2\/posts\/458867\/revisions"}],"wp:featuredmedia":[{"embeddable":true,"href":"https:\/\/www.europesays.com\/fr\/wp-json\/wp\/v2\/media\/458868"}],"wp:attachment":[{"href":"https:\/\/www.europesays.com\/fr\/wp-json\/wp\/v2\/media?parent=458867"}],"wp:term":[{"taxonomy":"category","embeddable":true,"href":"https:\/\/www.europesays.com\/fr\/wp-json\/wp\/v2\/categories?post=458867"},{"taxonomy":"post_tag","embeddable":true,"href":"https:\/\/www.europesays.com\/fr\/wp-json\/wp\/v2\/tags?post=458867"}],"curies":[{"name":"wp","href":"https:\/\/api.w.org\/{rel}","templated":true}]}}