{"id":458869,"date":"2025-10-13T03:10:25","date_gmt":"2025-10-13T03:10:25","guid":{"rendered":"https:\/\/www.europesays.com\/fr\/458869\/"},"modified":"2025-10-13T03:10:25","modified_gmt":"2025-10-13T03:10:25","slug":"les-bons-plans-max-radio-du-13-10-au-19-10","status":"publish","type":"post","link":"https:\/\/www.europesays.com\/fr\/458869\/","title":{"rendered":"Les Bons Plans Max Radio du 13\/10 au 19\/10"},"content":{"rendered":"<p>Chaque semaine, retrouvez les meilleurs bons plans de Grenoble et Chamb\u00e9ry ! <br \/>Que vous soyez \u00e0 la recherche d&rsquo;activit\u00e9s, de sorties, d&rsquo;\u00e9v\u00e9nements ou de bonnes adresses, nous vous partageons tout ce qu&rsquo;il ne faut pas manquer.<\/p>\n<p>Les Bons Plans \u00e0 Grenoble :<\/p>\n<p> <b>Rendez-vous : \u00e0 partir du 11 octobre, au Mus\u00e9um de Grenoble.<\/b><\/p>\n<p>D\u00e9couvrez la nouvelle exposition du Mus\u00e9um ! Enqu\u00eate scientifique sur le ph\u00e9nom\u00e8ne de la neige rouge dans les Alpes.<br \/>Chaque ann\u00e9e, \u00e0 partir du mois d&rsquo;avril et jusqu&rsquo;en juillet, en certains lieux, les neiges fondantes se teintent de rouge&#8230;<\/p>\n<p>Dans les Alpes, entre 2 000 et 3 000 m\u00e8tres d&rsquo;altitude, se produit un ph\u00e9nom\u00e8ne \u00e9trange. Chaque ann\u00e9e, \u00e0 partir du mois d&rsquo;avril et jusqu&rsquo;en juillet, en certains lieux, les neiges fondantes se teintent de rouge. Comme parfois dans les oc\u00e9ans, il semble se produire des explosions de couleur et de vie : des blooms.<br \/>\u00c9v\u00e9nement m\u00e9t\u00e9orologique pas comme les autres, la neige \u00e9voque des souvenirs d&rsquo;enfance, l&rsquo;hiver et ses sports. Symbole des d\u00e9fis environnementaux actuels, elle t\u00e9moigne aussi de la vuln\u00e9rabilit\u00e9 de la montagne, mise \u00e0 l&rsquo;\u00e9preuve par les effets du changement climatique.<br \/>Explorons ensemble les multiples facettes de la neige, entre po\u00e9sie, science et questionnements \u00e9cologiques. <br \/>Co-produite par la Ville de Grenoble via son Mus\u00e9um, le CNRS, l&rsquo;Universit\u00e9 Grenoble Alpes (UGA) et M\u00e9t\u00e9o-France, l&rsquo;exposition \u00ab Rouge comme neige \u00bb valorise les travaux scientifiques du projet ALPALGA, autour de la vie microscopique qui peuple la neige aux hautes altitudes.<\/p>\n<p><a class=\"url\" href=\"https:\/\/www.grenoble-tourisme.com\/fr\/decouvrir\/evenements\/agenda\/detail\/rouge-comme-neige-exposition-scientifique-en-montagne-7541144\/\" target=\"_blank\" rel=\"nofollow noopener\">En savoir plus.<\/a><\/p>\n<tr>\n<td class=\"defaut\"><img loading=\"lazy\" decoding=\"async\" src=\"https:\/\/www.europesays.com\/fr\/wp-content\/uploads\/2025\/10\/1760325012_419_img\" width=\"590\" height=\"332\" border=\"0\" title=\"bvfhvz\"\/><\/td>\n<\/tr>\n<p> <b>Rendez-vous : le 13 octobre, \u00e0 partir de 18h30, au Stade des Alpes.<\/b><\/p>\n<p>Match de qualification UEFA EURO U21 _2027<\/p>\n<p>Demi-finalistes de l&rsquo;Euro 2025 en Slovaquie, l&rsquo;\u00e9quipe de France Espoirs tentera de se qualifier pour leur cinqui\u00e8me phase finale d&rsquo;un championnat d&rsquo;Europe de suite. Pour y parvenir, les Bleuets devront battre l&rsquo;Estonie au Stade des Alpes<br \/>L&rsquo;\u00e9quipe de France Espoir retrouvera le public grenoblois le 17 novembre pour un nouveau match de qualification pour l&rsquo;Euro 2027, contre les Iles F\u00e9ro\u00e9.<\/p>\n<p><a class=\"url\" href=\"https:\/\/www.grenoble-tourisme.com\/fr\/decouvrir\/evenements\/agenda\/detail\/france-estonie-qualification-euro-2027-espoirs-7540994\/\" target=\"_blank\" rel=\"nofollow noopener\">En savoir plus.<\/a><\/p>\n<tr>\n<td class=\"defaut\"><img loading=\"lazy\" decoding=\"async\" src=\"https:\/\/www.europesays.com\/fr\/wp-content\/uploads\/2025\/10\/1760325015_714_img\" width=\"600\" height=\"600\" border=\"0\" title=\"hbvzh\"\/><\/td>\n<\/tr>\n<p> <b>Rendez-vous : le 17 octobre, de 20h \u00e0 21h, \u00e0 la MC2 Maison de la Culture.<\/b><\/p>\n<p>Le collectif, fond\u00e9 autour de Mamani Ke\u00efta et Mariam Doumbia (Amadou &amp; Mariam), r\u00e9unit de nombreuses artistes venues de toute l&rsquo;Afrique et de la diaspora. Un concert puissant, engag\u00e9 et envo\u00fbtant, entre transe \u00e9lectro et h\u00e9ritage mandingue.<\/p>\n<p>Le nom de cet ensemble rend hommage aux g\u00e9n\u00e9rations de guerri\u00e8res courageuses et fi\u00e8res. Il \u00e9voque \u00e9galement le groupe f\u00e9minin avant-gardiste des ann\u00e9es soixante, Les Amazones de Guin\u00e9e. Des trois fondatrices de la formation, seule Mamani Ke\u00efta est encore pr\u00e9sente dans le groupe aujourd&rsquo;hui, aux c\u00f4t\u00e9s de Fafa Ruffino (B\u00e9nin) et d&rsquo;Adeola Soyemi (Nig\u00e9ria). Sa force cr\u00e9ative est demeur\u00e9e intacte apr\u00e8s dix ann\u00e9es de carri\u00e8re, reposant sur la fusion de talents et de g\u00e9n\u00e9rations. La musique du groupe se caract\u00e9rise par des harmonies \u00e0 la fois douces et puissantes, et par un m\u00e9lange de styles panafricains et de pop contemporaine. Les Amazones d&rsquo;Afrique sont activement engag\u00e9es dans la d\u00e9fense des droits des femmes et des jeunes filles ; elles luttent pour l&rsquo;\u00e9galit\u00e9 des sexes et l&rsquo;\u00e9radication des formes de violences ancestrales. Leur son n&rsquo;a cess\u00e9 d&rsquo;\u00e9voluer au fil des disques. Leur troisi\u00e8me album Musow Danse (2024) se nourrit du hip-hop, de la trap et de la musique \u00e9lectronique.<\/p>\n<p><a class=\"url\" href=\"https:\/\/www.grenoble-tourisme.com\/fr\/decouvrir\/evenements\/agenda\/detail\/les-amazones-dafrique-7420261\/\" target=\"_blank\" rel=\"nofollow noopener\">Je prends ma place !<\/a><\/p>\n<tr>\n<td class=\"defaut\"><a href=\"https:\/\/www.radioscoop.com\/agenda\/javascript:void(0)\" onclick=\"parent.RS.diaporama.addMedia(710836) ;\" rel=\"nofollow noopener\" target=\"_blank\"><img loading=\"lazy\" decoding=\"async\" src=\"https:\/\/www.europesays.com\/fr\/wp-content\/uploads\/2025\/10\/1760325018_270_img\" width=\"640\" height=\"481\" border=\"0\" title=\"vghj\"\/><\/a><\/td>\n<\/tr>\n<p> <b>Rendez-vous : le 17 et le 18 octobre, \u00e0 partir de 17h30 \u00e0 23h, au Summum.<\/b><\/p>\n<p>Pour la premi\u00e8re fois \u00e0 Grenoble, ALPEXPO organise un Oktoberfest au Summum : banquet bavarois, bi\u00e8re locale La Furieuse, fanfare live. <br \/>Soir\u00e9es festives vendredi et samedi r\u00e9servation en ligne.<\/p>\n<p>Au programme :<br \/>\u2022 Un banquet g\u00e9ant avec des plats bavarois revisit\u00e9s par le chef grenoblois Laurent Bouilloud (3 plats au choix)<br \/>\u2022 Une bi\u00e8re exclusive brass\u00e9e localement par La Furieuse<br \/>\u2022 Une ambiance musicale live avec la FANFARE EXPRESS<br \/>\u2022 Une atmosph\u00e8re conviviale et chaleureuse !<\/p>\n<p>\u00c0 noter dans vos agendas :<br \/>\u2022 Soir\u00e9es festives (+18 ans) : vendredi 17 et samedi 18 octobre de 17h30 \u00e0 23h<br \/>Tarif : 35\u20ac tout compris (repas, une boisson, animation, parking, etc.)<br \/>R\u00e9servation en ligne uniquement \u2013 tables de 4 ou 8 personnes (ou plus)<\/p>\n<p><a class=\"url\" href=\"https:\/\/www.grenoble-tourisme.com\/fr\/decouvrir\/evenements\/agenda\/detail\/oktoberfest-7529729\/\" target=\"_blank\" rel=\"nofollow noopener\">Je prends ma place !<\/a><\/p>\n<tr>\n<td class=\"defaut\"><a href=\"https:\/\/www.radioscoop.com\/agenda\/javascript:void(0)\" onclick=\"parent.RS.diaporama.addMedia(710837) ;\" rel=\"nofollow noopener\" target=\"_blank\"><img loading=\"lazy\" decoding=\"async\" src=\"https:\/\/www.europesays.com\/fr\/wp-content\/uploads\/2025\/10\/1760325021_300_img\" width=\"452\" height=\"640\" border=\"0\" title=\"gvhcgh\"\/><\/a><\/td>\n<\/tr>\n<p> <b>Rendez-vous : le 18 octobre, de 10h \u00e0 18h30, \u00e0 Casemate.<\/b><\/p>\n<p>Alpha Sport Event organise la 32? \u00e9dition des embl\u00e9matiques 10 km de la Bastille. 10km pour 450d+ \u00e0 faire seul ou en relais \u00e0 2.<br \/>D\u00e9part 18h30 , CASEMATE, place St Laurent<\/p>\n<p><a class=\"url\" href=\"https:\/\/www.grenoble-tourisme.com\/fr\/decouvrir\/evenements\/agenda\/detail\/marche-des-potiers-de-grenoble-7513344\/\" target=\"_blank\" rel=\"nofollow noopener\">Je prends ma place !<\/a><\/p>\n<tr>\n<td class=\"defaut\"><a href=\"https:\/\/www.radioscoop.com\/agenda\/javascript:void(0)\" onclick=\"parent.RS.diaporama.addMedia(710838) ;\" rel=\"nofollow noopener\" target=\"_blank\"><img loading=\"lazy\" decoding=\"async\" src=\"https:\/\/www.europesays.com\/fr\/wp-content\/uploads\/2025\/10\/1760325023_15_img\" width=\"640\" height=\"315\" border=\"0\" title=\"hvyvk\"\/><\/a><\/td>\n<\/tr>\n<p> <b>Rendez-vous : le 18 octobre, de 10h \u00e0 19h, \u00e0 L&rsquo;\u00e9l\u00e9f\u00e0n, La Correspondance &#8211; B\u00e2timent B.<\/b><\/p>\n<p>Les prochaines portes ouvertes de L&rsquo;\u00e9l\u00e8f\u00e0n seront les 11 octobre et 18 octobre ! Durant cette p\u00e9riode, tu pourras venir d\u00e9couvrir l&rsquo;\u00e9picerie, les b\u00e9n\u00e9voles, le projet et m\u00eame faire tes courses sans \u00eatre membre !<\/p>\n<p>Cr\u00e9\u00e9 en 2016, L&rsquo;\u00e9l\u00e8f\u00e0n est un supermarch\u00e9 participatif et associatif, g\u00e9r\u00e9 et gouvern\u00e9 par ses membres. Un projet \u00e9thique, qui permet de redonner du sens \u00e0 nos actes de consommation. C&rsquo;est un supermarch\u00e9 responsable, qui permet d&rsquo;accompagner la transition alimentaire sur le territoire m\u00e9tropolitain grenoblois.<\/p>\n<p>Les prochaines portes ouvertes de L&rsquo;\u00e9l\u00e8f\u00e0n seront les 11 octobre et 18 octobre ! Durant cette p\u00e9riode, tu pourras venir d\u00e9couvrir l&rsquo;\u00e9picerie, les b\u00e9n\u00e9voles, le projet et m\u00eame faire tes courses sans \u00eatre membre !<\/p>\n<p><a class=\"url\" href=\"https:\/\/www.grenoble-tourisme.com\/fr\/decouvrir\/evenements\/agenda\/detail\/les-portes-ouvertes-de-l-elefan-7547251\/\" target=\"_blank\" rel=\"nofollow noopener\">Je prends ma place !<\/a><\/p>\n<tr>\n<td class=\"defaut\"><a href=\"https:\/\/www.radioscoop.com\/agenda\/javascript:void(0)\" onclick=\"parent.RS.diaporama.addMedia(710839) ;\" rel=\"nofollow noopener\" target=\"_blank\"><img loading=\"lazy\" decoding=\"async\" src=\"https:\/\/www.europesays.com\/fr\/wp-content\/uploads\/2025\/10\/1760325025_112_img\" width=\"640\" height=\"426\" border=\"0\" title=\"gvhvjhhv\"\/><\/a><\/td>\n<\/tr>\n<p><\/p>\n","protected":false},"excerpt":{"rendered":"Chaque semaine, retrouvez les meilleurs bons plans de Grenoble et Chamb\u00e9ry ! Que vous soyez \u00e0 la recherche&hellip;\n","protected":false},"author":2,"featured_media":424763,"comment_status":"","ping_status":"","sticky":false,"template":"","format":"standard","meta":{"footnotes":""},"categories":[9566],"tags":[1111,11,2430,677,12362,1777,674,1011,27,2731,12,7518,25],"class_list":{"0":"post-458869","1":"post","2":"type-post","3":"status-publish","4":"format-standard","5":"has-post-thumbnail","7":"category-grenoble","8":"tag-actu","9":"tag-actualites","10":"tag-auvergne-rhone-alpes","11":"tag-bons-plans","12":"tag-chambry","13":"tag-eu","14":"tag-europe","15":"tag-fr","16":"tag-france","17":"tag-grenoble","18":"tag-news","19":"tag-octobre","20":"tag-republique-francaise"},"share_on_mastodon":{"url":"https:\/\/pubeurope.com\/@fr\/115364668026944249","error":""},"_links":{"self":[{"href":"https:\/\/www.europesays.com\/fr\/wp-json\/wp\/v2\/posts\/458869","targetHints":{"allow":["GET"]}}],"collection":[{"href":"https:\/\/www.europesays.com\/fr\/wp-json\/wp\/v2\/posts"}],"about":[{"href":"https:\/\/www.europesays.com\/fr\/wp-json\/wp\/v2\/types\/post"}],"author":[{"embeddable":true,"href":"https:\/\/www.europesays.com\/fr\/wp-json\/wp\/v2\/users\/2"}],"replies":[{"embeddable":true,"href":"https:\/\/www.europesays.com\/fr\/wp-json\/wp\/v2\/comments?post=458869"}],"version-history":[{"count":0,"href":"https:\/\/www.europesays.com\/fr\/wp-json\/wp\/v2\/posts\/458869\/revisions"}],"wp:featuredmedia":[{"embeddable":true,"href":"https:\/\/www.europesays.com\/fr\/wp-json\/wp\/v2\/media\/424763"}],"wp:attachment":[{"href":"https:\/\/www.europesays.com\/fr\/wp-json\/wp\/v2\/media?parent=458869"}],"wp:term":[{"taxonomy":"category","embeddable":true,"href":"https:\/\/www.europesays.com\/fr\/wp-json\/wp\/v2\/categories?post=458869"},{"taxonomy":"post_tag","embeddable":true,"href":"https:\/\/www.europesays.com\/fr\/wp-json\/wp\/v2\/tags?post=458869"}],"curies":[{"name":"wp","href":"https:\/\/api.w.org\/{rel}","templated":true}]}}