{"id":458877,"date":"2025-10-13T03:16:24","date_gmt":"2025-10-13T03:16:24","guid":{"rendered":"https:\/\/www.europesays.com\/fr\/458877\/"},"modified":"2025-10-13T03:16:24","modified_gmt":"2025-10-13T03:16:24","slug":"pres-de-nice-un-enseignant-decole-maternelle-accuse-dabus-sexuels-sur-deux-enfants-de-4-ans","status":"publish","type":"post","link":"https:\/\/www.europesays.com\/fr\/458877\/","title":{"rendered":"pr\u00e8s de Nice, un enseignant d&rsquo;\u00e9cole maternelle accus\u00e9 d&rsquo;abus sexuels sur deux enfants de 4 ans"},"content":{"rendered":"<p class=\"mb-4 text-lg md:leading-8 break-words\">C&rsquo;est un choc pour les habitants de Saint-Laurent-du-Var, pr\u00e8s de Nice. Le 1\u1d49\u02b3 octobre dernier, deux familles ont d\u00e9pos\u00e9 plainte contre un professeur d&rsquo;une \u00e9cole maternelle, soup\u00e7onn\u00e9 d'\u00a0\u00bbabus sexuel\u00a0\u00bb sur leurs deux gar\u00e7ons \u00e2g\u00e9s de quatre ans, a appris BFM Nice C\u00f4te d&rsquo;Azur, confirmant une information de Nice-Matin. Les deux enfants auraient subi des attouchements de la part de l&rsquo;enseignant. \u00ab\u00a0Ces d\u00e9p\u00f4ts de plainte n&rsquo;avaient \u00e9t\u00e9 pr\u00e9c\u00e9d\u00e9s d&rsquo;aucune alerte de la part des familles, et aucun \u00e9l\u00e9ment \u00e0 charge, n&rsquo;a \u00e0 ce stade, \u00e9t\u00e9 port\u00e9 \u00e0 la connaissance des services de l&rsquo;\u00c9ducation nationale\u00a0\u00bb, a pr\u00e9cis\u00e9 l&rsquo;acad\u00e9mie de Nice dans un communiqu\u00e9.<\/p>\n<p class=\"mb-4 text-lg md:leading-8 break-words\">Une enqu\u00eate a donc \u00e9t\u00e9 ouverte afin d&rsquo;en savoir plus sur les agissements du suspect, \u00e2g\u00e9 d&rsquo;une quarantaine d&rsquo;ann\u00e9es. Le 7 octobre dernier, le professeur, qui \u00e9tait en poste depuis cinq ans, a \u00e9t\u00e9 suspendu \u00e0 titre conservatoire par le rectorat, \u00ab\u00a0dans un souci de bon fonctionnement du service public et afin de permettre \u00e0 l&rsquo;enqu\u00eate de se d\u00e9rouler dans des conditions sereines\u00a0\u00bb, indique le communiqu\u00e9. \u00ab\u00a0Cette mesure administrative ne pr\u00e9juge en rien de la culpabilit\u00e9 de l&rsquo;int\u00e9ress\u00e9, qui demeure pr\u00e9sum\u00e9 innocent\u00a0\u00bb, pr\u00e9cise cependant l&rsquo;acad\u00e9mie de Nice.<\/p>\n<p class=\"mb-4 text-lg md:leading-8 break-words\">Les quatre parents et les deux enfants ont \u00e9t\u00e9 re\u00e7us ce vendredi 10 octobre en fin d&rsquo;apr\u00e8s-midi par le maire et l&rsquo;\u00e9lue \u00e0 l&rsquo;\u00e9ducation. Une cellule d&rsquo;\u00e9coute a \u00e9galement \u00e9t\u00e9 mise en place pour le personnel \u00e9ducatif de l&rsquo;\u00e9cole maternelle ainsi que les \u00e9l\u00e8ves. Interrog\u00e9e par Nice-Matin, la m\u00e8re de l&rsquo;une des victimes (&#8230;)<\/p>\n<p class=\"mb-4 text-lg md:leading-8 break-words\">(&#8230;) <a href=\"https:\/\/www.femmeactuelle.fr\/actu\/news-actu\/il-ne-faut-pas-le-dire-pres-de-nice-un-enseignant-d-ecole-maternelle-accuse-d-abus-sexuels-sur-deux-enfants-de-4-ans-2199559\" rel=\"nofollow noopener\" target=\"_blank\" data-ylk=\"slk:Cliquez ici pour voir la suite;elm:context_link;itc:0;sec:content-canvas\" class=\"link \">Cliquez ici pour voir la suite<\/a><\/p>\n<p class=\"mb-4 text-lg md:leading-8 break-words\"><a href=\"https:\/\/www.femmeactuelle.fr\/actu\/news-actu\/il-ne-faut-surtout-pas-dire-ca-le-pediatre-arnault-pfersdorff-devoile-ce-qu-il-ne-faut-pas-faire-avec-son-adolescent-2187755\" rel=\"nofollow noopener\" target=\"_blank\" data-ylk=\"slk:&quot;Il ne faut surtout pas dire \u00e7a&quot; : le p\u00e9diatre Arnault Pfersdorff d\u00e9voile ce qu&#039;il ne faut pas faire avec son adolescent;elm:context_link;itc:0;sec:content-canvas\" class=\"link \">\u00ab\u00a0Il ne faut surtout pas dire \u00e7a\u00a0\u00bb : le p\u00e9diatre Arnault Pfersdorff d\u00e9voile ce qu&rsquo;il ne faut pas faire avec son adolescent<\/a><br \/><a href=\"https:\/\/www.femmeactuelle.fr\/actu\/news-actu\/faut-il-ecrire-il-n-est-pas-pres-de-sarreter-ou-pas-pret-de-sarreter-2177021\" rel=\"nofollow noopener\" target=\"_blank\" data-ylk=\"slk:Faut-il \u00e9crire &quot;il n&#039;est pas pr\u00e8s de&quot; s\u2019arr\u00eater ou \u201cpas pr\u00eat de&quot; s\u2019arr\u00eater ?;elm:context_link;itc:0;sec:content-canvas\" class=\"link \">Faut-il \u00e9crire \u00ab\u00a0il n&rsquo;est pas pr\u00e8s de\u00a0\u00bb s\u2019arr\u00eater ou \u201cpas pr\u00eat de\u00a0\u00bb s\u2019arr\u00eater ?<\/a><br \/><a href=\"https:\/\/www.femmeactuelle.fr\/actu\/news-actu\/herault-une-assistante-d-ecole-maternelle-ecrouee-pour-viols-et-agressions-sexuelles-sur-neuf-enfants-2196514\" rel=\"nofollow noopener\" target=\"_blank\" data-ylk=\"slk:H\u00e9rault : une assistante d&#039;\u00e9cole maternelle \u00e9crou\u00e9e pour viols et agressions sexuelles sur neuf enfants;elm:context_link;itc:0;sec:content-canvas\" class=\"link \">H\u00e9rault : une assistante d&rsquo;\u00e9cole maternelle \u00e9crou\u00e9e pour viols et agressions sexuelles sur neuf enfants<\/a><br \/><a href=\"https:\/\/www.femmeactuelle.fr\/actu\/news-actu\/je-ne-peux-toujours-pas-le-dire-a-voix-haute-deux-ans-apres-le-meurtre-de-lola-12-ans-sa-mere-prend-la-parole-2184549\" rel=\"nofollow noopener\" target=\"_blank\" data-ylk=\"slk:&quot;Je ne peux toujours pas le dire \u00e0 voix haute&quot; : deux ans apr\u00e8s le meurtre de Lola, 12 ans, sa m\u00e8re prend la parole;elm:context_link;itc:0;sec:content-canvas\" class=\"link \">\u00ab\u00a0Je ne peux toujours pas le dire \u00e0 voix haute\u00a0\u00bb : deux ans apr\u00e8s le meurtre de Lola, 12 ans, sa m\u00e8re prend la parole<\/a><br \/><a href=\"https:\/\/www.femmeactuelle.fr\/actu\/news-actu\/a-trois-metres-pres-un-drame-evite-a-l-aeroport-de-nice-apres-que-deux-avions-se-sont-froles-2198675\" rel=\"nofollow noopener\" target=\"_blank\" data-ylk=\"slk:&quot;\u00c0 trois m\u00e8tres pr\u00e8s&quot; : un drame \u00e9vit\u00e9 \u00e0 l&#039;a\u00e9roport de Nice apr\u00e8s que deux avions se sont fr\u00f4l\u00e9s;elm:context_link;itc:0;sec:content-canvas\" class=\"link \">\u00ab\u00a0\u00c0 trois m\u00e8tres pr\u00e8s\u00a0\u00bb : un drame \u00e9vit\u00e9 \u00e0 l&rsquo;a\u00e9roport de Nice apr\u00e8s que deux avions se sont fr\u00f4l\u00e9s<\/a><\/p>\n","protected":false},"excerpt":{"rendered":"C&rsquo;est un choc pour les habitants de Saint-Laurent-du-Var, pr\u00e8s de Nice. Le 1\u1d49\u02b3 octobre dernier, deux familles ont&hellip;\n","protected":false},"author":2,"featured_media":458878,"comment_status":"","ping_status":"","sticky":false,"template":"","format":"standard","meta":{"footnotes":""},"categories":[2819],"tags":[1111,11,6688,1777,674,1011,27,12,2401,58390,882,25,3912],"class_list":{"0":"post-458877","1":"post","2":"type-post","3":"status-publish","4":"format-standard","5":"has-post-thumbnail","7":"category-nice","8":"tag-actu","9":"tag-actualites","10":"tag-ecole-maternelle","11":"tag-eu","12":"tag-europe","13":"tag-fr","14":"tag-france","15":"tag-news","16":"tag-nice","17":"tag-nice-matin","18":"tag-provence-alpes-cote-dazur","19":"tag-republique-francaise","20":"tag-saint-laurent-du-var"},"share_on_mastodon":{"url":"https:\/\/pubeurope.com\/@fr\/115364691196796077","error":""},"_links":{"self":[{"href":"https:\/\/www.europesays.com\/fr\/wp-json\/wp\/v2\/posts\/458877","targetHints":{"allow":["GET"]}}],"collection":[{"href":"https:\/\/www.europesays.com\/fr\/wp-json\/wp\/v2\/posts"}],"about":[{"href":"https:\/\/www.europesays.com\/fr\/wp-json\/wp\/v2\/types\/post"}],"author":[{"embeddable":true,"href":"https:\/\/www.europesays.com\/fr\/wp-json\/wp\/v2\/users\/2"}],"replies":[{"embeddable":true,"href":"https:\/\/www.europesays.com\/fr\/wp-json\/wp\/v2\/comments?post=458877"}],"version-history":[{"count":0,"href":"https:\/\/www.europesays.com\/fr\/wp-json\/wp\/v2\/posts\/458877\/revisions"}],"wp:featuredmedia":[{"embeddable":true,"href":"https:\/\/www.europesays.com\/fr\/wp-json\/wp\/v2\/media\/458878"}],"wp:attachment":[{"href":"https:\/\/www.europesays.com\/fr\/wp-json\/wp\/v2\/media?parent=458877"}],"wp:term":[{"taxonomy":"category","embeddable":true,"href":"https:\/\/www.europesays.com\/fr\/wp-json\/wp\/v2\/categories?post=458877"},{"taxonomy":"post_tag","embeddable":true,"href":"https:\/\/www.europesays.com\/fr\/wp-json\/wp\/v2\/tags?post=458877"}],"curies":[{"name":"wp","href":"https:\/\/api.w.org\/{rel}","templated":true}]}}