{"id":458879,"date":"2025-10-13T03:17:22","date_gmt":"2025-10-13T03:17:22","guid":{"rendered":"https:\/\/www.europesays.com\/fr\/458879\/"},"modified":"2025-10-13T03:17:22","modified_gmt":"2025-10-13T03:17:22","slug":"larrivee-du-tramway-nantais-racontee-dans-un-livre","status":"publish","type":"post","link":"https:\/\/www.europesays.com\/fr\/458879\/","title":{"rendered":"L\u2019arriv\u00e9e du tramway nantais racont\u00e9e dans un livre"},"content":{"rendered":"<p>Mari et femme, Annie Olivier et Jo\u00ebl Pitrel ont connu de pr\u00e8s l\u2019histoire de l\u2019installation du tramway et de la m\u00e9diath\u00e8que \u00e0 Nantes. Jo\u00ebl a \u00e9t\u00e9 directeur du d\u00e9veloppement pour de l\u2019exploitation de la Semitan de 1980 \u00e0 1991 et Annie a \u00e9t\u00e9 biblioth\u00e9caire de la Ville de Nantes de 1975 \u00e0 1985.<\/p>\n<p>Pas d\u2019inauguration officielle<\/p>\n<p>\u00a0Nous avons conserv\u00e9 nos archives personnelles de l\u2019\u00e9poque sur lesquelles nous nous sommes beaucoup appuy\u00e9s pour l\u2019\u00e9criture de cet ouvrage, explique Annie. Le livre est volontairement tr\u00e8s illustr\u00e9 pour s\u2019adresser \u00e0 un public large.\u00a0 Cet ouvrage veut avant tout mettre ces travaux en perspective dans l\u2019histoire nantaise.<\/p>\n<p>A LIRE AUSSI : <a href=\"https:\/\/nantes.maville.com\/actu\/actudet_-temoignage.-40-ans-du-tramway-a-nantes-une-naissance-au-forceps-_8-6623537_actu.Htm\" target=\"_blank\" rel=\"noopener\">T\u00c9MOIGNAGE. \u00ab Il y avait beaucoup de joie et de l\u2019inqui\u00e9tude \u00bb : la naissance du tramway \u00e0 Nantes<\/a><\/p>\n<p>\u00ab\u00a0Aujourd\u2019hui, personne n\u2019imagine la ville de Nantes sans son tramway ou la m\u00e9diath\u00e8que qui a pris le nom de Jacques Demy apr\u00e8s son ouverture. Mais \u00e0 l\u2019\u00e9poque, ces projets faisaient d\u00e9bat. Ils ont \u00e9t\u00e9 lanc\u00e9s en 1978 par Alain Ch\u00e9nard, maire de l\u2019\u00e9poque, avec deux\u00a0porteurs connus des Nantais, Luce Courville et Michel Bigey. Les \u00e9quipes techniques et municipales ont \u0153uvr\u00e9 ensemble pour en faire un succ\u00e8s. Mais, quand la mairie a chang\u00e9 de bord politique en 1983 avec l\u2019arriv\u00e9e de son successeur Michel Chauty, la volont\u00e9 n\u2019\u00e9tait plus du tout la m\u00eame. C\u2019est la raison pour laquelle ni le tramway ni la m\u00e9diath\u00e8que n\u2019ont \u00e9t\u00e9 inaugur\u00e9s officiellement et que les moyens ont \u00e9t\u00e9 imm\u00e9diatement r\u00e9duits drastiquement\u00a0\u00bb.<\/p>\n<p>Malgr\u00e9 cela, le succ\u00e8s des deux\u00a0projets aupr\u00e8s des Nantais a \u00e9t\u00e9 imm\u00e9diat avec notamment 5\u00a0000\u00a0personnes qui sont venues chercher leur carte \u00e0 la m\u00e9diath\u00e8que d\u00e8s le premier samedi. Une aventure \u00e0 revivre dans ce livre tr\u00e8s document\u00e9.<\/p>\n<p>1985 \u2013 Le tramway et la m\u00e9diath\u00e8que de Nantes\u00a0: d\u2019une naissance difficile \u00e0 une reconnaissance unanime. Hey production. Annie Olivier et Jo\u00ebl Pitrel. 120\u00a0pages illustr\u00e9es. 18\u00a0\u20ac.<\/p>\n<p>\u00a0<\/p>\n","protected":false},"excerpt":{"rendered":"Mari et femme, Annie Olivier et Jo\u00ebl Pitrel ont connu de pr\u00e8s l\u2019histoire de l\u2019installation du tramway et&hellip;\n","protected":false},"author":2,"featured_media":458880,"comment_status":"","ping_status":"","sticky":false,"template":"","format":"standard","meta":{"footnotes":""},"categories":[2818],"tags":[1111,11,9237,1777,674,1011,27,2003,4715,766,12,2636,15386,25,4109],"class_list":{"0":"post-458879","1":"post","2":"type-post","3":"status-publish","4":"format-standard","5":"has-post-thumbnail","7":"category-nantes","8":"tag-actu","9":"tag-actualites","10":"tag-arrivee","11":"tag-eu","12":"tag-europe","13":"tag-fr","14":"tag-france","15":"tag-livre","16":"tag-nantais","17":"tag-nantes","18":"tag-news","19":"tag-pays-de-la-loire","20":"tag-racontee","21":"tag-republique-francaise","22":"tag-tramway"},"share_on_mastodon":{"url":"https:\/\/pubeurope.com\/@fr\/115364694923559283","error":""},"_links":{"self":[{"href":"https:\/\/www.europesays.com\/fr\/wp-json\/wp\/v2\/posts\/458879","targetHints":{"allow":["GET"]}}],"collection":[{"href":"https:\/\/www.europesays.com\/fr\/wp-json\/wp\/v2\/posts"}],"about":[{"href":"https:\/\/www.europesays.com\/fr\/wp-json\/wp\/v2\/types\/post"}],"author":[{"embeddable":true,"href":"https:\/\/www.europesays.com\/fr\/wp-json\/wp\/v2\/users\/2"}],"replies":[{"embeddable":true,"href":"https:\/\/www.europesays.com\/fr\/wp-json\/wp\/v2\/comments?post=458879"}],"version-history":[{"count":0,"href":"https:\/\/www.europesays.com\/fr\/wp-json\/wp\/v2\/posts\/458879\/revisions"}],"wp:featuredmedia":[{"embeddable":true,"href":"https:\/\/www.europesays.com\/fr\/wp-json\/wp\/v2\/media\/458880"}],"wp:attachment":[{"href":"https:\/\/www.europesays.com\/fr\/wp-json\/wp\/v2\/media?parent=458879"}],"wp:term":[{"taxonomy":"category","embeddable":true,"href":"https:\/\/www.europesays.com\/fr\/wp-json\/wp\/v2\/categories?post=458879"},{"taxonomy":"post_tag","embeddable":true,"href":"https:\/\/www.europesays.com\/fr\/wp-json\/wp\/v2\/tags?post=458879"}],"curies":[{"name":"wp","href":"https:\/\/api.w.org\/{rel}","templated":true}]}}