{"id":458887,"date":"2025-10-13T03:22:17","date_gmt":"2025-10-13T03:22:17","guid":{"rendered":"https:\/\/www.europesays.com\/fr\/458887\/"},"modified":"2025-10-13T03:22:17","modified_gmt":"2025-10-13T03:22:17","slug":"ce-que-prevoit-meteo-france-a-toulouse-et-occitanie-ce-lundi","status":"publish","type":"post","link":"https:\/\/www.europesays.com\/fr\/458887\/","title":{"rendered":"ce que pr\u00e9voit M\u00e9t\u00e9o France \u00e0 Toulouse et Occitanie ce lundi"},"content":{"rendered":"<p>            Par<br \/>\n        <strong><br \/>\n            <a href=\"https:\/\/actu.fr\/auteur\/mareva-laville-actu-fr\" title=\"Consulter tous les articles de Mar\u00e9va Laville\" rel=\"nofollow noopener\" target=\"_blank\">Mar\u00e9va Laville<\/a><br \/>\n        <\/strong><\/p>\n<p>        Publi\u00e9 le<\/p>\n<p>            13 oct. 2025 \u00e0 5h02        <\/p>\n<p>Il ne fera pas aussi beau que ce week-end, mais la journ\u00e9e s\u2019annonce tout de m\u00eame belle \u00e0 <a href=\"http:\/\/www.actu.fr\/toulouse\" rel=\"nofollow noopener\" target=\"_blank\">Toulouse<\/a>.<\/p>\n<p class=\" wall-content\">Lundi 13\u00a0octobre 2025, la Ville rose d\u00e9marrera la semaine avec 13\u00b0C et jusqu\u2019\u00e0 19\u00b0C dans la matin\u00e9e. <strong>La maximale grimpera \u00e0 24\u00b0C<\/strong> dans l\u2019apr\u00e8s-midi, o\u00f9 comme le matin, le temps sera rythm\u00e9 par les <strong>\u00e9claircies<\/strong>. De quoi amplement nous laisser profiter du soleil.<\/p>\n<p>    <img   decoding=\"async\" loading=\"lazy\" src=\"https:\/\/www.europesays.com\/fr\/wp-content\/uploads\/2025\/10\/lundi13toulouse-960x545.png\" alt=\"Voici les pr\u00e9visions de M\u00e9t\u00e9o France \u00e0 Toulouse.\" width=\"960\" height=\"545\"\/><br \/>\n    Voici les pr\u00e9visions de M\u00e9t\u00e9o France \u00e0 Toulouse. (\u00a9Capture d\u2019\u00e9cran M\u00e9t\u00e9o France)Du soleil ou des nuages, selon les secteurs en Occitanie<\/p>\n<p class=\" wall-content\">En <a href=\"http:\/\/www.actu.fr\/occitanie\" rel=\"nofollow noopener\" target=\"_blank\">Occitanie<\/a>, la configuration est globalement identique \u00e0 celle de Toulouse. Bien qu\u2019un peu plus diverse. D\u00e8s le matin,<strong> le sud-est de la r\u00e9gion sera sous les nuages<\/strong> tandis qu\u2019<strong>\u00e0 l\u2019ouest, les \u00e9claircies<\/strong> dominent et sur toute la partie nord, on profite d\u2019un beau <strong>ciel bleu.<\/strong><\/p>\n<p class=\" wall-content\">Ce dernier campera dans le Lot, l\u2019Aveyron et la Loz\u00e8re dans l\u2019apr\u00e8s-midi o\u00f9<strong> jusqu\u2019\u00e0 25\u00b0C sont attendus \u00e0 Cahors.<\/strong> Ailleurs, on reste sur des \u00e9claircies mais des temp\u00e9ratures douces aussi, avec <strong>25\u00b0C \u00e0 Albi, 24\u00b0C \u00e0 Auch et Montauban, 23\u00b0C\u00a0Tarbes, Castres et N\u00eemes, et 22\u00b0C \u00e0 Saint-Gaudens<\/strong>. Le littoral gardera aussi ses nuages avec 22\u00b0C \u00e0 Montpellier et 20\u00b0C \u00e0 Perpignan.<\/p>\n<p>    <img   decoding=\"async\" loading=\"lazy\" src=\"https:\/\/www.europesays.com\/fr\/wp-content\/uploads\/2025\/10\/lundi13occitanie-960x640.png\" alt=\"Voici les pr\u00e9visions de M\u00e9t\u00e9o France en Occitanie.\" width=\"960\" height=\"640\"\/><br \/>\n    Voici les pr\u00e9visions de M\u00e9t\u00e9o France en Occitanie. (\u00a9Capture d\u2019\u00e9cran M\u00e9t\u00e9o France)<\/p>\n<p class=\" wall-content\">Personnalisez votre actualit\u00e9 en ajoutant vos villes et m\u00e9dias en favori avec <a href=\"https:\/\/moncompte.actu.fr\" title=\"D\u00e9couvez Mon Actu\" rel=\"nofollow noopener\" data-trk=\"{&quot;cta&quot;:{&quot;action&quot;:&quot;https:\\\/\\\/moncompte.actu.fr&quot;,&quot;category&quot;:&quot;mon compte&quot;,&quot;from&quot;:&quot;article footer&quot;,&quot;name&quot;:&quot;Mon actu&quot;,&quot;type&quot;:&quot;cta&quot;}}\" target=\"_blank\">Mon Actu<\/a>.<\/p>\n","protected":false},"excerpt":{"rendered":"Par Mar\u00e9va Laville Publi\u00e9 le 13 oct. 2025 \u00e0 5h02 Il ne fera pas aussi beau que ce&hellip;\n","protected":false},"author":2,"featured_media":458888,"comment_status":"","ping_status":"","sticky":false,"template":"","format":"standard","meta":{"footnotes":""},"categories":[2816],"tags":[1111,11,1777,674,1011,27,2487,12,2680,25,2312],"class_list":{"0":"post-458887","1":"post","2":"type-post","3":"status-publish","4":"format-standard","5":"has-post-thumbnail","7":"category-toulouse","8":"tag-actu","9":"tag-actualites","10":"tag-eu","11":"tag-europe","12":"tag-fr","13":"tag-france","14":"tag-meteo","15":"tag-news","16":"tag-occitanie","17":"tag-republique-francaise","18":"tag-toulouse"},"share_on_mastodon":{"url":"","error":""},"_links":{"self":[{"href":"https:\/\/www.europesays.com\/fr\/wp-json\/wp\/v2\/posts\/458887","targetHints":{"allow":["GET"]}}],"collection":[{"href":"https:\/\/www.europesays.com\/fr\/wp-json\/wp\/v2\/posts"}],"about":[{"href":"https:\/\/www.europesays.com\/fr\/wp-json\/wp\/v2\/types\/post"}],"author":[{"embeddable":true,"href":"https:\/\/www.europesays.com\/fr\/wp-json\/wp\/v2\/users\/2"}],"replies":[{"embeddable":true,"href":"https:\/\/www.europesays.com\/fr\/wp-json\/wp\/v2\/comments?post=458887"}],"version-history":[{"count":0,"href":"https:\/\/www.europesays.com\/fr\/wp-json\/wp\/v2\/posts\/458887\/revisions"}],"wp:featuredmedia":[{"embeddable":true,"href":"https:\/\/www.europesays.com\/fr\/wp-json\/wp\/v2\/media\/458888"}],"wp:attachment":[{"href":"https:\/\/www.europesays.com\/fr\/wp-json\/wp\/v2\/media?parent=458887"}],"wp:term":[{"taxonomy":"category","embeddable":true,"href":"https:\/\/www.europesays.com\/fr\/wp-json\/wp\/v2\/categories?post=458887"},{"taxonomy":"post_tag","embeddable":true,"href":"https:\/\/www.europesays.com\/fr\/wp-json\/wp\/v2\/tags?post=458887"}],"curies":[{"name":"wp","href":"https:\/\/api.w.org\/{rel}","templated":true}]}}