{"id":458889,"date":"2025-10-13T03:24:14","date_gmt":"2025-10-13T03:24:14","guid":{"rendered":"https:\/\/www.europesays.com\/fr\/458889\/"},"modified":"2025-10-13T03:24:14","modified_gmt":"2025-10-13T03:24:14","slug":"previsions-du-lundi-13-octobre-2025-16","status":"publish","type":"post","link":"https:\/\/www.europesays.com\/fr\/458889\/","title":{"rendered":"pr\u00e9visions du lundi 13 octobre 2025"},"content":{"rendered":"<p class=\"mb-4 text-lg md:leading-8 break-words\"><strong>M\u00e9t\u00e9o &#8211; Aujourd&rsquo;hui, on sera sous un ciel bien maussade, couvert de nuages. Du mauvais temps est \u00e0 pr\u00e9voir. Des pluies \u00e9parses vont tomber. Les temp\u00e9ratures seront de 15\u00b0C la matin\u00e9e et de 16\u00b0C l&rsquo;apr\u00e8s-midi&#8230;<\/strong><\/p>\n<p class=\"mb-4 text-lg md:leading-8 break-words\">Les nuages seront pr\u00e9sents aujourd&rsquo;hui \u00e0 Lille. Intemp\u00e9ries : on annonce des pluies \u00e9parses. Il fera 14\u00b0C en moyenne. Un vent de nord-est soufflera l\u00e9g\u00e8rement, avec 12 km\/h. Il va faire en moyenne 15\u00b0C, le matin. On observera la pr\u00e9sence persistante de nuages l&rsquo;apr\u00e8s-midi. Les valeurs s&rsquo;\u00e9chelonneront entre 16 et 17\u00b0C. On pr\u00e9voit des \u00e9claircies pour cette soir\u00e9e. Le mercure affichera 13\u00b0C en moyenne. Le ciel sera limpide dans la nuit de lundi \u00e0 mardi.<\/p>\n<p class=\"mb-4 text-lg md:leading-8 break-words\">Demain, des nuages feront leur apparition sur Lille. Le mercure va descendre de quelques degr\u00e9s. On anticipe des temp\u00e9ratures avoisinant 13\u00b0C. Un vent de nord-est rafra\u00eechira sensiblement l&rsquo;atmosph\u00e8re. Les valeurs tourneront autour des 13\u00b0C dans la matin\u00e9e. L&rsquo;apr\u00e8s-midi va rester gris \u00e0 cause de nuages qui se maintiennent dans le ciel. Des pluies \u00e9parses sont attendues. Les temp\u00e9ratures s&rsquo;\u00e9chelonneront de 14 \u00e0 16\u00b0C. Des \u00e9claircies appara\u00eetront dans la soir\u00e9e. Les temp\u00e9ratures seront de 11\u00b0C.<\/p>\n<p class=\"mb-4 text-lg md:leading-8 break-words\">Une am\u00e9lioration est pr\u00e9vue les jours suivants. Un ciel ensoleill\u00e9, avec des temp\u00e9ratures de 14\u00b0C environ, est attendu.<\/p>\n<p class=\"mb-4 text-lg md:leading-8 break-words\"><a href=\"https:\/\/www.20minutes.fr\/planete\/previsions-meteo\/4178790-20251013-meteo-lille-previsions-lundi-13-octobre-2025?at_medium=RSS%20feed&amp;at_campaign=ynews&amp;utm_source=yahoo&amp;utm_medium=rss&amp;utm_campaign=news_feed&amp;utm_content=read_more_link&quot;\" rel=\"nofollow noopener\" target=\"_blank\" data-ylk=\"slk:Lire la suite sur 20minutes;elm:context_link;itc:0;sec:content-canvas\" class=\"link \">Lire la suite sur 20minutes<\/a><\/p>\n","protected":false},"excerpt":{"rendered":"M\u00e9t\u00e9o &#8211; Aujourd&rsquo;hui, on sera sous un ciel bien maussade, couvert de nuages. Du mauvais temps est \u00e0&hellip;\n","protected":false},"author":2,"featured_media":458890,"comment_status":"","ping_status":"","sticky":false,"template":"","format":"standard","meta":{"footnotes":""},"categories":[2815],"tags":[1111,11,4512,1777,674,1011,27,811,51394,1307,2487,12,25],"class_list":{"0":"post-458889","1":"post","2":"type-post","3":"status-publish","4":"format-standard","5":"has-post-thumbnail","7":"category-lille","8":"tag-actu","9":"tag-actualites","10":"tag-ciel","11":"tag-eu","12":"tag-europe","13":"tag-fr","14":"tag-france","15":"tag-hauts-de-france","16":"tag-la-matinee","17":"tag-lille","18":"tag-meteo","19":"tag-news","20":"tag-republique-francaise"},"share_on_mastodon":{"url":"https:\/\/pubeurope.com\/@fr\/115364722399820629","error":""},"_links":{"self":[{"href":"https:\/\/www.europesays.com\/fr\/wp-json\/wp\/v2\/posts\/458889","targetHints":{"allow":["GET"]}}],"collection":[{"href":"https:\/\/www.europesays.com\/fr\/wp-json\/wp\/v2\/posts"}],"about":[{"href":"https:\/\/www.europesays.com\/fr\/wp-json\/wp\/v2\/types\/post"}],"author":[{"embeddable":true,"href":"https:\/\/www.europesays.com\/fr\/wp-json\/wp\/v2\/users\/2"}],"replies":[{"embeddable":true,"href":"https:\/\/www.europesays.com\/fr\/wp-json\/wp\/v2\/comments?post=458889"}],"version-history":[{"count":0,"href":"https:\/\/www.europesays.com\/fr\/wp-json\/wp\/v2\/posts\/458889\/revisions"}],"wp:featuredmedia":[{"embeddable":true,"href":"https:\/\/www.europesays.com\/fr\/wp-json\/wp\/v2\/media\/458890"}],"wp:attachment":[{"href":"https:\/\/www.europesays.com\/fr\/wp-json\/wp\/v2\/media?parent=458889"}],"wp:term":[{"taxonomy":"category","embeddable":true,"href":"https:\/\/www.europesays.com\/fr\/wp-json\/wp\/v2\/categories?post=458889"},{"taxonomy":"post_tag","embeddable":true,"href":"https:\/\/www.europesays.com\/fr\/wp-json\/wp\/v2\/tags?post=458889"}],"curies":[{"name":"wp","href":"https:\/\/api.w.org\/{rel}","templated":true}]}}