{"id":458896,"date":"2025-10-13T03:28:15","date_gmt":"2025-10-13T03:28:15","guid":{"rendered":"https:\/\/www.europesays.com\/fr\/458896\/"},"modified":"2025-10-13T03:28:15","modified_gmt":"2025-10-13T03:28:15","slug":"les-stars-brillent-au-festival-lumiere","status":"publish","type":"post","link":"https:\/\/www.europesays.com\/fr\/458896\/","title":{"rendered":"les stars brillent au festival Lumi\u00e8re"},"content":{"rendered":"<p>Avant ce samedi soir, il aurait \u00e9t\u00e9 difficile d\u2019imaginer Kad Merad tendre son micro \u00e0 Sean Penn pour le faire chanter sur \u00ab\u00a0Pas de boogie woogie\u00a0\u00bb d\u2019Eddy Mitchell. Et pourtant\u2026 C\u2019est d\u00e9sormais chose faite\u00a0! Ce 11\u00a0octobre 2025, de nombreuses c\u00e9l\u00e9brit\u00e9s se sont r\u00e9unies \u00e0 Lyon pour l\u2019ouverture du festival Lumi\u00e8re. Nadia\u00a0Tereszkiewicz a \u00e9bloui les photographes dans sa robe noire moulante. La jeune femme est d\u2019ailleurs attendue ce dimanche pour pr\u00e9senter son nouveau film \u00ab\u00a0Deux pianos\u00a0\u00bb aupr\u00e8s de <a href=\"https:\/\/www.parismatch.com\/bio\/francois-civil\" rel=\"nofollow noopener\" target=\"_blank\">Fran\u00e7ois Civil<\/a>.<\/p>\n<p>Manu Payet est arriv\u00e9 en solo, avant d\u2019\u00eatre rejoint par Kad Merad et Julia Vignali. Le couple a \u00e9t\u00e9 ovationn\u00e9 en entrant dans la salle de la Halle Tony-Garnier. <a href=\"https:\/\/www.parismatch.com\/bio\/thierry-fremaux\" rel=\"nofollow noopener\" target=\"_blank\">Thierry Fr\u00e9maux<\/a> a invit\u00e9 les convives \u00e0 lancer en fran\u00e7ais et en ch\u0153ur l\u2019ouverture du festival, suscitant la panique chez les Am\u00e9ricains Sean Penn et\u00a0Jeremy Allen White. La star de \u00ab\u00a0The Bear\u00a0\u00bb est \u00e0 Lyon pour pr\u00e9senter \u00ab\u00a0Springsteen\u00a0: Deliver Me from Nowhere\u00a0\u00bb aux c\u00f4t\u00e9s de Scott Cooper, le r\u00e9alisateur.<\/p>\n<p>    La suite apr\u00e8s cette publicit\u00e9<\/p>\n<p>Apr\u00e8s la projection de \u00ab\u00a0Vol au-dessus d\u2019un nid de coucou\u00a0\u00bb, les personnalit\u00e9s se sont retrouv\u00e9es autour d\u2019un d\u00eener. Tout semblait calme jusqu\u2019\u00e0 ce que Thierry Fr\u00e9maux ne lance les festivit\u00e9s. Kad Merad s\u2019est alors empar\u00e9 du micro, montant sur la table pour tenter de faire chanter Sean Penn. En vain, \u00e9videmment. <a href=\"https:\/\/www.parismatch.com\/bio\/gad-elmaleh\" rel=\"nofollow noopener\" target=\"_blank\">Gad Elmaleh<\/a>, install\u00e9 aupr\u00e8s d\u2019Elsa Zylberstein, et Franck Dubosc semblaient fascin\u00e9s par le spectacle.<\/p>\n<p>    La suite apr\u00e8s cette publicit\u00e9<\/p>\n<p>Valeria Golino, Costa-Gavras, Anne Le Ny, Jean-Michel Aulas, Dominique Blanc, Shu Qi,\u00a0\u00a0Lisa Azuelos et sa fille Tha\u00efs Alessandrin \u00e9taient de la partie.<\/p>\n","protected":false},"excerpt":{"rendered":"Avant ce samedi soir, il aurait \u00e9t\u00e9 difficile d\u2019imaginer Kad Merad tendre son micro \u00e0 Sean Penn pour&hellip;\n","protected":false},"author":2,"featured_media":458897,"comment_status":"","ping_status":"","sticky":false,"template":"","format":"standard","meta":{"footnotes":""},"categories":[1889],"tags":[1111,11,2430,1777,674,1011,27,2428,12,25],"class_list":{"0":"post-458896","1":"post","2":"type-post","3":"status-publish","4":"format-standard","5":"has-post-thumbnail","7":"category-lyon","8":"tag-actu","9":"tag-actualites","10":"tag-auvergne-rhone-alpes","11":"tag-eu","12":"tag-europe","13":"tag-fr","14":"tag-france","15":"tag-lyon","16":"tag-news","17":"tag-republique-francaise"},"share_on_mastodon":{"url":"https:\/\/pubeurope.com\/@fr\/115364738006022867","error":""},"_links":{"self":[{"href":"https:\/\/www.europesays.com\/fr\/wp-json\/wp\/v2\/posts\/458896","targetHints":{"allow":["GET"]}}],"collection":[{"href":"https:\/\/www.europesays.com\/fr\/wp-json\/wp\/v2\/posts"}],"about":[{"href":"https:\/\/www.europesays.com\/fr\/wp-json\/wp\/v2\/types\/post"}],"author":[{"embeddable":true,"href":"https:\/\/www.europesays.com\/fr\/wp-json\/wp\/v2\/users\/2"}],"replies":[{"embeddable":true,"href":"https:\/\/www.europesays.com\/fr\/wp-json\/wp\/v2\/comments?post=458896"}],"version-history":[{"count":0,"href":"https:\/\/www.europesays.com\/fr\/wp-json\/wp\/v2\/posts\/458896\/revisions"}],"wp:featuredmedia":[{"embeddable":true,"href":"https:\/\/www.europesays.com\/fr\/wp-json\/wp\/v2\/media\/458897"}],"wp:attachment":[{"href":"https:\/\/www.europesays.com\/fr\/wp-json\/wp\/v2\/media?parent=458896"}],"wp:term":[{"taxonomy":"category","embeddable":true,"href":"https:\/\/www.europesays.com\/fr\/wp-json\/wp\/v2\/categories?post=458896"},{"taxonomy":"post_tag","embeddable":true,"href":"https:\/\/www.europesays.com\/fr\/wp-json\/wp\/v2\/tags?post=458896"}],"curies":[{"name":"wp","href":"https:\/\/api.w.org\/{rel}","templated":true}]}}