{"id":458898,"date":"2025-10-13T03:30:12","date_gmt":"2025-10-13T03:30:12","guid":{"rendered":"https:\/\/www.europesays.com\/fr\/458898\/"},"modified":"2025-10-13T03:30:12","modified_gmt":"2025-10-13T03:30:12","slug":"pourquoi-les-portables-de-milliers-de-franciliens-vont-sonner-a-partir-de-ce-lundi","status":"publish","type":"post","link":"https:\/\/www.europesays.com\/fr\/458898\/","title":{"rendered":"Pourquoi les portables de milliers de Franciliens vont sonner \u00e0 partir de ce lundi"},"content":{"rendered":"<p class=\"paragraph text_align_left lp-f-body-02\">Votre portable pourrait bient\u00f4t retentir d\u2019une alerte inhabituelle. Du 13 au 17 octobre 2025, les habitants de plusieurs d\u00e9partements d\u2019\u00cele-de-France recevront une notification sonore dans le cadre de l\u2019<a href=\"https:\/\/www.leparisien.fr\/paris-75\/simulation-de-crue-geante-lile-de-france-se-prepare-au-scenario-catastrophe-02-10-2025-46AU42MRTNDODPW554AUVABLJI.php\" target=\"_blank\" rel=\"noreferrer nofollow noopener\">exercice HYDROS 25<\/a>, une simulation grandeur nature de crue majeure de la Seine.<\/p>\n<p class=\"paragraph text_align_left lp-f-body-02\">Le <a href=\"https:\/\/www.leparisien.fr\/paris-75\/alerte-extremement-grave-a-paris-au-coeur-de-la-cellule-de-crise-du-dispositif-fr-alert-23-04-2024-DLZ3FY7FD5GHBGMN4TVVVJAF6Q.php\" target=\"_blank\" rel=\"noreferrer nofollow noopener\">dispositif FR-Alert<\/a> sera test\u00e9 en conditions r\u00e9elles pour la premi\u00e8re fois dans la r\u00e9gion. Ce syst\u00e8me national d\u2019alerte permet de pr\u00e9venir instantan\u00e9ment toute personne d\u00e9tentrice d\u2019un t\u00e9l\u00e9phone portable de sa pr\u00e9sence dans une zone de danger. L\u2019outil envoie une notification sonore \u00e0 tous les appareils d\u2019un secteur d\u00e9termin\u00e9, y compris ceux en mode silencieux.<\/p>\n<p class=\"paragraph text_align_left lp-f-body-02\">L\u2019exercice HYDROS 25 simule une crue importante de la Seine, premier risque naturel majeur francilien. Les enjeux sont colossaux : en cas de crue centennale, plus de 630 000 personnes se trouveraient en <a href=\"https:\/\/www.leparisien.fr\/meteo\/inondations\/\" target=\"_blank\" rel=\"noreferrer nofollow noopener\">zone inondable<\/a> et pr\u00e8s d\u2019un million en zone de fragilit\u00e9. Ces derni\u00e8res subiraient coupures d\u2019\u00e9lectricit\u00e9, de chauffage urbain, d\u2019eau potable ou de t\u00e9l\u00e9communications.<\/p>\n<p>Cinq d\u00e9partements concern\u00e9s<\/p>\n<p class=\"paragraph text_align_left lp-f-body-02\">Cinq d\u00e9partements participent au test : la Seine-et-Marne le 13 octobre entre 10h30 et 12h30 \u00e0 La Fert\u00e9-Gaucher, l\u2019Essonne le 15 octobre entre 10 heures et 11 heures dans les communes d\u2019Athis-Mons, Juvisy-sur-Orge, Vigneux-sur-Seine et Viry-Ch\u00e2tillon. En Seine-Saint-Denis : Saint-Denis, Saint-Ouen, L\u2019\u00cele-Saint-Denis, Neuilly-sur-Marne, Gournay-sur-Marne et Noisy-le-Grand recevront l\u2019alerte retentira le 15 octobre entre 11h30 et midi. M\u00eame horaire pour le Val-de-Marne avec Alfortville, Ivry-sur-Seine, Nogent-sur-Marne, Saint-Maur-des-Foss\u00e9s, Joinville-le-Pont, Cr\u00e9teil et Orly. Paris teste le syst\u00e8me le 15 octobre entre 13 heures et 13h30 dans le quartier Beaugrenelle du XVe arrondissement.<\/p>\n<p class=\"paragraph text_align_left lp-f-body-02\">Le message d\u2019alerte pr\u00e9cisera qu\u2019il s\u2019agit d\u2019un test et qu\u2019aucune action n\u2019est requise. Les autorit\u00e9s demandent express\u00e9ment de ne pas contacter les forces de l\u2019ordre ni les services de secours, et de ne pas relayer de fausses informations sur les r\u00e9seaux sociaux.<\/p>\n<p class=\"paragraph text_align_left lp-f-body-02\">Ce test s\u2019inscrit dans un exercice plus large mobilisant plus de cent partenaires. L\u2019objectif : v\u00e9rifier la bonne articulation des outils d\u2019alerte \u00e0 l\u2019\u00e9chelle zonale et la capacit\u00e9 \u00e0 toucher rapidement les Franciliens expos\u00e9s. Avec le d\u00e9r\u00e8glement climatique, les \u00e9pisodes de crues pourraient devenir plus intenses et plus fr\u00e9quents, renfor\u00e7ant la n\u00e9cessit\u00e9 d\u2019une meilleure pr\u00e9paration collective.<\/p>\n<p class=\"paragraph text_align_left lp-f-body-02\">Aucune installation pr\u00e9alable n\u2019est n\u00e9cessaire pour recevoir le signal sonore. Selon la marque du t\u00e9l\u00e9phone, l\u2019op\u00e9rateur et la localisation, des d\u00e9lais de r\u00e9ception diff\u00e9rents peuvent \u00eatre constat\u00e9s. Les personnes situ\u00e9es dans les zones de test pourront r\u00e9pondre \u00e0 un questionnaire pour am\u00e9liorer le dispositif.<\/p>\n","protected":false},"excerpt":{"rendered":"Votre portable pourrait bient\u00f4t retentir d\u2019une alerte inhabituelle. Du 13 au 17 octobre 2025, les habitants de plusieurs&hellip;\n","protected":false},"author":2,"featured_media":458899,"comment_status":"","ping_status":"","sticky":false,"template":"","format":"standard","meta":{"footnotes":""},"categories":[1592],"tags":[1111,11,1777,674,1011,27,662,1944,12,626,25],"class_list":{"0":"post-458898","1":"post","2":"type-post","3":"status-publish","4":"format-standard","5":"has-post-thumbnail","7":"category-ile-de-france","8":"tag-actu","9":"tag-actualites","10":"tag-eu","11":"tag-europe","12":"tag-fr","13":"tag-france","14":"tag-ile-de-france","15":"tag-ma-ville","16":"tag-news","17":"tag-paris","18":"tag-republique-francaise"},"share_on_mastodon":{"url":"https:\/\/pubeurope.com\/@fr\/115364745939063441","error":""},"_links":{"self":[{"href":"https:\/\/www.europesays.com\/fr\/wp-json\/wp\/v2\/posts\/458898","targetHints":{"allow":["GET"]}}],"collection":[{"href":"https:\/\/www.europesays.com\/fr\/wp-json\/wp\/v2\/posts"}],"about":[{"href":"https:\/\/www.europesays.com\/fr\/wp-json\/wp\/v2\/types\/post"}],"author":[{"embeddable":true,"href":"https:\/\/www.europesays.com\/fr\/wp-json\/wp\/v2\/users\/2"}],"replies":[{"embeddable":true,"href":"https:\/\/www.europesays.com\/fr\/wp-json\/wp\/v2\/comments?post=458898"}],"version-history":[{"count":0,"href":"https:\/\/www.europesays.com\/fr\/wp-json\/wp\/v2\/posts\/458898\/revisions"}],"wp:featuredmedia":[{"embeddable":true,"href":"https:\/\/www.europesays.com\/fr\/wp-json\/wp\/v2\/media\/458899"}],"wp:attachment":[{"href":"https:\/\/www.europesays.com\/fr\/wp-json\/wp\/v2\/media?parent=458898"}],"wp:term":[{"taxonomy":"category","embeddable":true,"href":"https:\/\/www.europesays.com\/fr\/wp-json\/wp\/v2\/categories?post=458898"},{"taxonomy":"post_tag","embeddable":true,"href":"https:\/\/www.europesays.com\/fr\/wp-json\/wp\/v2\/tags?post=458898"}],"curies":[{"name":"wp","href":"https:\/\/api.w.org\/{rel}","templated":true}]}}