{"id":458900,"date":"2025-10-13T03:31:11","date_gmt":"2025-10-13T03:31:11","guid":{"rendered":"https:\/\/www.europesays.com\/fr\/458900\/"},"modified":"2025-10-13T03:31:11","modified_gmt":"2025-10-13T03:31:11","slug":"la-cuisine-chinoise-authentique-sinstalle-enfin-a-paris","status":"publish","type":"post","link":"https:\/\/www.europesays.com\/fr\/458900\/","title":{"rendered":"La cuisine chinoise authentique s\u2019installe enfin \u00e0 Paris"},"content":{"rendered":"\n<p>Le grand quotidien de\u202flangue anglaise de\u202fHong Kong est depuis 2016 la\u202fpropri\u00e9t\u00e9 d\u2019Alibaba,\u00a0 g\u00e9ant chinois du commerce \u00e9lectronique. Cette acquisition a suscit\u00e9 de fortes craintes que la libert\u00e9 de ton et la qualit\u00e9 journalistique de ce journal s\u2019\u00e9rode, voire disparaisse. Quoi qu\u2019il en soit, le\u00a0SCMP,\u00a0rest\u00e9 en situation de monopole sur le march\u00e9 des quotidiens de langue anglaise dans l\u2019ex-colonie britannique, demeure indispensable \u00e0 qui veut suivre la Chine. Le quotidien assure un suivi factuel de l\u2019actualit\u00e9 chinoise et hongkongaise tr\u00e8s complet. Les pages magazine fournissent parfois de bons reportages sur les pays voisins.<\/p>\n<p>Auparavant, un glissement \u00e9ditorial notable avait d\u00e9j\u00e0 pu \u00eatre observ\u00e9 sous la houlette de Robert Kuok, homme d\u2019affaires sino-malaisien proche de P\u00e9kin devenu actionnaire principal en\u00a01993.<\/p>\n<p>Jadis journal de r\u00e9f\u00e9rence des \u00ab\u00a0China watchers\u00a0\u00bb, le journal s\u2019\u00e9tait graduellement d\u00e9barrass\u00e9, apr\u00e8s l\u2019arriv\u00e9e de Robert Kuok,\u00a0d\u2019un certain nombre de journalistes, il avait \u00e9dulcor\u00e9 ses pages d\u2019opinion et s\u2019\u00e9tait mis \u00e0 se fonder de plus en plus sur des d\u00e9p\u00eaches d\u2019agence pour traiter des informations ne montrant pas P\u00e9kin sous son meilleur jour.<\/p>\n<p>Apr\u00e8s l\u2019\u00e9viction de Willy Wo-lap Lam, responsable des pages Chine, en 2000, dont les analyses de la politique p\u00e9kinoise \u00e9taient jug\u00e9es trop ind\u00e9pendantes, ce fut en 2002\u00a0le tour du chef de son bureau p\u00e9kinois, Jasper Becker, d\u2019\u00eatre licenci\u00e9. Les pages \u00e9ditoriales, o\u00f9 les figures de la politique hongkongaise avaient pour habitude d\u2019\u00e9changer les opinions les plus diverses, devenaient\u00a0d\u00e9cevantes.<\/p>\n","protected":false},"excerpt":{"rendered":"Le grand quotidien de\u202flangue anglaise de\u202fHong Kong est depuis 2016 la\u202fpropri\u00e9t\u00e9 d\u2019Alibaba,\u00a0 g\u00e9ant chinois du commerce \u00e9lectronique. Cette&hellip;\n","protected":false},"author":2,"featured_media":458901,"comment_status":"","ping_status":"","sticky":false,"template":"","format":"standard","meta":{"footnotes":""},"categories":[1888],"tags":[1111,1928,11,1927,6060,309,1777,674,1011,27,1661,3821,12,1926,626,1925,25],"class_list":{"0":"post-458900","1":"post","2":"type-post","3":"status-publish","4":"format-standard","5":"has-post-thumbnail","7":"category-paris","8":"tag-actu","9":"tag-actu-paris","10":"tag-actualites","11":"tag-actualites-paris","12":"tag-asie","13":"tag-chine","14":"tag-eu","15":"tag-europe","16":"tag-fr","17":"tag-france","18":"tag-gastronomie","19":"tag-la-france-vue-de-lu2019u00e9tranger","20":"tag-news","21":"tag-news-paris","22":"tag-paris","23":"tag-paris-news","24":"tag-republique-francaise"},"share_on_mastodon":{"url":"https:\/\/pubeurope.com\/@fr\/115364749903839797","error":""},"_links":{"self":[{"href":"https:\/\/www.europesays.com\/fr\/wp-json\/wp\/v2\/posts\/458900","targetHints":{"allow":["GET"]}}],"collection":[{"href":"https:\/\/www.europesays.com\/fr\/wp-json\/wp\/v2\/posts"}],"about":[{"href":"https:\/\/www.europesays.com\/fr\/wp-json\/wp\/v2\/types\/post"}],"author":[{"embeddable":true,"href":"https:\/\/www.europesays.com\/fr\/wp-json\/wp\/v2\/users\/2"}],"replies":[{"embeddable":true,"href":"https:\/\/www.europesays.com\/fr\/wp-json\/wp\/v2\/comments?post=458900"}],"version-history":[{"count":0,"href":"https:\/\/www.europesays.com\/fr\/wp-json\/wp\/v2\/posts\/458900\/revisions"}],"wp:featuredmedia":[{"embeddable":true,"href":"https:\/\/www.europesays.com\/fr\/wp-json\/wp\/v2\/media\/458901"}],"wp:attachment":[{"href":"https:\/\/www.europesays.com\/fr\/wp-json\/wp\/v2\/media?parent=458900"}],"wp:term":[{"taxonomy":"category","embeddable":true,"href":"https:\/\/www.europesays.com\/fr\/wp-json\/wp\/v2\/categories?post=458900"},{"taxonomy":"post_tag","embeddable":true,"href":"https:\/\/www.europesays.com\/fr\/wp-json\/wp\/v2\/tags?post=458900"}],"curies":[{"name":"wp","href":"https:\/\/api.w.org\/{rel}","templated":true}]}}