{"id":458921,"date":"2025-10-13T03:42:10","date_gmt":"2025-10-13T03:42:10","guid":{"rendered":"https:\/\/www.europesays.com\/fr\/458921\/"},"modified":"2025-10-13T03:42:10","modified_gmt":"2025-10-13T03:42:10","slug":"donald-trump-estime-que-la-guerre-est-terminee-israel-dans-lattente-de-la-liberation-des-otages","status":"publish","type":"post","link":"https:\/\/www.europesays.com\/fr\/458921\/","title":{"rendered":"Donald Trump estime que \u00ab\u00a0la guerre est termin\u00e9e\u00a0\u00bb\u00a0; Isra\u00ebl dans l\u2019attente de la lib\u00e9ration des otages"},"content":{"rendered":"<p>   Donald Trump va recevoir la m\u00e9daille du pr\u00e9sident isra\u00e9lien, plus haute d\u00e9coration civile dans l\u2019Etat h\u00e9breu             <\/p>\n<p class=\"post__live-container--answer-text post__space-node\">Le pr\u00e9sident isra\u00e9lien, Isaac Herzog, veut d\u00e9cerner \u00e0 son homologue am\u00e9ricain, Donald Trump, la plus haute d\u00e9coration civile de son pays en remerciement pour sa contribution \u00e0 la lib\u00e9ration des otages retenus \u00e0 Gaza, selon un communiqu\u00e9 officiel publi\u00e9 lundi.<\/p>\n<p class=\"post__live-container--answer-text post__space-node\">M.\u00a0Trump doit atterrir lundi matin \u00e0 Tel-Aviv et prononcer un discours \u00e0 la Knesset, le parlement isra\u00e9lien, \u00e0 J\u00e9rusalem, en fin de matin\u00e9e. Sa visite co\u00efncide avec le retour attendu de tous les otages vivants encore d\u00e9tenu \u00e0 Gaza dans le cadre du cessez-le-feu entre Isra\u00ebl et le Hamas qu\u2019il a lui-m\u00eame parrain\u00e9.<\/p>\n<p class=\"post__live-container--answer-text post__space-node\">Le pr\u00e9sident isra\u00e9lien compte informer le locataire de la Maison Blanche, lundi, \u00ab\u00a0de sa d\u00e9cision de lui attribuer la m\u00e9daille du pr\u00e9sident isra\u00e9lien en reconnaissance de ses efforts pour ramener les otages chez eux\u00a0\u00bb, annonce un communiqu\u00e9 de la pr\u00e9sidence, pr\u00e9cisant que la d\u00e9coration serait remise par M.\u00a0Herzog \u00e0 M.\u00a0Trump \u00ab\u00a0dans les mois \u00e0 venir, \u00e0 une date et en un lieu qui restent \u00e0 d\u00e9terminer\u00a0\u00bb.<\/p>\n<p class=\"post__live-container--answer-text post__space-node\">\u00ab\u00a0Gr\u00e2ce \u00e0 ses efforts inlassables, le pr\u00e9sident Trump a non seulement aid\u00e9 \u00e0 ramener nos proches chez eux, mais a \u00e9galement jet\u00e9 les bases d\u2019une nouvelle \u00e8re au Moyen-Orient fond\u00e9e sur la s\u00e9curit\u00e9, la coop\u00e9ration et le v\u00e9ritable espoir d\u2019un avenir pacifique\u00a0\u00bb, a d\u00e9clar\u00e9 M.\u00a0Herzog.<\/p>\n<p class=\"post__live-container--answer-text post__space-node\">Le pr\u00e9sident isra\u00e9lien a \u00e9galement port\u00e9 au cr\u00e9dit de l\u2019h\u00f4te de la Maison Blanche \u00ab\u00a0son soutien ind\u00e9fectible \u00e0 l\u2019Etat d\u2019Isra\u00ebl\u00a0\u00bb, son parrainage des accords d\u2019Abraham ayant permis une normalisation entre l\u2019Etat h\u00e9breu et trois pays arabes (Bahre\u00efn, Emirats arabes unis, Maroc) ou encore les bombardements am\u00e9ricains sur les centres n\u00e9vralgiques du programme nucl\u00e9aire iranien en juin.<\/p>\n<p class=\"post__live-container--answer-text post__space-node\">La m\u00e9daille du pr\u00e9sident isra\u00e9lien est accord\u00e9e \u00e0 des individus ou des organisations qui ont apport\u00e9 une contribution exceptionnelle \u00e0 l\u2019Etat d\u2019Isra\u00ebl ou \u00e0 l\u2019humanit\u00e9 par leur talent ou leurs services.<\/p>\n<p class=\"post__live-container--answer-text post__space-node\">Barack Obama a \u00e9t\u00e9 le premier pr\u00e9sident am\u00e9ricain en exercice \u00e0 la recevoir, en\u00a02013, des mains du pr\u00e9sident isra\u00e9lien Shimon Peres.<\/p>\n","protected":false},"excerpt":{"rendered":"Donald Trump va recevoir la m\u00e9daille du pr\u00e9sident isra\u00e9lien, plus haute d\u00e9coration civile dans l\u2019Etat h\u00e9breu Le pr\u00e9sident&hellip;\n","protected":false},"author":2,"featured_media":458922,"comment_status":"","ping_status":"","sticky":false,"template":"","format":"standard","meta":{"footnotes":""},"categories":[2],"tags":[11,1011,27,12,25],"class_list":{"0":"post-458921","1":"post","2":"type-post","3":"status-publish","4":"format-standard","5":"has-post-thumbnail","7":"category-actualites","8":"tag-actualites","9":"tag-fr","10":"tag-france","11":"tag-news","12":"tag-republique-francaise"},"share_on_mastodon":{"url":"https:\/\/pubeurope.com\/@fr\/115364793240878836","error":""},"_links":{"self":[{"href":"https:\/\/www.europesays.com\/fr\/wp-json\/wp\/v2\/posts\/458921","targetHints":{"allow":["GET"]}}],"collection":[{"href":"https:\/\/www.europesays.com\/fr\/wp-json\/wp\/v2\/posts"}],"about":[{"href":"https:\/\/www.europesays.com\/fr\/wp-json\/wp\/v2\/types\/post"}],"author":[{"embeddable":true,"href":"https:\/\/www.europesays.com\/fr\/wp-json\/wp\/v2\/users\/2"}],"replies":[{"embeddable":true,"href":"https:\/\/www.europesays.com\/fr\/wp-json\/wp\/v2\/comments?post=458921"}],"version-history":[{"count":0,"href":"https:\/\/www.europesays.com\/fr\/wp-json\/wp\/v2\/posts\/458921\/revisions"}],"wp:featuredmedia":[{"embeddable":true,"href":"https:\/\/www.europesays.com\/fr\/wp-json\/wp\/v2\/media\/458922"}],"wp:attachment":[{"href":"https:\/\/www.europesays.com\/fr\/wp-json\/wp\/v2\/media?parent=458921"}],"wp:term":[{"taxonomy":"category","embeddable":true,"href":"https:\/\/www.europesays.com\/fr\/wp-json\/wp\/v2\/categories?post=458921"},{"taxonomy":"post_tag","embeddable":true,"href":"https:\/\/www.europesays.com\/fr\/wp-json\/wp\/v2\/tags?post=458921"}],"curies":[{"name":"wp","href":"https:\/\/api.w.org\/{rel}","templated":true}]}}