{"id":458925,"date":"2025-10-13T03:44:11","date_gmt":"2025-10-13T03:44:11","guid":{"rendered":"https:\/\/www.europesays.com\/fr\/458925\/"},"modified":"2025-10-13T03:44:11","modified_gmt":"2025-10-13T03:44:11","slug":"carcassonne-remise-de-cheque-du-lions-clubs-de-france","status":"publish","type":"post","link":"https:\/\/www.europesays.com\/fr\/458925\/","title":{"rendered":"Carcassonne. Remise de ch\u00e8que du Lions Clubs de France"},"content":{"rendered":"<p>Le 7 octobre, c\u2019est \u00e0 l\u2019occasion d\u2019une rencontre conviviale au si\u00e8ge du club que le bureau du Lions Carcassonne Doyens a accueilli Marianne Taillandier, pr\u00e9sidente de l\u2019association \u00ab\u00a0Alzheimer, un autre regard\u00a0\u00bb, afin de lui remettre un ch\u00e8que de 668 euros. Ce don a pour objectif de soutenir les actions men\u00e9es par cette association, notamment les ateliers intitul\u00e9s \u00ab\u00a0Une autre approche de la maladie d\u2019Alzheimer dans le respect de l\u2019humain\u00a0\u00bb.<\/p>\n<p>Ces ateliers visent \u00e0 informer, accompagner et sensibiliser les aidants, malades et soignants \u00e0 une vision plus humaine et bienveillante de la maladie. La rencontre s\u2019est conclue dans une ambiance chaleureuse autour du traditionnel verre de l\u2019amiti\u00e9, marquant l\u2019engagement commun des deux associations en faveur de causes solidaires et humaines.<\/p>\n","protected":false},"excerpt":{"rendered":"Le 7 octobre, c\u2019est \u00e0 l\u2019occasion d\u2019une rencontre conviviale au si\u00e8ge du club que le bureau du Lions&hellip;\n","protected":false},"author":2,"featured_media":458926,"comment_status":"","ping_status":"","sticky":false,"template":"","format":"standard","meta":{"footnotes":""},"categories":[4],"tags":[11,1011,27,12,25],"class_list":{"0":"post-458925","1":"post","2":"type-post","3":"status-publish","4":"format-standard","5":"has-post-thumbnail","7":"category-france","8":"tag-actualites","9":"tag-fr","10":"tag-france","11":"tag-news","12":"tag-republique-francaise"},"share_on_mastodon":{"url":"https:\/\/pubeurope.com\/@fr\/115364801013173162","error":""},"_links":{"self":[{"href":"https:\/\/www.europesays.com\/fr\/wp-json\/wp\/v2\/posts\/458925","targetHints":{"allow":["GET"]}}],"collection":[{"href":"https:\/\/www.europesays.com\/fr\/wp-json\/wp\/v2\/posts"}],"about":[{"href":"https:\/\/www.europesays.com\/fr\/wp-json\/wp\/v2\/types\/post"}],"author":[{"embeddable":true,"href":"https:\/\/www.europesays.com\/fr\/wp-json\/wp\/v2\/users\/2"}],"replies":[{"embeddable":true,"href":"https:\/\/www.europesays.com\/fr\/wp-json\/wp\/v2\/comments?post=458925"}],"version-history":[{"count":0,"href":"https:\/\/www.europesays.com\/fr\/wp-json\/wp\/v2\/posts\/458925\/revisions"}],"wp:featuredmedia":[{"embeddable":true,"href":"https:\/\/www.europesays.com\/fr\/wp-json\/wp\/v2\/media\/458926"}],"wp:attachment":[{"href":"https:\/\/www.europesays.com\/fr\/wp-json\/wp\/v2\/media?parent=458925"}],"wp:term":[{"taxonomy":"category","embeddable":true,"href":"https:\/\/www.europesays.com\/fr\/wp-json\/wp\/v2\/categories?post=458925"},{"taxonomy":"post_tag","embeddable":true,"href":"https:\/\/www.europesays.com\/fr\/wp-json\/wp\/v2\/tags?post=458925"}],"curies":[{"name":"wp","href":"https:\/\/api.w.org\/{rel}","templated":true}]}}